{"id":298324,"date":"2025-08-05T15:08:18","date_gmt":"2025-08-05T15:08:18","guid":{"rendered":"https:\/\/www.europesays.com\/fr\/298324\/"},"modified":"2025-08-05T15:08:18","modified_gmt":"2025-08-05T15:08:18","slug":"il-se-jette-dans-le-drac-pour-echapper-a-la-police","status":"publish","type":"post","link":"https:\/\/www.europesays.com\/fr\/298324\/","title":{"rendered":"il se jette dans le Drac pour \u00e9chapper \u00e0 la police"},"content":{"rendered":"<p itemprop=\"description\"><strong>Dans la nuit de lundi \u00e0 mardi, une course-poursuite \u00e0 pied a eu lieu dans les rues de Fontaine.<\/strong><\/p>\n<p>Apr\u00e8s un refus d&rsquo;obtemp\u00e9rer alors qu&rsquo;il conduisait une voiture vol\u00e9e, un jeune homme tentait de fuir la police \u00e0 pied. Et arriv\u00e9 devant le Drac, il a pr\u00e9f\u00e9r\u00e9 se jeter dans la rivi\u00e8re plut\u00f4t que d&rsquo;\u00eatre interpell\u00e9.<\/p>\n<p>L&rsquo;individu a ensuite \u00e9t\u00e9 emport\u00e9 par les flots, laissant craindre le pire. Il a finalement \u00e9t\u00e9 retrouv\u00e9 un kilom\u00e8tre plus loin vers 5h du matin, alors qu&rsquo;il avait r\u00e9ussi tant bien que mal \u00e0 se hisser sur une berge.<\/p>\n<p>Arr\u00eat\u00e9, il a \u00e9t\u00e9 d&rsquo;abord conduit \u00e0 l&rsquo;h\u00f4pital car il \u00e9tait l\u00e9g\u00e8rement bless\u00e9. Il sera ensuite plac\u00e9 en garde \u00e0 vue. Son passager, qui a aussi pris la fuite \u00e0 pied mais ne s&rsquo;est pas jet\u00e9 dans le Drac, est activement recherch\u00e9.<\/p>\n","protected":false},"excerpt":{"rendered":"Dans la nuit de lundi \u00e0 mardi, une course-poursuite \u00e0 pied a eu lieu dans les rues de&hellip;\n","protected":false},"author":2,"featured_media":298325,"comment_status":"","ping_status":"","sticky":false,"template":"","format":"standard","meta":{"footnotes":""},"categories":[9566],"tags":[1111,11,7733,8279,2430,7736,650,7734,2889,2263,1777,674,1011,27,2731,8280,6417,1114,108,4662,12,3725,1825,25,7737],"class_list":{"0":"post-298324","1":"post","2":"type-post","3":"status-publish","4":"format-standard","5":"has-post-thumbnail","7":"category-grenoble","8":"tag-actu","9":"tag-actualites","10":"tag-alpes","11":"tag-alpes1","12":"tag-auvergne-rhone-alpes","13":"tag-cds","14":"tag-cinema","15":"tag-ecoute","16":"tag-emission","17":"tag-equipe","18":"tag-eu","19":"tag-europe","20":"tag-fr","21":"tag-france","22":"tag-grenoble","23":"tag-haute","24":"tag-information","25":"tag-infos","26":"tag-isere","27":"tag-journal","28":"tag-news","29":"tag-podcast","30":"tag-radio","31":"tag-republique-francaise","32":"tag-winamp"},"share_on_mastodon":{"url":"https:\/\/pubeurope.com\/@fr\/114976791163478215","error":""},"_links":{"self":[{"href":"https:\/\/www.europesays.com\/fr\/wp-json\/wp\/v2\/posts\/298324","targetHints":{"allow":["GET"]}}],"collection":[{"href":"https:\/\/www.europesays.com\/fr\/wp-json\/wp\/v2\/posts"}],"about":[{"href":"https:\/\/www.europesays.com\/fr\/wp-json\/wp\/v2\/types\/post"}],"author":[{"embeddable":true,"href":"https:\/\/www.europesays.com\/fr\/wp-json\/wp\/v2\/users\/2"}],"replies":[{"embeddable":true,"href":"https:\/\/www.europesays.com\/fr\/wp-json\/wp\/v2\/comments?post=298324"}],"version-history":[{"count":0,"href":"https:\/\/www.europesays.com\/fr\/wp-json\/wp\/v2\/posts\/298324\/revisions"}],"wp:featuredmedia":[{"embeddable":true,"href":"https:\/\/www.europesays.com\/fr\/wp-json\/wp\/v2\/media\/298325"}],"wp:attachment":[{"href":"https:\/\/www.europesays.com\/fr\/wp-json\/wp\/v2\/media?parent=298324"}],"wp:term":[{"taxonomy":"category","embeddable":true,"href":"https:\/\/www.europesays.com\/fr\/wp-json\/wp\/v2\/categories?post=298324"},{"taxonomy":"post_tag","embeddable":true,"href":"https:\/\/www.europesays.com\/fr\/wp-json\/wp\/v2\/tags?post=298324"}],"curies":[{"name":"wp","href":"https:\/\/api.w.org\/{rel}","templated":true}]}}