{"id":298330,"date":"2025-08-05T15:11:11","date_gmt":"2025-08-05T15:11:11","guid":{"rendered":"https:\/\/www.europesays.com\/fr\/298330\/"},"modified":"2025-08-05T15:11:11","modified_gmt":"2025-08-05T15:11:11","slug":"strasbourg-ou-regarder-lemission-drag-race-voici-quatre-adresses-qui-organisent-des-projections","status":"publish","type":"post","link":"https:\/\/www.europesays.com\/fr\/298330\/","title":{"rendered":"Strasbourg. O\u00f9 regarder l\u2019\u00e9mission \u201cDrag Race\u201d\u00a0? Voici quatre adresses qui organisent des\u00a0projections"},"content":{"rendered":"<p>\u00ab\u00a0\u00cates-vous pr\u00eats pour une soir\u00e9e l\u00e9-gen-daire\u00a0?\u00a0\u00bb s\u2019exclame la drag-queen Double Queer en reprenant l\u2019expression phare de Nicky Doll, la pr\u00e9sentatrice de l\u2019\u00e9mission \u201cDrag Race France\u201d. Chaque jeudi, un nouvel \u00e9pisode de <a href=\"https:\/\/www.dna.fr\/culture-loisirs\/2023\/10\/05\/les-onze-reines-du-drag-francais-electrisent-le-public-alsacien\" target=\"_blank\" rel=\"noopener\">la quatri\u00e8me \u00e9dition de cette comp\u00e9tition entre drag-queens<\/a> est diffus\u00e9 sur France TV\u2026 et dans plusieurs bars strasbourgeois. L\u2019id\u00e9e\u00a0? Profiter du spectacle \u00e0 plusieurs, dans la bonne humeur et les paillettes.<\/p>\n<p>Ce jeudi 31\u00a0juillet, je me trouve dans le caveau du Petit Tigre, au 5, rue du Faubourg-National, pour participer \u00e0 la viewing party \u00a0du quatri\u00e8me \u00e9pisode. D\u00e8s l\u2019ouverture de la salle, \u00e0 20\u00a0h, les tables se remplissent. Un \u00e9cran a \u00e9t\u00e9 install\u00e9 pour l\u2019occasion. Mais avant de lancer l\u2019\u00e9pisode, les trois drag-queens organisatrices de l\u2019\u00e9v\u00e9nement nous proposent un show de lip-sync (performance dans\u00e9e en faisant du playback).<\/p>\n<p>Apr\u00e8s avoir demand\u00e9 quelles \u00e9taient les candidates favorites de la salle et tent\u00e9 quelques pronostics, les animatrices lancent l\u2019\u00e9pisode.\u00a0Applaudissements, cris d\u2019approbation et encouragements, les spectateurs profitent du spectacle comme s\u2019ils y \u00e9taient. Tout en d\u00e9gustant une tarte flamb\u00e9e, une bi\u00e8re ou un mocktail. L\u2019\u00e9pisode s\u2019ach\u00e8ve avec le d\u00e9part d\u2019une des candidates. Onomatop\u00e9es outr\u00e9es de la part de certains, soulagement chez les autres\u00a0: chacun d\u00e9fend bec et ongles sa queen pr\u00e9f\u00e9r\u00e9e.<\/p>\n<p>Pour conclure la soir\u00e9e, les trois pr\u00e9sentatrices lancent une sc\u00e8ne ouverte et invitent les spectateurs t\u00e9m\u00e9raires \u00e0 performer sur une chanson de leur choix. De quoi commencer une carri\u00e8re\u2026 jusqu\u2019aux \u00e9toiles de \u201cDrag Race\u201d\u00a0?<\/p>\n<p>La comp\u00e9tition se poursuivit jusqu\u2019au 22\u00a0ao\u00fbt. Plusieurs autres bars strasbourgeois proposent des projections hebdomadaires.<\/p>\n<p>  Le Petit Tigre<\/p>\n<p>Apr\u00e8s avoir accueilli des drags shows et des bingos, le Petit Tigre propose dans son caveau des projections de \u201cDrag Race\u201d anim\u00e9es par des membres de la Gender collision. Show et sc\u00e8ne ouverte compl\u00e8tent la soir\u00e9e.<\/p>\n<p class=\"note\">5, rue du Faubourg-National<\/p>\n<p>  \u00c0 l\u2019Or\u00e9e 85<\/p>\n<p>Le resto-bar install\u00e9 sur une \u00e9cluse, au bord du canal du Rh\u00f4ne au Rhin, invite \u00e9galement les Strasbourgeois \u00e0 assister tous les jeudis \u00e0 une soir\u00e9e de diffusion haute en couleur et pleine de strass. Bonne ambiance garantie dans cet ancien QG des spectacles de drags des Kings d\u2019Or\u00e9e.<\/p>\n<p class=\"note\">32, impasse de l\u2019\u00c9cluse<\/p>\n<p>  Au Caf\u00e9 Grognon<\/p>\n<p>Pour la prochaine adresse, direction la Meinau. Le Caf\u00e9 Grognon, qui accueille de nombreux shows drag tout au long de l\u2019ann\u00e9e, projette tous les jeudis l\u2019\u00e9pisode de la semaine. Comme au Tigre, une sc\u00e8ne ouverte invite les volontaires \u00e0 performer en amont ou en aval de la projection.<\/p>\n<p class=\"note\">2, avenue L\u00e9on-Dacheux<\/p>\n<p>  Hey Mama du Graffalgar<\/p>\n<p>Si vous avez rat\u00e9 le dernier \u00e9pisode, pas de panique\u00a0: Hey Mama , le resto du Graffalgar situ\u00e9 pr\u00e8s de la gare propose ses diffusions le vendredi soir. <a href=\"https:\/\/www.dna.fr\/societe\/2022\/10\/21\/drag-queens-de-l-ombre-a-la-lumiere\" target=\"_blank\" rel=\"noopener\">La drag-queen Rose Tental<\/a> invite chaque semaine un ou une drag pour animer avec elle la soir\u00e9e.<\/p>\n<p class=\"note\">8 Pt, rue de la Course<\/p>\n","protected":false},"excerpt":{"rendered":"\u00ab\u00a0\u00cates-vous pr\u00eats pour une soir\u00e9e l\u00e9-gen-daire\u00a0?\u00a0\u00bb s\u2019exclame la drag-queen Double Queer en reprenant l\u2019expression phare de Nicky Doll,&hellip;\n","protected":false},"author":2,"featured_media":298331,"comment_status":"","ping_status":"","sticky":false,"template":"","format":"standard","meta":{"footnotes":""},"categories":[2820],"tags":[1111,11,1687,2880,1777,674,107,1011,27,775,12,4043,25,104,953,3140,640,2879,2205],"class_list":{"0":"post-298330","1":"post","2":"type-post","3":"status-publish","4":"format-standard","5":"has-post-thumbnail","7":"category-strasbourg","8":"tag-actu","9":"tag-actualites","10":"tag-culture-loisirs","11":"tag-edition-strasbourg","12":"tag-eu","13":"tag-europe","14":"tag-fil-info","15":"tag-fr","16":"tag-france","17":"tag-grand-est","18":"tag-news","19":"tag-repas-et-the-dansant","20":"tag-republique-francaise","21":"tag-societe","22":"tag-soiree","23":"tag-spectacle","24":"tag-strasbourg","25":"tag-strasbourg-ville","26":"tag-television-medias"},"share_on_mastodon":{"url":"https:\/\/pubeurope.com\/@fr\/114976803094614471","error":""},"_links":{"self":[{"href":"https:\/\/www.europesays.com\/fr\/wp-json\/wp\/v2\/posts\/298330","targetHints":{"allow":["GET"]}}],"collection":[{"href":"https:\/\/www.europesays.com\/fr\/wp-json\/wp\/v2\/posts"}],"about":[{"href":"https:\/\/www.europesays.com\/fr\/wp-json\/wp\/v2\/types\/post"}],"author":[{"embeddable":true,"href":"https:\/\/www.europesays.com\/fr\/wp-json\/wp\/v2\/users\/2"}],"replies":[{"embeddable":true,"href":"https:\/\/www.europesays.com\/fr\/wp-json\/wp\/v2\/comments?post=298330"}],"version-history":[{"count":0,"href":"https:\/\/www.europesays.com\/fr\/wp-json\/wp\/v2\/posts\/298330\/revisions"}],"wp:featuredmedia":[{"embeddable":true,"href":"https:\/\/www.europesays.com\/fr\/wp-json\/wp\/v2\/media\/298331"}],"wp:attachment":[{"href":"https:\/\/www.europesays.com\/fr\/wp-json\/wp\/v2\/media?parent=298330"}],"wp:term":[{"taxonomy":"category","embeddable":true,"href":"https:\/\/www.europesays.com\/fr\/wp-json\/wp\/v2\/categories?post=298330"},{"taxonomy":"post_tag","embeddable":true,"href":"https:\/\/www.europesays.com\/fr\/wp-json\/wp\/v2\/tags?post=298330"}],"curies":[{"name":"wp","href":"https:\/\/api.w.org\/{rel}","templated":true}]}}