{"id":298334,"date":"2025-08-05T15:13:11","date_gmt":"2025-08-05T15:13:11","guid":{"rendered":"https:\/\/www.europesays.com\/fr\/298334\/"},"modified":"2025-08-05T15:13:11","modified_gmt":"2025-08-05T15:13:11","slug":"nice-le-torchon-brule-entre-christian-estrosi-et-le-prefet-sur-ce-projet-a-240-millions-deuros","status":"publish","type":"post","link":"https:\/\/www.europesays.com\/fr\/298334\/","title":{"rendered":"Nice. Le torchon br\u00fble entre Christian Estrosi et le pr\u00e9fet sur ce projet \u00e0 240 millions d&rsquo;euros"},"content":{"rendered":"<p>            Par<br \/>\n        <strong><br \/>\n            <a href=\"https:\/\/actu.fr\/auteur\/ugo-maillard\" title=\"Consulter tous les articles de Ugo Maillard\" target=\"_blank\" rel=\"noopener\">Ugo Maillard<\/a><br \/>\n        <\/strong><\/p>\n<p>        Publi\u00e9 le<\/p>\n<p>            5 ao\u00fbt 2025 \u00e0 16h42        <\/p>\n<p>\u00c0 qui la faute\u2009? Dans les prochains mois, un<strong> immense h\u00f4tel de police<\/strong> va sortir de terre dans le centre-ville de Nice (<a href=\"https:\/\/actu.fr\/provence-alpes-cote-d-azur\/alpes-maritimes_06\" target=\"_blank\" rel=\"noopener\">Alpes-Maritimes<\/a>). Un projet \u00e9voqu\u00e9 depuis des ann\u00e9es qui doit grandement am\u00e9liorer les conditions de travail des forces de l\u2019ordre o\u00f9 seront notamment r\u00e9unis les effectifs des polices nationale municipale. La date de livraison \u00e9tait initialement fix\u00e9e \u00e0 la fin d\u2019ann\u00e9e 2025. Lors d\u2019une visite de chantier men\u00e9e par le maire <a href=\"https:\/\/www.google.com\/search?client=safari&amp;rls=en&amp;q=actu.fr+christian+estrosi&amp;ie=UTF-8&amp;oe=UTF-8\" target=\"_blank\" rel=\"noopener\">Christian Estrosi<\/a>, en ce mois d\u2019ao\u00fbt, une annonce est venue<strong> bousculer le calendrier<\/strong>.<\/p>\n<p class=\" wall-content\">L\u2019h\u00f4tel des polices de Nice sera pr\u00eat \u00e0 accueillir les fonctionnaires de police au mois d\u2019octobre\u00a02026, soit avec 10\u00a0mois de retard.<\/p>\n<p class=\" wall-content\">Depuis cette information, une bataille s\u2019est engag\u00e9e entre la mairie de <a href=\"https:\/\/actu.fr\/nice\/\" target=\"_blank\" rel=\"noopener\">Nice<\/a> et la pr\u00e9fecture des Alpes-Maritimes quant \u00e0 la responsabilit\u00e9 du retard.<\/p>\n<p>Un projet \u00e0 243\u00a0millions d\u2019euros<\/p>\n<p class=\" wall-content\">Le projet titanesque de nouveau commissariat de police est chiffr\u00e9 \u00e0 243\u00a0millions d\u2019euros, dont <strong>173,5\u00a0millions pay\u00e9s par l\u2019\u00c9tat<\/strong>.<\/p>\n<p class=\" wall-content\">Aujourd\u2019hui, pr\u00e8s de 400 ouvriers travaillent sur le chantier de cet h\u00f4tel de police situ\u00e9 au niveau de la rue de l\u2019h\u00f4tel des Postes, au c\u0153ur de Nice.<\/p>\n<p>    <a href=\"https:\/\/www.google.com\/maps\/embed?pb=!1m18!1m12!1m3!1d1442.179996472353!2d7.272617156568042!3d43.70306728179599!2m3!1f0!2f0!3f0!3m2!1i1024!2i768!4f13.1!3m3!1m2!1s0x12cddb4c52246e61%3A0x9453c1d413fb5115!2sChantier%20H%C3%94TEL%20DES%20POLICES!5e0!3m2!1sfr!2sfr!4v1754392255752!5m2!1sfr!2sfr\" title=\"Ouvrie le lien\" target=\"_blank\" rel=\"noopener\">Cliquez ici pour visualiser le contenu<\/a><\/p>\n<p>    <img   decoding=\"async\" loading=\"lazy\" src=\"https:\/\/www.europesays.com\/fr\/wp-content\/uploads\/2025\/08\/20220530-123449-960x640.jpg\" alt=\"Le futur h\u00f4tel des polices prendra la place de l'h\u00f4pital Saint-Roch, au centre-ville de Nice.\" width=\"960\" height=\"640\"\/><br \/>\n    Le futur h\u00f4tel des polices prendra la place de l\u2019h\u00f4pital Saint-Roch, au centre-ville de Nice. (\u00a9CBL \/ Actu Nice)<\/p>\n<p class=\" wall-content\">Les travaux dans l\u2019ancien b\u00e2timent de l\u2019h\u00f4pital Saint-Roch doivent permettre d\u2019accueillir plus de <strong>2\u2009000 policiers<\/strong>, dans des locaux de pr\u00e8s de 4\u2009000 m\u00b2.<\/p>\n<p>Un probl\u00e8me de financement ?<\/p>\n<p class=\" wall-content\">Lors de cette visite de chantier du vendredi 1\u1d49\u02b3 ao\u00fbt\u00a02025, Christian Estrosi a justifi\u00e9 le retard du chantier \u00e0 cause du \u00ab\u2009contexte budg\u00e9taire et politique\u2009\u00bb. Comprenez, les financements de l\u2019\u00c9tat, majoritaires dans le projet, sont responsables de ce d\u00e9lai suppl\u00e9mentaire.<\/p>\n<p class=\" wall-content\">La r\u00e9action du pr\u00e9fet des Alpes-Maritimes a \u00e9t\u00e9 imm\u00e9diate. \u00ab\u2009L\u2019implantation et la communication sur les services de la police nationale rel\u00e8vent strictement de l\u2019\u00c9tat et, dans le d\u00e9partement des Alpes-Maritimes, du pr\u00e9fet. De plus, les services de police ne sauraient faire l\u2019objet d\u2019aucune instrumentalisation politique, et l\u2019\u00c9tat y veillera\u2009\u00bb, explique le repr\u00e9sentant aupr\u00e8s de <a href=\"https:\/\/nicepresse.com\/retard-du-chantier-de-lhotel-des-polices-a-nice-le-prefet-denonce-les-mises-en-cause-de-christian-estrosi-et-livre-ses-verites\/\" target=\"_blank\" rel=\"noopener\">Nice-Presse<\/a>.<\/p>\n<p class=\" wall-content\">\u00ab\u2009La situation budg\u00e9taire de l\u2019\u00c9tat n\u2019affecte en rien ce chantier dont les cr\u00e9dits ont \u00e9t\u00e9 allou\u00e9s depuis plusieurs ann\u00e9es\u2009\u00bb, appuie Laurent Hottiaux, pr\u00e9fet des Alpes-Maritimes.<\/p>\n<p>Le maire de Nice contre-attaque<\/p>\n<p class=\" wall-content\">Par le biais de son compte X, Christian Estrosi a r\u00e9pondu \u00e0 la r\u00e9ponse du pr\u00e9fet. \u00ab\u2009Je le (NDLR\u2009: le projet d\u2019h\u00f4tel de police) porte depuis plus de 10\u00a0ans pour les Ni\u00e7ois, qui ne sauraient \u00eatre les banquiers de l\u2019\u00c9tat, comme le d\u00e9montre le document joint\u2009\u00bb.<\/p>\n<p class=\" wall-content\">\n<p class=\" wall-content\">\u00ab\u2009Par ailleurs, l\u2019absence actuelle d\u2019un chef de projet d\u00e9sign\u00e9 freine son bon d\u00e9roulement. Avec tout mon respect, Monsieur le Pr\u00e9fet, il s\u2019agit l\u00e0 d\u2019\u00e9l\u00e9ments factuels\u2009\u00bb, conclut le maire de Nice.<\/p>\n<p class=\" wall-content\">Suivez toute l\u2019actualit\u00e9 de vos villes et m\u00e9dias favoris en vous inscrivant \u00e0 <a href=\"https:\/\/moncompte.actu.fr\" title=\"D\u00e9couvez Mon Actu\" rel=\"nofollow noopener\" data-trk=\"{&quot;cta&quot;:{&quot;action&quot;:&quot;https:\\\/\\\/moncompte.actu.fr&quot;,&quot;category&quot;:&quot;mon compte&quot;,&quot;from&quot;:&quot;article footer&quot;,&quot;name&quot;:&quot;Mon actu&quot;,&quot;type&quot;:&quot;cta&quot;}}\" target=\"_blank\">Mon Actu<\/a>.<\/p>\n","protected":false},"excerpt":{"rendered":"Par Ugo Maillard Publi\u00e9 le 5 ao\u00fbt 2025 \u00e0 16h42 \u00c0 qui la faute\u2009? Dans les prochains mois,&hellip;\n","protected":false},"author":2,"featured_media":17574,"comment_status":"","ping_status":"","sticky":false,"template":"","format":"standard","meta":{"footnotes":""},"categories":[2819],"tags":[1111,11,2397,1777,674,1011,27,1116,12,2401,1072,882,25,104],"class_list":{"0":"post-298334","1":"post","2":"type-post","3":"status-publish","4":"format-standard","5":"has-post-thumbnail","7":"category-nice","8":"tag-actu","9":"tag-actualites","10":"tag-christian-estrosi","11":"tag-eu","12":"tag-europe","13":"tag-fr","14":"tag-france","15":"tag-immobilier","16":"tag-news","17":"tag-nice","18":"tag-police","19":"tag-provence-alpes-cote-dazur","20":"tag-republique-francaise","21":"tag-societe"},"share_on_mastodon":{"url":"https:\/\/pubeurope.com\/@fr\/114976810968945148","error":""},"_links":{"self":[{"href":"https:\/\/www.europesays.com\/fr\/wp-json\/wp\/v2\/posts\/298334","targetHints":{"allow":["GET"]}}],"collection":[{"href":"https:\/\/www.europesays.com\/fr\/wp-json\/wp\/v2\/posts"}],"about":[{"href":"https:\/\/www.europesays.com\/fr\/wp-json\/wp\/v2\/types\/post"}],"author":[{"embeddable":true,"href":"https:\/\/www.europesays.com\/fr\/wp-json\/wp\/v2\/users\/2"}],"replies":[{"embeddable":true,"href":"https:\/\/www.europesays.com\/fr\/wp-json\/wp\/v2\/comments?post=298334"}],"version-history":[{"count":0,"href":"https:\/\/www.europesays.com\/fr\/wp-json\/wp\/v2\/posts\/298334\/revisions"}],"wp:featuredmedia":[{"embeddable":true,"href":"https:\/\/www.europesays.com\/fr\/wp-json\/wp\/v2\/media\/17574"}],"wp:attachment":[{"href":"https:\/\/www.europesays.com\/fr\/wp-json\/wp\/v2\/media?parent=298334"}],"wp:term":[{"taxonomy":"category","embeddable":true,"href":"https:\/\/www.europesays.com\/fr\/wp-json\/wp\/v2\/categories?post=298334"},{"taxonomy":"post_tag","embeddable":true,"href":"https:\/\/www.europesays.com\/fr\/wp-json\/wp\/v2\/tags?post=298334"}],"curies":[{"name":"wp","href":"https:\/\/api.w.org\/{rel}","templated":true}]}}