{"id":298335,"date":"2025-08-05T15:14:19","date_gmt":"2025-08-05T15:14:19","guid":{"rendered":"https:\/\/www.europesays.com\/fr\/298335\/"},"modified":"2025-08-05T15:14:19","modified_gmt":"2025-08-05T15:14:19","slug":"au-lendemain-dun-nouvel-accident-de-la-circulation-le-maire-de-nice-promet-de-nouveaux-amenagements-pour-reguler-la-vitesse-sur-le-boulevard-de-cessole","status":"publish","type":"post","link":"https:\/\/www.europesays.com\/fr\/298335\/","title":{"rendered":"Au lendemain d\u2019un nouvel accident de la circulation, le maire de Nice promet de nouveaux am\u00e9nagements pour r\u00e9guler la vitesse sur le boulevard de Cessole"},"content":{"rendered":"<p>\u00ab\u00a0Il le sait qu\u2019il y a eu un accident encore hier? Une maman avec un b\u00e9b\u00e9, en plus. C\u2019est le quatri\u00e8me en peu de temps, \u00e7a devient le boulevard de la mort ici.\u00a0\u00bb Cette habitante de Cessole est un peu \u00e9nerv\u00e9e quand elle aper\u00e7oit Christian Estrosi et son \u00e9quipe d\u00e9ambuler dans le quartier. Faisant r\u00e9f\u00e9rence \u00e0 l\u2019accident survenu lundi 4 ao\u00fbt 2025 sur le boulevard de Cessole, <a href=\"https:\/\/www.nicematin.com\/faits-divers\/une-maman-et-son-enfant-de-deux-ans-renverses-boulevard-de-cessole-a-nice-996814\" rel=\"nofollow noopener\" target=\"_blank\">o\u00f9 une maman et son enfant de deux ans en poussette, percut\u00e9s par une voiture<\/a>, <a href=\"https:\/\/www.nicematin.com\/faits-divers\/une-maman-et-son-enfant-de-deux-ans-renverses-boulevard-de-cessole-a-nice-996814\" rel=\"nofollow noopener\" target=\"_blank\">ont \u00e9t\u00e9 <\/a>l\u00e9g\u00e8rement bless\u00e9s. Et sans doute aussi au <a href=\"https:\/\/www.nicematin.com\/faits-divers\/qui-etait-alexandre-22-ans-le-jeune-motard-decede-dans-un-terrible-accident-sur-le-boulevard-de-cessole-a-nice-982193\" rel=\"nofollow noopener\" target=\"_blank\">terrible accident qui a co\u00fbt\u00e9 la vie \u00e0 un motard d\u2019une vingtaine d\u2019ann\u00e9es le 11 avril<\/a>. Ainsi qu\u2019\u00e0 <a href=\"https:\/\/www.nicematin.com\/faits-divers\/tres-proche-de-jacques-medecin-lilou-dini-a-ete-mortellement-fauchee-par-un-scooter-a-nice-976621\" rel=\"nofollow noopener\" target=\"_blank\">la pi\u00e9tonne d\u00e9c\u00e9d\u00e9e le 2 mars<\/a>\u2026<\/p>\n<p>Car ce mardi 5 ao\u00fbt 2025, dans la matin\u00e9e, accompagn\u00e9 notamment de Ga\u00ebl Nofri, son adjoint \u00e0 la Circulation, et de Catherine Moreau, adjointe subd\u00e9l\u00e9gu\u00e9e au Territoire Hauts de Nice et habitante du quartier, le maire occupe le terrain.<\/p>\n<p>\u00c0 la rencontre des riverains et commer\u00e7ants entre le carrefour de l\u2019Horloge et la place Goiran. Pour prendre le pouls du quartier, savoir ce que pensent les habitants des travaux r\u00e9alis\u00e9s dans le secteur.<\/p>\n<p>\u00c0 moins de huit mois des \u00e9lections municipales, pas de tr\u00eave estivale pour le candidat \u00e0 sa r\u00e9\u00e9lection.<\/p>\n<p>\u00ab\u00a0Merci Monsieur le maire, le quartier s\u2019est embelli\u00a0\u00bb<\/p>\n<p>\u00ab\u00a0Merci Monsieur le maire, le quartier s\u2019est embelli\u00a0\u00bb, dit cette Ni\u00e7oise de 94 ans, n\u00e9e ici et qui dit n\u2019avoir jamais quitt\u00e9 le quartier. \u00ab\u00a0Vous savez, j\u2019ai connu les fiacres et les bugadi\u00e8res\u2026\u00a0\u00bb<\/p>\n<p>\u00ab\u00a0Ah si je pouvais vous les ramener, je le ferais\u00a0\u00bb, r\u00e9pond du tac au tac Christian Estrosi. Une autre Ni\u00e7oise, la cinquantaine, vient \u00e0 sa rencontre. Le maire lui demande ce qu\u2019elle pense des r\u00e9cents am\u00e9nagements. \u00ab\u00a0C\u2019est plus paisible, plus harmonieux\u00a0\u00bb, s\u2019enthousiasme-t-elle.<\/p>\n<p>Un homme d\u2019un certain \u00e2ge l\u2019interpelle sur un probl\u00e8me de stationnement en double file devant le bureau de tabac. \u00ab\u00a0Un parking de dix places ouvre aujourd\u2019hui place Goiran, et ceux qui se garent n\u2019importe o\u00f9 vont d\u00e9sormais \u00eatre verbalis\u00e9s via les cam\u00e9ras. \u00c7a va r\u00e9gler le probl\u00e8me\u00a0\u00bb, lui lance Christian Estrosi.<\/p>\n<p>\u00ab\u00a0Les gens roulent \u00e0 une vitesse inimaginable\u00a0\u00bb<\/p>\n<p>Si les riverains semblent globalement satisfaits des infrastructures permettant d\u2019accueillir le bus \u00e0 haut niveau de service et de l\u2019extension du jardin de la place Goiran, ce qui revient \u00e0 chaque fois, en revanche, c\u2019est la vitesse excessive depuis le passage en sens unique du boulevard de Cessole et de la rue Jean-Canav\u00e8se.<\/p>\n<p>\u00ab\u00a0Les gens roulent \u00e0 une vitesse inimaginable, t\u00e9moigne un riverain. 80, 100km\/h, si ce n\u2019est pas plus\u2026\u00a0\u00bb Th\u00e9oriquement, il y a une voie r\u00e9serv\u00e9e aux voitures et une autre aux bus, dans les deux sens. Mais dans les faits, voitures et motos empruntent largement la voie de bus, roulant parfois \u00e0 fond les ballons.<\/p>\n<p>Christian Estrosi et Ga\u00ebl Nofri le savent parfaitement. Car en amont de cette d\u00e9ambulation, attabl\u00e9 \u00e0 la terrasse d\u2019un caf\u00e9 du quartier, le maire demande \u00e0 son \u00e9quipe: \u00ab\u00a0Je veux des propositions pour mieux mat\u00e9rialiser la voie des bus. Mettre en place quelque chose de temporaire d\u2019ici un mois, avant de construire quelque chose de p\u00e9renne en septembre.\u00a0\u00bb<\/p>\n<p>Isoler la voie de bus afin de la sanctuariser, l\u2019id\u00e9e \u00e9tant de faire respecter les 30km\/h, vitesse maximale autoris\u00e9e ici. \u00ab\u00a0\u00c7a permet de faire des retraits de permis plus facilement\u00a0\u00bb, souligne Ga\u00ebl Nofri.<\/p>\n<p>Des radars?<\/p>\n<p>Parmi les pistes, l\u2019ajout de feux de circulation est \u00e9voqu\u00e9, ainsi qu\u2019un renforcement des contr\u00f4les de la police municipale. Et des radars?<\/p>\n<p>\u00ab\u00a0\u00c7a fait longtemps qu\u2019on les demande, mais ce sont malheureusement les services de l\u2019\u00c9tat qui ont la comp\u00e9tence, s\u2019agace Christian Estrosi. C\u2019est inadmissible. Pour un pays comme la France qui pr\u00e9tend faire de la s\u00e9curit\u00e9 routi\u00e8re une priorit\u00e9 nationale, le temps administratif est beaucoup trop long. \u00c7a devrait \u00eatre aux intercommunalit\u00e9s de g\u00e9rer \u00e7a. Je suis un rebelle, et un maire ind\u00e9pendant. Et quand l\u2019\u00c9tat ne fait pas les choses comme il faut, je le dis.\u00a0\u00bb<\/p>\n<p>Par ailleurs, des jardins partag\u00e9s devraient bient\u00f4t voir le jour place Goiran, \u00e0 c\u00f4t\u00e9 du nouveau parking, en lieu et place des anciens terrains de p\u00e9tanque.<\/p>\n","protected":false},"excerpt":{"rendered":"\u00ab\u00a0Il le sait qu\u2019il y a eu un accident encore hier? Une maman avec un b\u00e9b\u00e9, en plus.&hellip;\n","protected":false},"author":2,"featured_media":298336,"comment_status":"","ping_status":"","sticky":false,"template":"","format":"standard","meta":{"footnotes":""},"categories":[2819],"tags":[1111,11,1777,674,1011,27,12,2401,882,25,3366],"class_list":{"0":"post-298335","1":"post","2":"type-post","3":"status-publish","4":"format-standard","5":"has-post-thumbnail","7":"category-nice","8":"tag-actu","9":"tag-actualites","10":"tag-eu","11":"tag-europe","12":"tag-fr","13":"tag-france","14":"tag-news","15":"tag-nice","16":"tag-provence-alpes-cote-dazur","17":"tag-republique-francaise","18":"tag-vie-locale"},"share_on_mastodon":{"url":"https:\/\/pubeurope.com\/@fr\/114976814739723619","error":""},"_links":{"self":[{"href":"https:\/\/www.europesays.com\/fr\/wp-json\/wp\/v2\/posts\/298335","targetHints":{"allow":["GET"]}}],"collection":[{"href":"https:\/\/www.europesays.com\/fr\/wp-json\/wp\/v2\/posts"}],"about":[{"href":"https:\/\/www.europesays.com\/fr\/wp-json\/wp\/v2\/types\/post"}],"author":[{"embeddable":true,"href":"https:\/\/www.europesays.com\/fr\/wp-json\/wp\/v2\/users\/2"}],"replies":[{"embeddable":true,"href":"https:\/\/www.europesays.com\/fr\/wp-json\/wp\/v2\/comments?post=298335"}],"version-history":[{"count":0,"href":"https:\/\/www.europesays.com\/fr\/wp-json\/wp\/v2\/posts\/298335\/revisions"}],"wp:featuredmedia":[{"embeddable":true,"href":"https:\/\/www.europesays.com\/fr\/wp-json\/wp\/v2\/media\/298336"}],"wp:attachment":[{"href":"https:\/\/www.europesays.com\/fr\/wp-json\/wp\/v2\/media?parent=298335"}],"wp:term":[{"taxonomy":"category","embeddable":true,"href":"https:\/\/www.europesays.com\/fr\/wp-json\/wp\/v2\/categories?post=298335"},{"taxonomy":"post_tag","embeddable":true,"href":"https:\/\/www.europesays.com\/fr\/wp-json\/wp\/v2\/tags?post=298335"}],"curies":[{"name":"wp","href":"https:\/\/api.w.org\/{rel}","templated":true}]}}