{"id":298337,"date":"2025-08-05T15:15:11","date_gmt":"2025-08-05T15:15:11","guid":{"rendered":"https:\/\/www.europesays.com\/fr\/298337\/"},"modified":"2025-08-05T15:15:11","modified_gmt":"2025-08-05T15:15:11","slug":"nantes-brille-dans-le-top-10-des-villes-les-plus-instagrammables-de-france","status":"publish","type":"post","link":"https:\/\/www.europesays.com\/fr\/298337\/","title":{"rendered":"Nantes brille dans le top 10 des villes les plus instagrammables de France"},"content":{"rendered":"<p>Un classement qui m\u00eale beaut\u00e9 et attractivit\u00e9&#13;<\/p>\n<p>Pour \u00e9tablir ce palmar\u00e8s, Faireparterie a pris en compte <strong>plusieurs crit\u00e8res\u00a0: popularit\u00e9 sur Instagram, pr\u00e9sence de lieux embl\u00e9matiques, diversit\u00e9 culturelle, mais aussi attrait touristique.<\/strong> Sur le podium, Avignon d\u00e9croche la premi\u00e8re place, suivie de Perpignan et de Paris. Nantes, elle, se hisse fi\u00e8rement \u00e0 la 9\u00e8me place, confirmant sa r\u00e9putation de ville dynamique, cr\u00e9ative et photog\u00e9nique.<\/p>\n<p>&#13;<br \/>\nUne ville qui inspire et qui se partage&#13;<\/p>\n<p>Pas besoin d\u2019\u00eatre influenceur pour remarquer \u00e0 quel point <strong>Nantes regorge de spots parfaits pour une photo. <\/strong>Entre les <strong>Machines de l\u2019\u00cele et leur Grand \u00c9l\u00e9phant impressionnant, les fa\u00e7ades art d\u00e9co de la place Graslin, ou encore les rives paisibles de la Loire<\/strong>, la ville offre un d\u00e9cor vari\u00e9 et inspirant. Les hashtags #Nantes et #NantesCity comptent d\u00e9j\u00e0 plusieurs centaines de milliers de publications, preuve que la ville s\u00e9duit autant les habitants que les visiteurs.<\/p>\n<p>&#13;<br \/>\nLe Voyage \u00e0 Nantes, un atout de taille&#13;<\/p>\n<p>Chaque \u00e9t\u00e9, <a href=\"https:\/\/www.levoyageanantes.fr\/\" rel=\"nofollow noopener noreferrer\" target=\"_blank\">le Voyage \u00e0 Nantes<\/a> <strong>transforme litt\u00e9ralement la ville en mus\u00e9e \u00e0 ciel ouvert.<\/strong> \u0152uvres monumentales, installations \u00e9ph\u00e9m\u00e8res, parcours artistiques, \u2026 Les rues deviennent un terrain de jeu pour les curieux et les amateurs de belles images. De quoi booster encore un peu plus la cote \u00ab\u00a0instagrammable\u00a0\u00bb de la ville, tout en dynamisant son attractivit\u00e9 touristique.<\/p>\n<p>&#13;<br \/>\nQualit\u00e9 de vie et dynamisme culturel&#13;<\/p>\n<p>Si Nantes attire, ce n\u2019est pas seulement pour ses beaux paysages. <strong>La ville est \u00e9galement reconnue pour sa qualit\u00e9 de vie\u00a0: pistes cyclables en d\u00e9veloppement, nombreux espaces verts comme le parc de Proc\u00e9 ou le jardin des Plantes, sc\u00e8ne culturelle foisonnante, gastronomie locale,<\/strong>&#8230; Un combo qui s\u00e9duit autant les jeunes actifs que les familles.<\/p>\n<p>&#13;<\/p>\n<p>Alors, pr\u00eats \u00e0 red\u00e9couvrir Nantes sous son plus bel angle\u00a0?<\/p>\n<p>&#13;<\/p>\n<p>\u00a0<\/p>\n","protected":false},"excerpt":{"rendered":"Un classement qui m\u00eale beaut\u00e9 et attractivit\u00e9&#13; Pour \u00e9tablir ce palmar\u00e8s, Faireparterie a pris en compte plusieurs crit\u00e8res\u00a0:&hellip;\n","protected":false},"author":2,"featured_media":298338,"comment_status":"","ping_status":"","sticky":false,"template":"","format":"standard","meta":{"footnotes":""},"categories":[2818],"tags":[1111,11,1777,674,1011,27,766,12,2636,25],"class_list":{"0":"post-298337","1":"post","2":"type-post","3":"status-publish","4":"format-standard","5":"has-post-thumbnail","7":"category-nantes","8":"tag-actu","9":"tag-actualites","10":"tag-eu","11":"tag-europe","12":"tag-fr","13":"tag-france","14":"tag-nantes","15":"tag-news","16":"tag-pays-de-la-loire","17":"tag-republique-francaise"},"share_on_mastodon":{"url":"https:\/\/pubeurope.com\/@fr\/114976818709161164","error":""},"_links":{"self":[{"href":"https:\/\/www.europesays.com\/fr\/wp-json\/wp\/v2\/posts\/298337","targetHints":{"allow":["GET"]}}],"collection":[{"href":"https:\/\/www.europesays.com\/fr\/wp-json\/wp\/v2\/posts"}],"about":[{"href":"https:\/\/www.europesays.com\/fr\/wp-json\/wp\/v2\/types\/post"}],"author":[{"embeddable":true,"href":"https:\/\/www.europesays.com\/fr\/wp-json\/wp\/v2\/users\/2"}],"replies":[{"embeddable":true,"href":"https:\/\/www.europesays.com\/fr\/wp-json\/wp\/v2\/comments?post=298337"}],"version-history":[{"count":0,"href":"https:\/\/www.europesays.com\/fr\/wp-json\/wp\/v2\/posts\/298337\/revisions"}],"wp:featuredmedia":[{"embeddable":true,"href":"https:\/\/www.europesays.com\/fr\/wp-json\/wp\/v2\/media\/298338"}],"wp:attachment":[{"href":"https:\/\/www.europesays.com\/fr\/wp-json\/wp\/v2\/media?parent=298337"}],"wp:term":[{"taxonomy":"category","embeddable":true,"href":"https:\/\/www.europesays.com\/fr\/wp-json\/wp\/v2\/categories?post=298337"},{"taxonomy":"post_tag","embeddable":true,"href":"https:\/\/www.europesays.com\/fr\/wp-json\/wp\/v2\/tags?post=298337"}],"curies":[{"name":"wp","href":"https:\/\/api.w.org\/{rel}","templated":true}]}}