{"id":298343,"date":"2025-08-05T15:18:12","date_gmt":"2025-08-05T15:18:12","guid":{"rendered":"https:\/\/www.europesays.com\/fr\/298343\/"},"modified":"2025-08-05T15:18:12","modified_gmt":"2025-08-05T15:18:12","slug":"bayonne-bordeaux-comment-suivre-le-match-des-girondins-en-direct","status":"publish","type":"post","link":"https:\/\/www.europesays.com\/fr\/298343\/","title":{"rendered":"Bayonne-Bordeaux : comment suivre le match des Girondins en direct ?"},"content":{"rendered":"<p><img decoding=\"async\" src=\"https:\/\/www.europesays.com\/fr\/wp-content\/uploads\/2025\/07\/671_07aaed426968c8cf4d769c98c7ab1f21.jpg\" alt=\"Bayonne-Bordeaux : comment suivre le match des Girondins en direct ?\" class=\"img-responsive mt-3\"\/><\/p>\n<p class=\"text-center mb-3\" style=\"font-size: 14px\">\u00a9 Iconsport<\/p>\n<p style=\"text-align: justify;\">Cette 4e rencontre amicale et de pr\u00e9paration se joue \u00e0 18h30 au Stade intercommunal de Tarnos. Vous pouvez assister \u00e0 ce match qui est ouvert au public, et des places sont disponibles. La rencontre n&rsquo;est pas diffus\u00e9e sur les \u00e9crans.<\/p>\n<p><strong>Live texte sur WebGirondins<\/strong><\/p>\n<p style=\"text-align: justify;\">C&rsquo;est pourquoi nous vous proposons sur WebGirondins un live texte de la rencontre d\u00e8s 18h15 avec les compositions d\u2019\u00e9quipes, les actions du match, les remplacements, l&rsquo;\u00e9volution du score, etc.<\/p>\n<p style=\"text-align: justify;\">De plus, nous vous proposons apr\u00e8s la rencontre un compte rendu du match \u00e0 lire sur notre site.<\/p>\n<p style=\"text-align: justify;\">\u00c0 lire aussi &gt;&gt; <strong><a href=\"https:\/\/www.webgirondins.com\/actualite-girondins-ligue-3-il-n-y-a-aucun-modele-economique-aujourd-hui-dit-romain-molina-129957\" target=\"_blank\" rel=\"noopener\">Ligue 3 : \u00ab\u00a0Il n&rsquo;y a aucun mod\u00e8le \u00e9conomique aujourd&rsquo;hui\u00a0\u00bb, dit Romain Molina<\/a><\/strong><\/p>\n<p style=\"text-align: justify;\">\u00a0<\/p>\n<p style=\"text-align: justify;\">Notre podcast court :<\/p>\n<p>\u00a0<\/p>\n","protected":false},"excerpt":{"rendered":"\u00a9 Iconsport Cette 4e rencontre amicale et de pr\u00e9paration se joue \u00e0 18h30 au Stade intercommunal de Tarnos.&hellip;\n","protected":false},"author":2,"featured_media":287493,"comment_status":"","ping_status":"","sticky":false,"template":"","format":"standard","meta":{"footnotes":""},"categories":[2817],"tags":[1111,11,2863,3810,43478,9202,1997,20,814,23567,1777,674,2823,1011,27,1987,43845,3289,955,12,2219,18074,29390,25,3982,2858,8007,43479],"class_list":{"0":"post-298343","1":"post","2":"type-post","3":"status-publish","4":"format-standard","5":"has-post-thumbnail","7":"category-bordeaux","8":"tag-actu","9":"tag-actualites","10":"tag-aout","11":"tag-aviron","12":"tag-bayonnais","13":"tag-bayonne","14":"tag-bordeaux","15":"tag-comment","16":"tag-direct","17":"tag-estivale","18":"tag-eu","19":"tag-europe","20":"tag-face","21":"tag-fr","22":"tag-france","23":"tag-girondins","24":"tag-intercommunal","25":"tag-leur","26":"tag-match","27":"tag-news","28":"tag-nouvelle-aquitaine","29":"tag-poursuivent","30":"tag-preparation","31":"tag-republique-francaise","32":"tag-samedi","33":"tag-stade","34":"tag-suivre","35":"tag-tarnos"},"share_on_mastodon":{"url":"https:\/\/pubeurope.com\/@fr\/114976830558651268","error":""},"_links":{"self":[{"href":"https:\/\/www.europesays.com\/fr\/wp-json\/wp\/v2\/posts\/298343","targetHints":{"allow":["GET"]}}],"collection":[{"href":"https:\/\/www.europesays.com\/fr\/wp-json\/wp\/v2\/posts"}],"about":[{"href":"https:\/\/www.europesays.com\/fr\/wp-json\/wp\/v2\/types\/post"}],"author":[{"embeddable":true,"href":"https:\/\/www.europesays.com\/fr\/wp-json\/wp\/v2\/users\/2"}],"replies":[{"embeddable":true,"href":"https:\/\/www.europesays.com\/fr\/wp-json\/wp\/v2\/comments?post=298343"}],"version-history":[{"count":0,"href":"https:\/\/www.europesays.com\/fr\/wp-json\/wp\/v2\/posts\/298343\/revisions"}],"wp:featuredmedia":[{"embeddable":true,"href":"https:\/\/www.europesays.com\/fr\/wp-json\/wp\/v2\/media\/287493"}],"wp:attachment":[{"href":"https:\/\/www.europesays.com\/fr\/wp-json\/wp\/v2\/media?parent=298343"}],"wp:term":[{"taxonomy":"category","embeddable":true,"href":"https:\/\/www.europesays.com\/fr\/wp-json\/wp\/v2\/categories?post=298343"},{"taxonomy":"post_tag","embeddable":true,"href":"https:\/\/www.europesays.com\/fr\/wp-json\/wp\/v2\/tags?post=298343"}],"curies":[{"name":"wp","href":"https:\/\/api.w.org\/{rel}","templated":true}]}}