{"id":298361,"date":"2025-08-05T15:29:12","date_gmt":"2025-08-05T15:29:12","guid":{"rendered":"https:\/\/www.europesays.com\/fr\/298361\/"},"modified":"2025-08-05T15:29:12","modified_gmt":"2025-08-05T15:29:12","slug":"video-en-inde-une-crue-subite-dans-une-localite-de-lhimalaya-fait-au-moins-quatre-morts","status":"publish","type":"post","link":"https:\/\/www.europesays.com\/fr\/298361\/","title":{"rendered":"VIDEO. En Inde, une crue subite dans une localit\u00e9 de l&rsquo;Himalaya fait au moins quatre morts"},"content":{"rendered":"\n<p class=\"c-chapo \">\n  Des images montrent un torrent boueux d\u00e9ferler sur une commune et emporter des immeubles d&rsquo;habitation, laissant craindre un bilan plus lourd.\n<\/p>\n<p>            lire plus tard<\/p>\n<p id=\"dialog__title\" class=\"dialog__title\">Pour sauvegarder cet article, connectez-vous ou cr\u00e9ez un compte franceinfo<\/p>\n<p class=\"dialog__description\">Sans paiement. Sans abonnement.<\/p>\n<p>        Fermer la fen\u00eatre d\u2019activation des notifications France Info<\/p>\n<p>            cr\u00e9er votre compte<\/p>\n<p>            se connecter<\/p>\n<p>        Fermer la fen\u00eatre de pr\u00e9sentation<\/p>\n<p>    <img loading=\"lazy\" decoding=\"async\" class=\"signature__image lazyload\" width=\"100\" height=\"100\" data- alt=\"\" src=\"https:\/\/www.europesays.com\/fr\/wp-content\/uploads\/2025\/05\/64a68815cd1a7_placeholder-36b69ec8.png\"\/><\/p>\n<p>    Publi\u00e9 le 05\/08\/2025 15:14<\/p>\n<p>      Mis \u00e0 jour le 05\/08\/2025 16:25<\/p>\n<p>        Temps de lecture : 2min<\/p>\n<p>    <img decoding=\"async\"  alt=\"Des habitations submerg\u00e9es par les eaux \u00e0 Dharali (Inde), le 5 ao\u00fbt 2025. (SIPA)\" width=\"432\" height=\"243\" src=\"https:\/\/www.europesays.com\/fr\/wp-content\/uploads\/2025\/08\/sipa-ap22975062-000001-6892026bd9410119934883.jpg\" fetchpriority=\"high\"\/><\/p>\n<p>      Des habitations submerg\u00e9es par les eaux \u00e0 Dharali (Inde), le 5 ao\u00fbt 2025. (SIPA)<\/p>\n<p>Des crues subites ont entra\u00een\u00e9 une coul\u00e9e de boue massive \u00e0 Dharali, une localit\u00e9 indienne de l&rsquo;Himalaya, mardi 5\u00a0ao\u00fbt, faisant au moins quatre morts, selon un premier bilan provisoire d&rsquo;un responsable local. Selon les autorit\u00e9s, celui-ci pourrait augmenter. Les torrents d&rsquo;eaux boueuses ont en effet emport\u00e9 des immeubles d&rsquo;habitation de ce lieu touristique de l&rsquo;Etat d&rsquo;Uttarakhand, dans le nord de l&rsquo;Inde, pr\u00e8s de la fronti\u00e8re avec le N\u00e9pal.<\/p>\n<p>Des vid\u00e9os diffus\u00e9es sur les m\u00e9dias indiens montrent plusieurs personnes en train de courir avant d&rsquo;\u00eatre englouties par des vagues sombres encombr\u00e9es de d\u00e9bris, qui d\u00e9truisent des b\u00e2timents entiers.<\/p>\n<p>\u00ab\u00a0Un \u00e9norme glissement de terrain a frapp\u00e9 Dharali (&#8230;) d\u00e9clenchant un flot soudain d&rsquo;eau et de d\u00e9bris\u00a0\u00bb, a d\u00e9clar\u00e9 l&rsquo;arm\u00e9e indienne, qui a diffus\u00e9 des images montrant le site apr\u00e8s la catastrophe.\u00a0Une grande partie de la ville \u00e9tait submerg\u00e9e, et par endroits, la boue atteignait les toits des maisons.<\/p>\n<p>L&rsquo;arm\u00e9e a fait savoir que 150\u00a0militaires, d\u00e9p\u00each\u00e9s \u00e0 Dharali, avaient contribu\u00e9 \u00e0 secourir une vingtaine de rescap\u00e9s.\u00a0\u00ab\u00a0Les efforts de recherche et de sauvetage sont en cours, et tous les moyens disponibles d\u00e9ploy\u00e9s pour localiser et \u00e9vacuer les personnes toujours prises au pi\u00e8ge\u00a0\u00bb, a d\u00e9clar\u00e9 son porte-parole. Avant que le bilan soit communiqu\u00e9, le pr\u00e9sident Narendra Modi a adress\u00e9, sur X, \u00ab\u00a0ses condol\u00e9ances aux personnes affect\u00e9es par cette trag\u00e9die\u00a0\u00bb.<\/p>\n<blockquote class=\"instagram-media\" data-instgrm-captioned=\"\" data-instgrm-permalink=\"https:\/\/www.instagram.com\/p\/DM-Uiv-SHPR\/?utm_source=ig_embed&amp;utm_campaign=loading\" data-instgrm-version=\"14\" style=\"background: #FFF; border: 0; border-radius: 3px; box-shadow: 0 0 1px 0 rgba(0,0,0,0.5),0 1px 10px 0 rgba(0,0,0,0.15); margin: 1px; max-width: 540px; min-width: 326px; padding: 0; width: calc(100% - 2px);\">\n<\/blockquote>\n<p>Le ministre en chef de l&rsquo;Etat a d\u00e9clar\u00e9 que l&rsquo;inondation \u00e9tait due \u00e0 des pr\u00e9cipitations soudaines et intenses. Les services m\u00e9t\u00e9orologiques indiens avaient \u00e9mis une alerte en raison de fortes pluies dans l&rsquo;Uttarakhand, pr\u00e9cisant avoir enregistr\u00e9 21\u00a0cm de pr\u00e9cipitations dans des zones isol\u00e9es de cet Etat.\u00a0Les inondations meurtri\u00e8res et les glissements de terrain <a href=\"https:\/\/www.franceinfo.fr\/diaporama\/en-images-en-inde-les-pluies-record-de-la-mousson-provoquent-des-inondations-mortelles-et-devastatrices_5941811.html\" rel=\"nofollow noopener\" target=\"_blank\">sont courants lors de la saison de la mousson<\/a>, qui a lieu de juin \u00e0 septembre en Inde. Toutefois, les experts affirment que le changement climatique accro\u00eet leur intensit\u00e9 et leur fr\u00e9quence.<\/p>\n<p><script async src=\"\/\/www.instagram.com\/embed.js\"><\/script><\/p>\n","protected":false},"excerpt":{"rendered":"Des images montrent un torrent boueux d\u00e9ferler sur une commune et emporter des immeubles d&rsquo;habitation, laissant craindre un&hellip;\n","protected":false},"author":2,"featured_media":298362,"comment_status":"","ping_status":"","sticky":false,"template":"","format":"standard","meta":{"footnotes":""},"categories":[1888],"tags":[1111,1928,11,1927,1777,674,1011,27,12,1926,626,1925,25],"class_list":{"0":"post-298361","1":"post","2":"type-post","3":"status-publish","4":"format-standard","5":"has-post-thumbnail","7":"category-paris","8":"tag-actu","9":"tag-actu-paris","10":"tag-actualites","11":"tag-actualites-paris","12":"tag-eu","13":"tag-europe","14":"tag-fr","15":"tag-france","16":"tag-news","17":"tag-news-paris","18":"tag-paris","19":"tag-paris-news","20":"tag-republique-francaise"},"share_on_mastodon":{"url":"https:\/\/pubeurope.com\/@fr\/114976873831237644","error":""},"_links":{"self":[{"href":"https:\/\/www.europesays.com\/fr\/wp-json\/wp\/v2\/posts\/298361","targetHints":{"allow":["GET"]}}],"collection":[{"href":"https:\/\/www.europesays.com\/fr\/wp-json\/wp\/v2\/posts"}],"about":[{"href":"https:\/\/www.europesays.com\/fr\/wp-json\/wp\/v2\/types\/post"}],"author":[{"embeddable":true,"href":"https:\/\/www.europesays.com\/fr\/wp-json\/wp\/v2\/users\/2"}],"replies":[{"embeddable":true,"href":"https:\/\/www.europesays.com\/fr\/wp-json\/wp\/v2\/comments?post=298361"}],"version-history":[{"count":0,"href":"https:\/\/www.europesays.com\/fr\/wp-json\/wp\/v2\/posts\/298361\/revisions"}],"wp:featuredmedia":[{"embeddable":true,"href":"https:\/\/www.europesays.com\/fr\/wp-json\/wp\/v2\/media\/298362"}],"wp:attachment":[{"href":"https:\/\/www.europesays.com\/fr\/wp-json\/wp\/v2\/media?parent=298361"}],"wp:term":[{"taxonomy":"category","embeddable":true,"href":"https:\/\/www.europesays.com\/fr\/wp-json\/wp\/v2\/categories?post=298361"},{"taxonomy":"post_tag","embeddable":true,"href":"https:\/\/www.europesays.com\/fr\/wp-json\/wp\/v2\/tags?post=298361"}],"curies":[{"name":"wp","href":"https:\/\/api.w.org\/{rel}","templated":true}]}}