{"id":298365,"date":"2025-08-05T15:31:09","date_gmt":"2025-08-05T15:31:09","guid":{"rendered":"https:\/\/www.europesays.com\/fr\/298365\/"},"modified":"2025-08-05T15:31:09","modified_gmt":"2025-08-05T15:31:09","slug":"paris-quand-les-enfants-qui-ne-partent-pas-en-vacances-se-forment-au-sauvetage-en-mer-et-au-secourisme","status":"publish","type":"post","link":"https:\/\/www.europesays.com\/fr\/298365\/","title":{"rendered":"Paris\u00a0: quand les enfants qui ne partent pas en vacances se forment au sauvetage en mer et au secourisme"},"content":{"rendered":"<p class=\"paragraph text_align_left lp-f-body-02\">Au bord du bassin de la Villette (XIXe), au milieu des diff\u00e9rentes aires de jeux et de transats de Paris-Plages,<a href=\"https:\/\/www.leparisien.fr\/calvados-14\/un-plan-de-77-millions-deuros-pour-sept-bateaux-de-sauvetage-et-des-renovations-pour-la-snsm-en-normandie-22-07-2025-6Y2W2ZAZ2ZEZDOY55LVTG4BBGI.php\" target=\"_self\" rel=\"nofollow noopener\"> les secouristes de la Soci\u00e9t\u00e9 Nationale de Sauvetage en Mer<\/a> (SNSM) installent les derniers accessoires pour les ateliers de sensibilisation aux risques en bord de mer. Tapis de sol, mannequins et faux d\u00e9fibrillateurs\u2026 Tout est pr\u00eat pour accueillir les futurs \u00ab mini-sauveteurs \u00bb.<\/p>\n<p class=\"paragraph text_align_left lp-f-body-02\">\u00ab Quand il y a un drapeau jaune, est-ce qu\u2019on a le droit de se baigner ? \u00bb demande la formatrice face au grand tableau ludique qui repr\u00e9sente le bord de mer. Les formateurs de la SNSM, tous b\u00e9n\u00e9voles, sont habill\u00e9s de tee-shirt orange et r\u00e9partis sur trois ateliers.<\/p>\n","protected":false},"excerpt":{"rendered":"Au bord du bassin de la Villette (XIXe), au milieu des diff\u00e9rentes aires de jeux et de transats&hellip;\n","protected":false},"author":2,"featured_media":298366,"comment_status":"","ping_status":"","sticky":false,"template":"","format":"standard","meta":{"footnotes":""},"categories":[1888],"tags":[11,1777,674,1011,27,1944,12,626,25],"class_list":{"0":"post-298365","1":"post","2":"type-post","3":"status-publish","4":"format-standard","5":"has-post-thumbnail","7":"category-paris","8":"tag-actualites","9":"tag-eu","10":"tag-europe","11":"tag-fr","12":"tag-france","13":"tag-ma-ville","14":"tag-news","15":"tag-paris","16":"tag-republique-francaise"},"share_on_mastodon":{"url":"https:\/\/pubeurope.com\/@fr\/114976881601225841","error":""},"_links":{"self":[{"href":"https:\/\/www.europesays.com\/fr\/wp-json\/wp\/v2\/posts\/298365","targetHints":{"allow":["GET"]}}],"collection":[{"href":"https:\/\/www.europesays.com\/fr\/wp-json\/wp\/v2\/posts"}],"about":[{"href":"https:\/\/www.europesays.com\/fr\/wp-json\/wp\/v2\/types\/post"}],"author":[{"embeddable":true,"href":"https:\/\/www.europesays.com\/fr\/wp-json\/wp\/v2\/users\/2"}],"replies":[{"embeddable":true,"href":"https:\/\/www.europesays.com\/fr\/wp-json\/wp\/v2\/comments?post=298365"}],"version-history":[{"count":0,"href":"https:\/\/www.europesays.com\/fr\/wp-json\/wp\/v2\/posts\/298365\/revisions"}],"wp:featuredmedia":[{"embeddable":true,"href":"https:\/\/www.europesays.com\/fr\/wp-json\/wp\/v2\/media\/298366"}],"wp:attachment":[{"href":"https:\/\/www.europesays.com\/fr\/wp-json\/wp\/v2\/media?parent=298365"}],"wp:term":[{"taxonomy":"category","embeddable":true,"href":"https:\/\/www.europesays.com\/fr\/wp-json\/wp\/v2\/categories?post=298365"},{"taxonomy":"post_tag","embeddable":true,"href":"https:\/\/www.europesays.com\/fr\/wp-json\/wp\/v2\/tags?post=298365"}],"curies":[{"name":"wp","href":"https:\/\/api.w.org\/{rel}","templated":true}]}}