{"id":298373,"date":"2025-08-05T15:35:17","date_gmt":"2025-08-05T15:35:17","guid":{"rendered":"https:\/\/www.europesays.com\/fr\/298373\/"},"modified":"2025-08-05T15:35:17","modified_gmt":"2025-08-05T15:35:17","slug":"lactivite-des-services-en-recul-en-juillet-et-en-deca-des-attentes","status":"publish","type":"post","link":"https:\/\/www.europesays.com\/fr\/298373\/","title":{"rendered":"l&rsquo;activit\u00e9 des services en recul en juillet et en de\u00e7\u00e0 des attentes"},"content":{"rendered":"<p class=\"fig-paragraph\">L&rsquo;activit\u00e9 dans les services a recul\u00e9 au mois de juillet, \u00e0 un niveau plus faible qu&rsquo;anticip\u00e9 par les analystes, mais reste en territoire positif pour le septi\u00e8me mois d&rsquo;affil\u00e9e, selon l&rsquo;indice publi\u00e9 mardi par la f\u00e9d\u00e9ration professionnelle ISM. Selon son enqu\u00eate mensuelle, l&rsquo;indice mesurant cette activit\u00e9 est mont\u00e9 \u00e0 50,1% le mois pr\u00e9c\u00e9dent, contre 50,8% au mois de juin, flirtant avec la limite des 50% qui marque une contraction de l&rsquo;activit\u00e9. C&rsquo;est moins que ce qu&rsquo;anticipaient les analystes, qui s&rsquo;attendaient au contraire \u00e0 une hausse de l&rsquo;indice, qui devait s&rsquo;\u00e9tablir proche de 51,1% dans leurs pr\u00e9dictions, selon le consensus publi\u00e9 par MarketWatch.<\/p>\n<p class=\"fig-paragraph\">\u00abL&rsquo;indice a baiss\u00e9 au mois de juillet mais reste en territoire positif\u00bb, a soulign\u00e9 le responsable de l&rsquo;enqu\u00eate pour\u00a0<a href=\"http:\/\/www.lefigaro.fr\/flash-eco\/etats-unis-l-activite-dans-les-services-au-plus-haut-depuis-plus-de-deux-ans-en-octobre-selon-ism-20241105\" data-fig-type=\"NewsFlash\" data-gtm-custom-categorie=\"navigation\" data-gtm-custom-action=\"crossclick\" data-gtm-custom-label=\"Contextuel\" data-gtm-event=\"customEventSPE\" data-fig-domain=\"LEFIGARO\" rel=\"nofollow noopener\" target=\"_blank\">ISM<\/a>, Steve Miller, cit\u00e9 dans le communiqu\u00e9. \u00abL&rsquo;indice continue de refl\u00e9ter une croissance faible et les r\u00e9pondants ont mis en avant l&rsquo;impact n\u00e9gatif de facteurs saisonniers et m\u00e9t\u00e9orologiques\u00bb sur leur activit\u00e9, mais ils continuent de s&rsquo;inqui\u00e9ter de \u00abl&rsquo;impact li\u00e9 aux droits de douane, avec une hausse notable des prix des mati\u00e8res premi\u00e8res\u00bb.<\/p>\n<p>                                    <a class=\"fig-a11y-skip a11y-hidden\" href=\"#fig-a11y-skip-main-inarticle\"><br \/>\n        Passer la publicit\u00e9<br \/>\n    <\/a><\/p>\n<p class=\"fig-paragraph\">L&rsquo;ensemble des sous-indices sont orient\u00e9s \u00e0 la baisse mais restent \u00e9galement en territoire positif, \u00e0 la notable exception de celui li\u00e9 \u00e0 l&#8217;emploi, qui continue de s&rsquo;enfoncer sous les 50% (46,4% en juillet contre 47,2% en juin). \u00abL&rsquo;indice de l&#8217;emploi est en repli pour le deuxi\u00e8me mois d&rsquo;affil\u00e9e et la quatri\u00e8me fois sur les cinq derniers mois\u00bb, a soulign\u00e9 Steve Miller. Dans l&rsquo;ensemble, onze industries de service ont d\u00e9clar\u00e9 \u00eatre en progression au mois de juillet, alors que sept se sont d\u00e9clar\u00e9es en repli.<\/p>\n","protected":false},"excerpt":{"rendered":"L&rsquo;activit\u00e9 dans les services a recul\u00e9 au mois de juillet, \u00e0 un niveau plus faible qu&rsquo;anticip\u00e9 par les&hellip;\n","protected":false},"author":2,"featured_media":298374,"comment_status":"","ping_status":"","sticky":false,"template":"","format":"standard","meta":{"footnotes":""},"categories":[1589],"tags":[11,73,1866,12,1858,1864,1865,1863,308],"class_list":{"0":"post-298373","1":"post","2":"type-post","3":"status-publish","4":"format-standard","5":"has-post-thumbnail","7":"category-etats-unis","8":"tag-actualites","9":"tag-etats-unis","10":"tag-etats-unis-damerique","11":"tag-news","12":"tag-services","13":"tag-united-states","14":"tag-united-states-of-america","15":"tag-us","16":"tag-usa"},"share_on_mastodon":{"url":"https:\/\/pubeurope.com\/@fr\/114976897295354140","error":""},"_links":{"self":[{"href":"https:\/\/www.europesays.com\/fr\/wp-json\/wp\/v2\/posts\/298373","targetHints":{"allow":["GET"]}}],"collection":[{"href":"https:\/\/www.europesays.com\/fr\/wp-json\/wp\/v2\/posts"}],"about":[{"href":"https:\/\/www.europesays.com\/fr\/wp-json\/wp\/v2\/types\/post"}],"author":[{"embeddable":true,"href":"https:\/\/www.europesays.com\/fr\/wp-json\/wp\/v2\/users\/2"}],"replies":[{"embeddable":true,"href":"https:\/\/www.europesays.com\/fr\/wp-json\/wp\/v2\/comments?post=298373"}],"version-history":[{"count":0,"href":"https:\/\/www.europesays.com\/fr\/wp-json\/wp\/v2\/posts\/298373\/revisions"}],"wp:featuredmedia":[{"embeddable":true,"href":"https:\/\/www.europesays.com\/fr\/wp-json\/wp\/v2\/media\/298374"}],"wp:attachment":[{"href":"https:\/\/www.europesays.com\/fr\/wp-json\/wp\/v2\/media?parent=298373"}],"wp:term":[{"taxonomy":"category","embeddable":true,"href":"https:\/\/www.europesays.com\/fr\/wp-json\/wp\/v2\/categories?post=298373"},{"taxonomy":"post_tag","embeddable":true,"href":"https:\/\/www.europesays.com\/fr\/wp-json\/wp\/v2\/tags?post=298373"}],"curies":[{"name":"wp","href":"https:\/\/api.w.org\/{rel}","templated":true}]}}