{"id":298377,"date":"2025-08-05T15:37:14","date_gmt":"2025-08-05T15:37:14","guid":{"rendered":"https:\/\/www.europesays.com\/fr\/298377\/"},"modified":"2025-08-05T15:37:14","modified_gmt":"2025-08-05T15:37:14","slug":"larmee-a-recrute-28-de-soldats-de-plus-en-2025-que-lannee-precedente","status":"publish","type":"post","link":"https:\/\/www.europesays.com\/fr\/298377\/","title":{"rendered":"l\u2019arm\u00e9e a recrut\u00e9 28% de soldats de plus en 2025 que l\u2019ann\u00e9e pr\u00e9c\u00e9dente"},"content":{"rendered":"<p>Quelque 13.750 soldats ont rejoint la Bundeswehr entre le 1er janvier et le 21 juillet 2025. En mai dernier, le chancelier Friedrich Merz d\u00e9clarait vouloir faire de l\u2019arm\u00e9e allemande \u00abla plus puissante d\u2019Europe\u00bb.<\/p>\n<p class=\"fig-paragraph\">Entre des tensions ext\u00e9rieures croissantes, la peur d\u2019un conflit aux portes de l\u2019Europe et une communication militaire renforc\u00e9e, la<a href=\"http:\/\/www.lefigaro.fr\/international\/allemagne-le-ministre-de-la-defense-evoque-un-besoin-de-50-000-a-60-000-soldats-supplementaires-20250605\" target=\"_blank\" data-fig-type=\"NewsFlash\" rel=\"noopener\" data-gtm-custom-categorie=\"navigation\" data-gtm-custom-action=\"crossclick\" data-gtm-custom-label=\"Contextuel\" data-gtm-event=\"customEventSPE\" data-fig-domain=\"LEFIGARO\">\u00a0Bundeswehr<strong>\u00a0<\/strong><\/a> (arm\u00e9e allemande) attire \u00e0 nouveau les jeunes. En 2025, elle a enregistr\u00e9 une augmentation de\u00a0<a href=\"https:\/\/www.bmvg.de\/de\/presse\/positiver-personaltrend-bundeswehr-setzt-sich-fort-5980446?utm_source=chatgpt.com\" target=\"_blank\" rel=\"sponsored noopener\" data-gtm-custom-categorie=\"navigation\" data-gtm-custom-action=\"crossclick\" data-gtm-custom-label=\"Contextuel\" data-gtm-event=\"customEventSPE\">28 % des engagements par rapport \u00e0 l\u2019ann\u00e9e pr\u00e9c\u00e9dente sur la m\u00eame p\u00e9riode, selon les donn\u00e9es du minist\u00e8re de la D\u00e9fense<\/a>. L\u2019arm\u00e9e allemande a recrut\u00e9 13.750 personnes du 1er janvier au 21 juillet 2025. Au total, la Bundeswehr compte donc 183.100 soldats, soit 2000 effectifs suppl\u00e9mentaires, en comptabilisant \u00e9galement les d\u00e9parts (retraite, fin de contrat&#8230;).<\/p>\n<p class=\"fig-paragraph\">Le service militaire volontaire participe pleinement \u00e0 cette hausse avec une progression de 15% de ses effectifs qui comptent d\u00e9sormais 11.350 jeunes allemands. Le minist\u00e8re attribue cette dynamique \u00e0 une campagne de communication visant \u00e0 moderniser l\u2019image de l\u2019arm\u00e9e et \u00e0 renforcer son attractivit\u00e9.<\/p>\n<p>                                    <a class=\"fig-a11y-skip a11y-hidden\" href=\"#fig-a11y-skip-main-inarticle\"><br \/>\n        Passer la publicit\u00e9<br \/>\n    <\/a><\/p>\n<p>\u00abLa force arm\u00e9e conventionnelle la plus puissante d\u2019Europe\u00bb<\/p>\n<p class=\"fig-paragraph\">Ce regain d\u2019int\u00e9r\u00eat intervient dans un contexte g\u00e9opolitique tendu. Le gouvernement f\u00e9d\u00e9ral consid\u00e8re que le renforcement des effectifs est une n\u00e9cessit\u00e9 de premier ordre.<\/p>\n<p class=\"fig-paragraph\">Le chancelier Friedrich Merz en fait un point d\u2019honneur, d\u00e9clarant vouloir faire de la Bundeswehr\u00a0<a href=\"https:\/\/video.lefigaro.fr\/figaro\/video\/allemagne-larmee-conventionnelle-doit-etre-la-plus-puissante-deurope-declare-le-chancelier\/\" target=\"_blank\" data-fig-type=\"Video\" rel=\"sponsored noopener\" data-gtm-custom-categorie=\"navigation\" data-gtm-custom-action=\"crossclick\" data-gtm-custom-label=\"Contextuel\" data-gtm-event=\"customEventSPE\" data-fig-domain=\"VIDEO\">\u00abla force arm\u00e9e conventionnelle la plus puissante d\u2019Europe\u00bb<\/a>, lors de son premier discours devant le Bundestag (assembl\u00e9e parlementaire de la r\u00e9publique f\u00e9d\u00e9rale d\u2019Allemagne), le 14 mai dernier. Il s\u2019agit l\u00e0 d\u2019un tournant historique pour l\u2019Allemagne, longtemps consid\u00e9r\u00e9e comme<a href=\"http:\/\/www.lefigaro.fr\/international\/evoquant-les-vieilles-blessures-de-l-histoire-eric-coquerel-n-est-pas-rassure-de-voir-l-allemagne-se-rearmer-20250708\" target=\"_blank\" data-fig-type=\"NewsFlash\" rel=\"noopener\" data-gtm-custom-categorie=\"navigation\" data-gtm-custom-action=\"crossclick\" data-gtm-custom-label=\"Contextuel\" data-gtm-event=\"customEventSPE\" data-fig-domain=\"LEFIGARO\">\u00a0l\u2019un des pays les plus pacifistes du continent<\/a>.<\/p>\n<p>\u00abNous devons \u00eatre capables de faire la guerre\u00bb<\/p>\n<p class=\"fig-paragraph\">Un mois et demi apr\u00e8s son arriv\u00e9e au pouvoir, le chancelier a annonc\u00e9 un nouveau budget de la d\u00e9fense, s\u2019\u00e9levant \u00e0 162 milliards d\u2019euros pour 2029 \u2014 soit plus du triple du budget avant l\u2019invasion russe de l\u2019Ukraine. Ces fonds ont \u00e9t\u00e9 approuv\u00e9s dans le cadre du budget de 2025, ainsi que dans les grandes lignes des finances publiques jusqu\u2019en 2029, valid\u00e9es en conseil des ministres.<\/p>\n<p class=\"fig-paragraph\"><a href=\"http:\/\/www.lefigaro.fr\/international\/guerre-en-ukraine-poutine-pourrait-attaquer-l-otan-dans-5-a-8-ans-selon-le-ministre-allemand-de-la-defense-20240123\" target=\"_blank\" data-fig-type=\"NewsFlash\" rel=\"noopener\" data-gtm-custom-categorie=\"navigation\" data-gtm-custom-action=\"crossclick\" data-gtm-custom-label=\"Contextuel\" data-gtm-event=\"customEventSPE\" data-fig-domain=\"LEFIGARO\">\u00abNous devons \u00eatre capables de faire la guerre\u00bb<\/a>, a affirm\u00e9 le ministre allemand de la D\u00e9fense Boris Pistorius lors d\u2019une interview \u00e0 la t\u00e9l\u00e9vision allemande ZDF heute en janvier 2024. \u00abNous entendons des menaces du Kremlin presque tous les jours\u00bb, a-t-il ajout\u00e9 au quotidien\u00a0<a href=\"https:\/\/www.tagesspiegel.de\/\" target=\"_blank\" rel=\"sponsored noopener\" data-gtm-custom-categorie=\"navigation\" data-gtm-custom-action=\"crossclick\" data-gtm-custom-label=\"Contextuel\" data-gtm-event=\"customEventSPE\">Der Tagesspiegel<\/a>, ajoutant que \u00abVladimir Poutine pourrait m\u00eame attaquer un jour un pays de l\u2019Otan\u201d\u00bb<\/p>\n<p class=\"fig-paragraph\">Selon un sondage Forsa r\u00e9alis\u00e9 pour le\u00a0<a href=\"https:\/\/www.rnd.de\/politik\/umfrage-deutsche-fuer-mehr-verteidigung-selbst-kaempfen-lieber-nicht-CERDLFUUOZBDBFFJFWEGB6OMEE.html?utm_source=chatgpt.com\" target=\"_blank\" rel=\"sponsored noopener\" data-gtm-custom-categorie=\"navigation\" data-gtm-custom-action=\"crossclick\" data-gtm-custom-label=\"Contextuel\" data-gtm-event=\"customEventSPE\">Redaktionsnetzwerk Deutschland<\/a> <strong>, <\/strong>et repris par le m\u00e9dia\u00a0<a href=\"https:\/\/www.zeit.de\/politik\/deutschland\/2025-08\/umfrage-bundeswehr-kriegsfall-kampf-bereitschaft?utm_source=chatgpt.com\" target=\"_blank\" rel=\"sponsored noopener\" data-gtm-custom-categorie=\"navigation\" data-gtm-custom-action=\"crossclick\" data-gtm-custom-label=\"Contextuel\" data-gtm-event=\"customEventSPE\">Die Zeit<\/a> , 27 % des Allemands estiment que leur pays pourrait faire l\u2019objet d\u2019une attaque militaire dans les cinq prochaines ann\u00e9es. En revanche, 59 % ne se d\u00e9clarent pas pr\u00eats \u00e0 d\u00e9fendre l\u2019Allemagne par les armes. Chez les femmes, cette proportion atteint 72 %.<\/p>\n<p>                                    <a class=\"fig-a11y-skip a11y-hidden\" href=\"#fig-a11y-skip-main-inarticle_mtf\"><br \/>\n        Passer la publicit\u00e9<br \/>\n    <\/a><\/p>\n<p>Tests d\u2019aptitude militaire obligatoire<\/p>\n<p class=\"fig-paragraph\">Le gouvernement n\u2019envisage pas pour l\u2019instant de r\u00e9tablir le service militaire obligatoire, suspendu en 2011. Il pr\u00e9voit cependant, \u00e0 partir de 2028, de soumettre tous les jeunes hommes allemands de 18 ans \u00e0 des tests d\u2019aptitude militaire, notamment m\u00e9dicaux. Cette mesure reste sans obligation d\u2019engagement.<\/p>\n","protected":false},"excerpt":{"rendered":"Quelque 13.750 soldats ont rejoint la Bundeswehr entre le 1er janvier et le 21 juillet 2025. En mai&hellip;\n","protected":false},"author":2,"featured_media":298378,"comment_status":"","ping_status":"","sticky":false,"template":"","format":"standard","meta":{"footnotes":""},"categories":[1587],"tags":[11,672,1813,1804,7694,1805,1803,1777,674,1801,12,1802,29810],"class_list":{"0":"post-298377","1":"post","2":"type-post","3":"status-publish","4":"format-standard","5":"has-post-thumbnail","7":"category-allemagne","8":"tag-actualites","9":"tag-allemagne","10":"tag-armee","11":"tag-bundesrepublik-deutschland","12":"tag-bundeswehr","13":"tag-de","14":"tag-deutschland","15":"tag-eu","16":"tag-europe","17":"tag-germany","18":"tag-news","19":"tag-republique-federale-dallemagne","20":"tag-service-militaire"},"share_on_mastodon":{"url":"https:\/\/pubeurope.com\/@fr\/114976905818923546","error":""},"_links":{"self":[{"href":"https:\/\/www.europesays.com\/fr\/wp-json\/wp\/v2\/posts\/298377","targetHints":{"allow":["GET"]}}],"collection":[{"href":"https:\/\/www.europesays.com\/fr\/wp-json\/wp\/v2\/posts"}],"about":[{"href":"https:\/\/www.europesays.com\/fr\/wp-json\/wp\/v2\/types\/post"}],"author":[{"embeddable":true,"href":"https:\/\/www.europesays.com\/fr\/wp-json\/wp\/v2\/users\/2"}],"replies":[{"embeddable":true,"href":"https:\/\/www.europesays.com\/fr\/wp-json\/wp\/v2\/comments?post=298377"}],"version-history":[{"count":0,"href":"https:\/\/www.europesays.com\/fr\/wp-json\/wp\/v2\/posts\/298377\/revisions"}],"wp:featuredmedia":[{"embeddable":true,"href":"https:\/\/www.europesays.com\/fr\/wp-json\/wp\/v2\/media\/298378"}],"wp:attachment":[{"href":"https:\/\/www.europesays.com\/fr\/wp-json\/wp\/v2\/media?parent=298377"}],"wp:term":[{"taxonomy":"category","embeddable":true,"href":"https:\/\/www.europesays.com\/fr\/wp-json\/wp\/v2\/categories?post=298377"},{"taxonomy":"post_tag","embeddable":true,"href":"https:\/\/www.europesays.com\/fr\/wp-json\/wp\/v2\/tags?post=298377"}],"curies":[{"name":"wp","href":"https:\/\/api.w.org\/{rel}","templated":true}]}}