{"id":298379,"date":"2025-08-05T15:38:09","date_gmt":"2025-08-05T15:38:09","guid":{"rendered":"https:\/\/www.europesays.com\/fr\/298379\/"},"modified":"2025-08-05T15:38:09","modified_gmt":"2025-08-05T15:38:09","slug":"pourquoi-leurope-ne-fait-plus-confiance-a-la-france-par-leconomiste-irlandais-eoin-drea-lexpress","status":"publish","type":"post","link":"https:\/\/www.europesays.com\/fr\/298379\/","title":{"rendered":"Pourquoi l\u2019Europe ne fait plus confiance \u00e0 la France, par l\u2019\u00e9conomiste irlandais Eoin Drea \u2013 L&rsquo;Express"},"content":{"rendered":"<p class=\"paragraph article-body-paragraph article__item   article-body-paragraph--first \">C\u2019est le moment o\u00f9 la France devrait enfin rayonner \u00e0 Bruxelles. L\u2019opportunit\u00e9 que Paris attend depuis des d\u00e9cennies. Une chance de remodeler l\u2019Union europ\u00e9enne en un v\u00e9ritable acteur mondial. Apr\u00e8s tout, la France n\u2019a-t-elle pas cess\u00e9 d\u2019alerter sur les dangers de la d\u00e9pendance vis-\u00e0-vis des \u00c9tats-Unis ? Ces anglophones peu fiables \u2013 et leurs laquais britanniques \u2013 qui ont rendu l\u2019Europe faible, d\u00e9pendante et fragile depuis le d\u00e9but de la guerre froide. La <a href=\"https:\/\/www.lexpress.fr\/monde\/amerique\/donald-trump_1702460.html\" target=\"_self\" rel=\"noopener\" title=\"https:\/\/www.lexpress.fr\/monde\/amerique\/donald-trump_1702460.html\">r\u00e9\u00e9lection du pr\u00e9sident Trump<\/a> semble confirmer le sentiment exprim\u00e9 par Charles de Gaulle, qui affirmait que la mission de la France \u00e9tait de lib\u00e9rer l\u2019Europe occidentale de son r\u00f4le de \u00ab\u00a0protectorat des Am\u00e9ricains\u00a0\u00bb. Ainsi, apr\u00e8s avoir parad\u00e9 \u00e0 travers l\u2019Europe depuis 2017, <a href=\"https:\/\/www.lexpress.fr\/politique\/emmanuel-macron-reelu-president-de-la-republique_2172348.html\" target=\"_self\" rel=\"noopener\" title=\"https:\/\/www.lexpress.fr\/politique\/emmanuel-macron-reelu-president-de-la-republique_2172348.html\">le pr\u00e9sident Macron<\/a> peut enfin proclamer que l\u2019heure de la France est arriv\u00e9e. Dans un contexte plus large, les cons\u00e9quences directes de <a href=\"https:\/\/www.lexpress.fr\/monde\/europe\/l-ukraine-hesite-entre-est-et-ouest_1302698.html\" target=\"_self\" rel=\"noopener\" title=\"https:\/\/www.lexpress.fr\/monde\/europe\/l-ukraine-hesite-entre-est-et-ouest_1302698.html\">l\u2019invasion de l\u2019Ukraine par la Russie<\/a> \u2013 flamb\u00e9e des prix de l\u2019\u00e9nergie et grotesque manque de pr\u00e9paration militaire \u00e0 travers l\u2019Union europ\u00e9enne \u2013 ont par ailleurs renforc\u00e9 la position de la France \u00e0 Bruxelles. En tant que <a href=\"https:\/\/www.lexpress.fr\/idees-et-debats\/le-nucleaire-cette-reussite-francaise-que-leurope-veut-miner-en-2025-par-arnaud-lacheret-56HZAT26OBGWNH7TD5KKC4CT5M\/\" target=\"_self\" rel=\"noopener\" title=\"https:\/\/www.lexpress.fr\/idees-et-debats\/le-nucleaire-cette-reussite-francaise-que-leurope-veut-miner-en-2025-par-arnaud-lacheret-56HZAT26OBGWNH7TD5KKC4CT5M\/\">seule puissance nucl\u00e9aire<\/a> du continent reposant sur une production domestique, la France est id\u00e9alement positionn\u00e9e pour devenir le c\u0153ur de la tant attendue \u00ab\u00a0Union de l\u2019\u00e9nergie\u00a0\u00bb europ\u00e9enne. Contrairement \u00e0 Berlin, Paris n\u2019a pas utilis\u00e9 la cause environnementale pour restreindre ses capacit\u00e9s nucl\u00e9aires. Une d\u00e9cision qui para\u00eet chaque jour plus judicieuse. <\/p>\n<p class=\"paragraph article-body-paragraph article__item   \">Alors que Berlin <a href=\"https:\/\/www.lexpress.fr\/monde\/europe\/allemagne-le-plan-de-friedrich-merz-pour-faire-de-son-armee-la-plus-puissante-deurope-ULR5VYCHMZDBTLVIOFJGUDK3XQ\/\" target=\"_self\" rel=\"noopener\" title=\"https:\/\/www.lexpress.fr\/monde\/europe\/allemagne-le-plan-de-friedrich-merz-pour-faire-de-son-armee-la-plus-puissante-deurope-ULR5VYCHMZDBTLVIOFJGUDK3XQ\/\">s\u2019empresse d\u2019augmenter ses d\u00e9penses militaires<\/a>, la France envisage habilement le premier v\u00e9ritable grand compromis franco-allemand depuis la cr\u00e9ation de la monnaie unique. Un possible accord du type \u00ab\u00a0des bombes contre de la dette\u00a0\u00bb permettrait de mettre \u00e0 profit le <a href=\"https:\/\/www.lexpress.fr\/monde\/europe\/parapluie-nucleaire-francais-ces-trois-questions-brulantes-a-se-poser-par-frederic-encel-GI7RBXLNLZH6PG5LR6VCZCMBQI\/\" target=\"_self\" rel=\"noopener\" title=\"https:\/\/www.lexpress.fr\/monde\/europe\/parapluie-nucleaire-francais-ces-trois-questions-brulantes-a-se-poser-par-frederic-encel-GI7RBXLNLZH6PG5LR6VCZCMBQI\/\">parapluie nucl\u00e9aire fran\u00e7ais<\/a> en \u00e9change de r\u00e8gles budg\u00e9taires europ\u00e9ennes plus souples.<\/p>\n<p><strong class=\"article-body-link-list__item text-gray-800 article-body-link-list__item--one-item\">LIRE AUSSI : <a class=\"article-body-link-list__item-link\" href=\"https:\/\/www.lexpress.fr\/monde\/europe\/europe-le-retour-en-grace-de-latome-par-eric-chol-4FKDPULCU5AKPF6TESTLBLNP5Y\/\" target=\"_blank\" rel=\"noreferrer noopener\">Europe : le retour en gr\u00e2ce de l\u2019atome, par Eric Chol<\/a><\/strong><\/p>\n<p class=\"paragraph article-body-paragraph article__item   \">Ce devrait \u00eatre enfin le moment pour la France. Pourquoi alors personne dans l\u2019UE ne lui fait-il r\u00e9ellement confiance ? Et pourquoi \u2013 apr\u00e8s avoir vu Paris avoir raison sur tant de points \u2013 les autres \u00c9tats membres h\u00e9sitent-ils \u00e0 accepter \u00ab\u00a0un baiser amoureux fran\u00e7ais\u00a0\u00bb ?<\/p>\n<p class=\"paragraph article-body-paragraph article__item   \">Tout d\u2019abord, il y a la perception que Paris veut \u00ab\u00a0franciser\u00a0\u00bb l\u2019\u00e9conomie europ\u00e9enne. Et aux yeux du reste de l\u2019Europe, ce serait un d\u00e9sastre \u00e0 la sauce gauloise. Un mod\u00e8le fran\u00e7ais dans lequel <a href=\"https:\/\/www.lexpress.fr\/economie\/la-dette-publique-francaise-continue-de-semballer-pour-atteindre-114-du-pib-PSAI4FDBNBFLDOHCIUXHQ5F4UE\/\" target=\"_self\" rel=\"noopener\" title=\"https:\/\/www.lexpress.fr\/economie\/la-dette-publique-francaise-continue-de-semballer-pour-atteindre-114-du-pib-PSAI4FDBNBFLDOHCIUXHQ5F4UE\/\">la dette publique<\/a> devrait, selon les pr\u00e9visions de la Commission europ\u00e9enne, atteindre 118 % du PIB d\u2019ici 2026, et dont les ratios d\u2019endettement d\u00e9passeront probablement ceux de la Gr\u00e8ce d\u2019ici la fin de la d\u00e9cennie. Une \u00e9conomie qui n\u2019a pas enregistr\u00e9 d\u2019exc\u00e9dent budg\u00e9taire depuis 1974. Une utopie protectionniste qui \u00e9touffe la concurrence au profit d\u2019\u00e9lites bien en place. C\u2019est uniquement gr\u00e2ce au soutien pr\u00e9sum\u00e9 de la Banque centrale europ\u00e9enne (BCE) que la France reste solvable sur les march\u00e9s financiers. Aujourd\u2019hui, Paris doit payer un co\u00fbt d\u2019emprunt plus \u00e9lev\u00e9 que celui des obligations espagnoles ou grecques \u00e9quivalentes.<\/p>\n<p>\u00ab\u00a0La France, un vignoble en faillite\u00a0\u00bb<\/p>\n<p class=\"paragraph article-body-paragraph article__item   \">Pire encore, ce mod\u00e8le est mal pr\u00e9par\u00e9 pour l\u2019avenir \u00e9conomique et d\u00e9mographique. Ainsi, tandis que les gouvernements fran\u00e7ais vacillent et que les travailleurs descendent dans la rue pour d\u00e9fendre le droit de partir \u00e0 <a href=\"https:\/\/www.lexpress.fr\/politique\/reforme-des-retraites-francois-bayrou-dit-non-a-un-retour-a-62-ans-MCZTO3DCMRB2BGR342CWCFPM24\/\" target=\"_self\" rel=\"noopener\" title=\"https:\/\/www.lexpress.fr\/politique\/reforme-des-retraites-francois-bayrou-dit-non-a-un-retour-a-62-ans-MCZTO3DCMRB2BGR342CWCFPM24\/\">la retraite \u00e0 62 ans<\/a>, les citoyens d\u2019autres Etats membres de l\u2019UE se sont d\u00e9j\u00e0 adapt\u00e9s \u00e0 l\u2019avenir. En Gr\u00e8ce, l\u2019\u00e2ge de la retraite est d\u00e9j\u00e0 fix\u00e9 \u00e0 67 ans. M\u00eame les Belges, pourtant peu dynamiques, sont en pleine mise en \u0153uvre de leur plus grande r\u00e9forme \u00e9conomique depuis des d\u00e9cennies (et l\u2019\u00e2ge de la retraite y est d\u00e9j\u00e0 fix\u00e9 \u00e0 66 ans !).<\/p>\n<p><strong class=\"article-body-link-list__item text-gray-800 article-body-link-list__item--one-item\">LIRE AUSSI : <a class=\"article-body-link-list__item-link\" href=\"https:\/\/www.lexpress.fr\/idees-et-debats\/claus-vistesen-economiste-danois-la-retraite-a-62-ans-les-francais-vivent-dans-un-monde-parallele-GUMUDYCGCFCZ3HD7PUAFA757QQ\/\" target=\"_blank\" rel=\"noreferrer noopener\">Claus Vistesen, \u00e9conomiste danois : \u00ab\u00a0La retraite \u00e0 62 ans ? Les Fran\u00e7ais vivent dans un monde parall\u00e8le\u00a0\u00bb<\/a><\/strong><\/p>\n<p class=\"paragraph article-body-paragraph article__item   \">Au c\u0153ur du d\u00e9sint\u00e9r\u00eat de l\u2019Europe pour le mod\u00e8le \u00e9conomique fran\u00e7ais se trouve le r\u00f4le \u00e9crasant de l\u2019\u00c9tat. Les d\u00e9penses publiques en France \u2013 qui atteignent pr\u00e8s de 60 % de son produit int\u00e9rieur brut (PIB) \u2013 sont d\u00e9j\u00e0 presque un cinqui\u00e8me plus \u00e9lev\u00e9es que la moyenne de l\u2019UE. Et la pression fiscale fran\u00e7aise ? \u00c0 44 % du PIB, elle est d\u00e9j\u00e0 la plus \u00e9lev\u00e9e de toute l\u2019Union europ\u00e9enne ! Les autres \u00c9tats membres de l\u2019UE ont observ\u00e9 le mod\u00e8le \u00e9conomique fran\u00e7ais et ont rapidement r\u00e9pondu : \u00ab\u00a0Non merci\u00a0\u00bb. Comme Emily in Paris, c\u2019est une chose d\u2019aimer boire du vin fran\u00e7ais, mais c\u2019en est une autre de vouloir vivre dans un vignoble en faillite.<\/p>\n<\/p>\n<p class=\"paragraph article-body-paragraph article__item   \">Deuxi\u00e8mement, et c\u2019est peut-\u00eatre le plus grand obstacle \u00e0 la r\u00e9alisation des ambitions fran\u00e7aises \u00e0 Bruxelles : l\u2019absence totale d\u2019alli\u00e9s et de partenaires fiables. Malgr\u00e9 l\u2019attachement du pr\u00e9sident Macron aux visites d\u2019\u00c9tat officielles et ses envol\u00e9es lyriques sur un avenir europ\u00e9en commun, chaque membre de l\u2019UE comprend que ces politesses diplomatiques masquent des priorit\u00e9s fran\u00e7aises bien claires. Des priorit\u00e9s qui tournent sans cesse autour de la recherche d\u2019avantages (et de protections) pour les entreprises fran\u00e7aises. Il suffit de voir comment Paris a repouss\u00e9 \u00e0 plusieurs reprises la finalisation du <a href=\"https:\/\/www.lexpress.fr\/monde\/europe\/face-a-la-russie-et-les-zigzags-de-donald-trump-le-projet-europeen-de-defense-edip-prend-forme-5XEFB5WZNZDRZAMWMZ5Y7ORPEM\/\" target=\"_self\" rel=\"noopener\" title=\"https:\/\/www.lexpress.fr\/monde\/europe\/face-a-la-russie-et-les-zigzags-de-donald-trump-le-projet-europeen-de-defense-edip-prend-forme-5XEFB5WZNZDRZAMWMZ5Y7ORPEM\/\">Programme europ\u00e9en de l\u2019industrie de d\u00e9fense (EDIP)<\/a> en tentant d\u2019exclure le mat\u00e9riel militaire produit en Europe par des pays non europ\u00e9ens. Il ne s\u2019agissait pas de renforcer les capacit\u00e9s de d\u00e9fense europ\u00e9ennes, mais de prot\u00e9ger les fournisseurs fran\u00e7ais de la d\u00e9fense. Ainsi, tandis que les Etats baltes et d\u2019autres pays r\u00e9clamaient d\u2019urgence des fournitures militaires, la France jouait un tout autre jeu politique \u00e0 Bruxelles.<\/p>\n<p><strong class=\"article-body-link-list__item text-gray-800 article-body-link-list__item--one-item\">LIRE AUSSI : <a class=\"article-body-link-list__item-link\" href=\"https:\/\/www.lexpress.fr\/idees-et-debats\/francois-facchini-economiste-francois-bayrou-a-rate-sa-chance-detre-le-premier-ministre-de-la-ECLO5HMTVFBVHNTULVJW26N5V4\/\" target=\"_blank\" rel=\"noreferrer noopener\">Fran\u00e7ois Facchini, \u00e9conomiste : \u00ab\u00a0Fran\u00e7ois Bayrou a rat\u00e9 sa chance d&rsquo;\u00eatre le Premier ministre de la rupture\u00a0\u00bb<\/a><\/strong><\/p>\n<p class=\"paragraph article-body-paragraph article__item   \">Et cela nous m\u00e8ne directement \u00e0 la troisi\u00e8me raison : le d\u00e9sir persistant de la France de punir <a href=\"https:\/\/www.lexpress.fr\/monde\/europe\/il-faut-passer-outre-cette-amertume-post-brexit-lappel-de-lex-ambassadrice-du-royaume-uni-en-france-GMX2O5Y4JRC2RLKVXAM6YKVP6U\/\" target=\"_self\" rel=\"noopener\" title=\"https:\/\/www.lexpress.fr\/monde\/europe\/il-faut-passer-outre-cette-amertume-post-brexit-lappel-de-lex-ambassadrice-du-royaume-uni-en-france-GMX2O5Y4JRC2RLKVXAM6YKVP6U\/\">le Royaume-Uni pour sa sortie de l\u2019Union europ\u00e9enne, <\/a>quel qu\u2019en soit le co\u00fbt pour les autres \u00c9tats membres. Pour de nombreux petits pays, la strat\u00e9gie absurde de Macron cherchant \u00e0 lier un accord sur la p\u00eache \u00e0 la conclusion d\u2019un pacte de s\u00e9curit\u00e9 entre l\u2019UE et le Royaume-Uni n\u2019est que le dernier exemple en date de la volont\u00e9 fran\u00e7aise de faire \u00ab\u00a0payer\u00a0\u00bb Londres pour le Brexit. Cela r\u00e9v\u00e8le le d\u00e9sir de la France de privil\u00e9gier une Union europ\u00e9enne sans influence anglophone, avant toute autre consid\u00e9ration, y compris la s\u00e9curit\u00e9 de ses partenaires d\u2019Europe centrale et orientale.<\/p>\n<p>Macron laisse le champ libre \u00e0 Le Pen<\/p>\n<p class=\"paragraph article-body-paragraph article__item   \">Enfin, il existe une dimension culturelle qui continue de miner la capacit\u00e9 de la France \u00e0 construire des coalitions solides \u00e0 Bruxelles. Beaucoup per\u00e7oivent une certaine arrogance chez les responsables fran\u00e7ais dans leurs relations avec les autres \u00c9tats membres. C\u2019est une attitude condescendante qui m\u00e9prise souvent l\u2019usage de toute langue autre que le fran\u00e7ais lors de n\u00e9gociations importantes. Or, bien que la diversit\u00e9 linguistique soit au c\u0153ur de l\u2019UE, l\u2019anglais est devenu, dans les faits, la \u00ab\u00a0lingua franca\u00a0\u00bb de la bulle bruxelloise. Une r\u00e9alit\u00e9 que les Allemands, les pays nordiques et l\u2019ensemble de l\u2019Europe de l\u2019Est ont depuis longtemps accept\u00e9e. La question linguistique \u2013 pour de nombreux Europ\u00e9ens \u2013 symbolise \u00e9galement la volont\u00e9 de la France de contr\u00f4ler l\u2019Union europ\u00e9enne, quel qu\u2019en soit le co\u00fbt, l\u2019inconv\u00e9nient ou l\u2019absurdit\u00e9. C\u2019est d\u2019ailleurs pour cette raison que le Parlement europ\u00e9en fait ses valises une fois par mois pour cette folle migration vers Strasbourg.<\/p>\n<p><strong class=\"article-body-link-list__item text-gray-800 article-body-link-list__item--one-item\">LIRE AUSSI : <a class=\"article-body-link-list__item-link\" href=\"https:\/\/www.lexpress.fr\/idees-et-debats\/le-cri-dalarme-de-nicolas-baverez-pour-la-premiere-fois-depuis-les-annees-1950-leurope-se-construit-U7KCMXVV25EWPOO6SOYXOK3XQU\/\" target=\"_blank\" rel=\"noreferrer noopener\">Le cri d\u2019alarme de Nicolas Baverez : \u00ab\u00a0Pour la premi\u00e8re fois depuis les ann\u00e9es 1950, l\u2019Europe se construit sans la France\u00a0\u00bb<\/a><\/strong><\/p>\n<p class=\"paragraph article-body-paragraph article__item   \">Ce probl\u00e8me est aggrav\u00e9 par la repr\u00e9sentation politique fran\u00e7aise au Parlement europ\u00e9en. Seuls six eurod\u00e9put\u00e9s fran\u00e7ais (sur 81) si\u00e8gent au sein du plus grand groupe de centre droit \u2013 le Parti populaire europ\u00e9en (PPE). Treize autres seulement appartiennent au deuxi\u00e8me plus grand groupe socialiste (Socialistes &amp; D\u00e9mocrates). En fragmentant les forces traditionnelles de droite et de gauche, Emmanuel Macron a en r\u00e9alit\u00e9 isol\u00e9 la repr\u00e9sentation politique fran\u00e7aise \u00e0 Bruxelles. Parmi les Vingt-Sept, c\u2019est d\u00e9sormais Marine Le Pen qui donne l\u2019impression d\u2019incarner, au fond, la voix politique de la France.<\/p>\n<p class=\"paragraph article-body-paragraph article__item   \">Comme l\u2019a fait remarquer Sir Humphrey Appleby \u2013 le personnage fictif de la s\u00e9rie satirique britannique Yes, Minister \u2013 \u00ab\u00a0Monsieur le Ministre, cela fait au moins 500 ans que la Grande-Bretagne poursuit le m\u00eame objectif en politique \u00e9trang\u00e8re : diviser l\u2019Europe.\u00a0\u00bb De fa\u00e7on assez incroyable, la France a r\u00e9ussi le m\u00eame exploit en moins de sept d\u00e9cennies\u2026<\/p>\n<p class=\"paragraph article-body-paragraph article__item    article__text__endpicto\">* Eoin Drea est chercheur principal au Centre d\u2019\u00e9tudes europ\u00e9ennes Wilfried Martens, un think tank de centre droit affili\u00e9 au Parti populaire europ\u00e9en, sp\u00e9cialis\u00e9 en politique macro\u00e9conomique et sociale.<\/p>\n<p>.<\/p>\n","protected":false},"excerpt":{"rendered":"C\u2019est le moment o\u00f9 la France devrait enfin rayonner \u00e0 Bruxelles. L\u2019opportunit\u00e9 que Paris attend depuis des d\u00e9cennies.&hellip;\n","protected":false},"author":2,"featured_media":298380,"comment_status":"","ping_status":"","sticky":false,"template":"","format":"standard","meta":{"footnotes":""},"categories":[1586],"tags":[11,1777,674,1011,27,5951,12,25],"class_list":{"0":"post-298379","1":"post","2":"type-post","3":"status-publish","4":"format-standard","5":"has-post-thumbnail","7":"category-europe","8":"tag-actualites","9":"tag-eu","10":"tag-europe","11":"tag-fr","12":"tag-france","13":"tag-idees-et-debats","14":"tag-news","15":"tag-republique-francaise"},"share_on_mastodon":{"url":"https:\/\/pubeurope.com\/@fr\/114976909072451286","error":""},"_links":{"self":[{"href":"https:\/\/www.europesays.com\/fr\/wp-json\/wp\/v2\/posts\/298379","targetHints":{"allow":["GET"]}}],"collection":[{"href":"https:\/\/www.europesays.com\/fr\/wp-json\/wp\/v2\/posts"}],"about":[{"href":"https:\/\/www.europesays.com\/fr\/wp-json\/wp\/v2\/types\/post"}],"author":[{"embeddable":true,"href":"https:\/\/www.europesays.com\/fr\/wp-json\/wp\/v2\/users\/2"}],"replies":[{"embeddable":true,"href":"https:\/\/www.europesays.com\/fr\/wp-json\/wp\/v2\/comments?post=298379"}],"version-history":[{"count":0,"href":"https:\/\/www.europesays.com\/fr\/wp-json\/wp\/v2\/posts\/298379\/revisions"}],"wp:featuredmedia":[{"embeddable":true,"href":"https:\/\/www.europesays.com\/fr\/wp-json\/wp\/v2\/media\/298380"}],"wp:attachment":[{"href":"https:\/\/www.europesays.com\/fr\/wp-json\/wp\/v2\/media?parent=298379"}],"wp:term":[{"taxonomy":"category","embeddable":true,"href":"https:\/\/www.europesays.com\/fr\/wp-json\/wp\/v2\/categories?post=298379"},{"taxonomy":"post_tag","embeddable":true,"href":"https:\/\/www.europesays.com\/fr\/wp-json\/wp\/v2\/tags?post=298379"}],"curies":[{"name":"wp","href":"https:\/\/api.w.org\/{rel}","templated":true}]}}