{"id":298381,"date":"2025-08-05T15:39:11","date_gmt":"2025-08-05T15:39:11","guid":{"rendered":"https:\/\/www.europesays.com\/fr\/298381\/"},"modified":"2025-08-05T15:39:11","modified_gmt":"2025-08-05T15:39:11","slug":"lue-suspend-ses-contre-mesures-douanieres-contre-les-etats-unis","status":"publish","type":"post","link":"https:\/\/www.europesays.com\/fr\/298381\/","title":{"rendered":"L&rsquo;UE suspend ses contre-mesures douani\u00e8res contre les \u00c9tats-Unis"},"content":{"rendered":"<p><strong>L\u2019Union europ\u00e9enne (UE) va <a href=\"https:\/\/al24news.dz\/fr\/lue-va-prolonger-la-suspension-des-contre-mesures-tarifaires-visant-les-etats-unis-jusquen-aout\/\" rel=\"nofollow noopener\" target=\"_blank\">suspendre<\/a> pendant six mois ses deux paquets de contre-mesures contre les tarifs douaniers am\u00e9ricains; et ce, suite \u00e0 un accord trouv\u00e9 avec Donald Trump. C\u2019est ce qu\u2019a r\u00e9v\u00e9l\u00e9, lundi 4 ao\u00fbt, un porte-parole de la Commission europ\u00e9enne.<\/strong><\/p>\n<p>L\u2019<a href=\"https:\/\/www.leconomistemaghrebin.com\/2025\/07\/29\/accord-entre-washington-et-bruxelles-leurope-se-plie-au-diktat-de-trump\/\" rel=\"nofollow noopener\" target=\"_blank\">accord<\/a> UE\/\u00c9tats-Unis laisse de nombreuses questions ouvertes, notamment les tarifs douaniers sur les boissons alcoolis\u00e9es. Tandis que le d\u00e9cret de Trump de la semaine derni\u00e8re, qui a impos\u00e9 des tarifs douaniers de 15 % sur la plupart des produits de l\u2019Union europ\u00e9enne, n\u2019incluait pas d\u2019exemptions.<\/p>\n<p>Les responsables de l\u2019UE ont d\u00e9clar\u00e9 qu\u2019ils s\u2019attendaient \u00e0 ce que d\u2019autres d\u00e9crets ex\u00e9cutifs suivent bient\u00f4t. \u00ab\u00a0L\u2019UE continue de travailler avec les \u00c9tats-Unis pour finaliser une d\u00e9claration commune, comme convenu le 27 juillet\u00a0\u00bb. C\u2019est ce qu\u2019a d\u00e9clar\u00e9 pour sa part le porte-parole dans un communiqu\u00e9, rapport\u00e9 par Reuters.<\/p>\n<p>\u00ab\u00a0Avec ces objectifs en t\u00eate, la Commission prendra les mesures n\u00e9cessaires pour suspendre pendant 6 mois les contre-mesures de l\u2019UE contre les \u00c9tats-Unis, qui devaient entrer en vigueur le 7 ao\u00fbt\u00a0\u00bb, note-t-il.<\/p>\n<p>Les tarifs de r\u00e9torsion sont divis\u00e9s en deux parties : l\u2019une en r\u00e9ponse aux tarifs am\u00e9ricains sur l\u2019acier et l\u2019aluminium, et l\u2019autre en r\u00e9ponse aux tarifs de base et aux tarifs automobiles de Trump.<\/p>\n","protected":false},"excerpt":{"rendered":"L\u2019Union europ\u00e9enne (UE) va suspendre pendant six mois ses deux paquets de contre-mesures contre les tarifs douaniers am\u00e9ricains;&hellip;\n","protected":false},"author":2,"featured_media":298382,"comment_status":"","ping_status":"","sticky":false,"template":"","format":"standard","meta":{"footnotes":""},"categories":[1586],"tags":[11,1777,674,1779,1011,27,12,25,1778,364],"class_list":{"0":"post-298381","1":"post","2":"type-post","3":"status-publish","4":"format-standard","5":"has-post-thumbnail","7":"category-europe","8":"tag-actualites","9":"tag-eu","10":"tag-europe","11":"tag-european-union","12":"tag-fr","13":"tag-france","14":"tag-news","15":"tag-republique-francaise","16":"tag-ue","17":"tag-union-europeenne"},"share_on_mastodon":{"url":"","error":""},"_links":{"self":[{"href":"https:\/\/www.europesays.com\/fr\/wp-json\/wp\/v2\/posts\/298381","targetHints":{"allow":["GET"]}}],"collection":[{"href":"https:\/\/www.europesays.com\/fr\/wp-json\/wp\/v2\/posts"}],"about":[{"href":"https:\/\/www.europesays.com\/fr\/wp-json\/wp\/v2\/types\/post"}],"author":[{"embeddable":true,"href":"https:\/\/www.europesays.com\/fr\/wp-json\/wp\/v2\/users\/2"}],"replies":[{"embeddable":true,"href":"https:\/\/www.europesays.com\/fr\/wp-json\/wp\/v2\/comments?post=298381"}],"version-history":[{"count":0,"href":"https:\/\/www.europesays.com\/fr\/wp-json\/wp\/v2\/posts\/298381\/revisions"}],"wp:featuredmedia":[{"embeddable":true,"href":"https:\/\/www.europesays.com\/fr\/wp-json\/wp\/v2\/media\/298382"}],"wp:attachment":[{"href":"https:\/\/www.europesays.com\/fr\/wp-json\/wp\/v2\/media?parent=298381"}],"wp:term":[{"taxonomy":"category","embeddable":true,"href":"https:\/\/www.europesays.com\/fr\/wp-json\/wp\/v2\/categories?post=298381"},{"taxonomy":"post_tag","embeddable":true,"href":"https:\/\/www.europesays.com\/fr\/wp-json\/wp\/v2\/tags?post=298381"}],"curies":[{"name":"wp","href":"https:\/\/api.w.org\/{rel}","templated":true}]}}