{"id":298386,"date":"2025-08-05T15:42:18","date_gmt":"2025-08-05T15:42:18","guid":{"rendered":"https:\/\/www.europesays.com\/fr\/298386\/"},"modified":"2025-08-05T15:42:18","modified_gmt":"2025-08-05T15:42:18","slug":"la-chaleur-revient-en-france-a-quoi-faut-il-sattendre","status":"publish","type":"post","link":"https:\/\/www.europesays.com\/fr\/298386\/","title":{"rendered":"la chaleur revient en France, \u00e0 quoi faut-il s\u2019attendre\u00a0?"},"content":{"rendered":"<p>L\u2019impression (<a href=\"https:\/\/vert.eco\/articles\/vit-on-un-ete-pourri-ou-sest-on-simplement-habitues-aux-etes-caniculaires\" target=\"_blank\" rel=\"noopener\">trompeuse<\/a>) d\u2019un \u00ab\u00e9t\u00e9 pourri\u00bb pourrait bient\u00f4t n\u2019\u00eatre qu\u2019un lointain souvenir, alors que les fortes chaleurs feront leur retour dans l\u2019Hexagone \u00e0 la fin de la semaine, <a href=\"https:\/\/meteofrance.com\/actualites-et-dossiers\/actualites\/retour-du-soleil-et-de-la-chaleur-par-le-sud-cette-semaine\" target=\"_blank\" rel=\"noopener\">annonce M\u00e9t\u00e9o-France<\/a> ce mardi. Si le mercure ne devrait pas grimper de fa\u00e7on d\u00e9mesur\u00e9e mercredi, le soleil tapera fort dans le sud et le sud-ouest d\u00e8s jeudi. Les normales de saison (la moyenne des 30 derni\u00e8res ann\u00e9es) seront nettement d\u00e9pass\u00e9es localement.<\/p>\n<p><img fetchpriority=\"high\" decoding=\"async\" width=\"1024\" height=\"683\" src=\"data:image\/svg+xml,%3Csvg%20xmlns=\" http:=\"\" alt=\"\" class=\"wp-image-45763\" data-lazy- data-lazy- data-lazy-src=\"https:\/\/www.europesays.com\/fr\/wp-content\/uploads\/2025\/08\/brian-wangenheim-qOyJFuvsGEs-unsplash-1-1024x683.jpg\"\/>Les fortes chaleurs devraient s\u2019\u00e9tendre vers la moiti\u00e9 nord de la France vendredi. \u00a9 Brian Wangenheim\/Unsplash<\/p>\n<p>\u00abDans le sud-ouest, les temp\u00e9ratures maximales sup\u00e9rieures \u00e0 35\u00b0C [seront] g\u00e9n\u00e9ralis\u00e9es, avec m\u00eame des pointes entre 37 et 38\u00b0C. Le long de la vall\u00e9e du Rh\u00f4ne, 35 \u00e0 37\u00b0C sont attendus\u00bb d\u00e8s jeudi, pr\u00e9voit l\u2019organisme m\u00e9t\u00e9orologique. <\/p>\n<p>Vers une canicule\u00a0?<\/p>\n<p>Les fortes chaleurs devraient s\u2019\u00e9tendre au nord du pays \u00e0 partir de vendredi \u2013 il pourrait faire jusqu\u2019\u00e0 33\u00b0C dans la moiti\u00e9 septentrionale, toujours selon M\u00e9t\u00e9o-France. Et, dans le sud, les temp\u00e9ratures devraient rester tr\u00e8s \u00e9lev\u00e9es samedi et dimanche. \u00abIl existe un risque de canicule\u00bb dans la r\u00e9gion de Toulouse (Haute-Garonne), <a href=\"https:\/\/bsky.app\/profile\/francoisjobard.bsky.social\/post\/3lvj3qal7t223\" target=\"_blank\" rel=\"noopener\">anticipait d\u00e8s lundi<\/a> le m\u00e9t\u00e9orologue Fran\u00e7ois Jobard sur Bluesky.<\/p>\n<p><img loading=\"lazy\" decoding=\"async\" width=\"1024\" height=\"881\" src=\"data:image\/svg+xml,%3Csvg%20xmlns=\" http:=\"\" alt=\"\" class=\"wp-image-45765\" data-lazy- data-lazy- data-lazy-src=\"https:\/\/www.europesays.com\/fr\/wp-content\/uploads\/2025\/08\/Capture-decran-2025-08-05-a-17.01.35-1024x881.png\"\/>Les temp\u00e9ratures attendues en France hexagonale jeudi 7 ao\u00fbt. \u00a9\u00a0Capture d\u2019\u00e9cran M\u00e9t\u00e9o-France<\/p>\n<p>On parle de \u00abcanicule\u00bb lors d\u2019un \u00e9pisode de temp\u00e9ratures \u00e9lev\u00e9es \u2013 en journ\u00e9e comme dans la nuit \u2013 qui dure au moins trois jours. Les seuils thermiques d\u00e9pendent des d\u00e9partements et du niveau de tol\u00e9rance des populations par rapport \u00e0 la m\u00e9t\u00e9o habituelle. \u00c0 Paris, la canicule est caract\u00e9ris\u00e9e d\u00e8s lors qu\u2019il fait au moins 31\u00b0C la journ\u00e9e et 21\u00b0C la nuit pendant trois jours cons\u00e9cutifs. \u00c0 Marseille (Bouches-du-Rh\u00f4ne), le mercure doit d\u00e9passer les 35\u00b0C en journ\u00e9e et les 24\u00b0C une fois le soleil couch\u00e9, pendant plus de 72 heures.<\/p>\n<p>\u00abLes 40\u00b0C sont de nouveau probables d\u00e8s jeudi dans le sud-ouest de la France\u00bb, ce qui rend probable la 51\u00e8me vague de chaleur depuis 1947, <a href=\"https:\/\/bsky.app\/profile\/sergezaka.bsky.social\/post\/3lviygrea6s2a\" target=\"_blank\" rel=\"noopener\">a \u00e9crit<\/a> l\u2019agroclimatologue Serge Zaka sur Bluesky ce mardi. Sur les 50 derniers \u00e9pisodes similaires, 17 ont eu lieu avant l\u2019an 2000\u2026 et 33 depuis le d\u00e9but du si\u00e8cle, pr\u00e9cise-t-il.<\/p>\n<p>Rappelons que M\u00e9t\u00e9o-France d\u00e9finit un \u00e9v\u00e9nement comme une vague de chaleur si l\u2019indicateur thermique national (la moyenne des temp\u00e9ratures minimales et maximales de 30 stations m\u00e9t\u00e9os r\u00e9parties sur tout le territoire, que l\u2019on consid\u00e8re comme la temp\u00e9rature moyenne du pays) est sup\u00e9rieur ou \u00e9gal \u00e0 25,3 degr\u00e9s pendant un jour, et \u00e0 23,4\u00b0C sur au moins trois jours.<\/p>\n<p>Des cons\u00e9quences pour l\u2019agriculture\u2026 et pour la sant\u00e9<\/p>\n<p>Dans ce contexte de fortes chaleurs, \u00able mara\u00eechage du sud-ouest (et vos potagers\u00a0!) semblent, une fois de plus, en premi\u00e8re ligne face au stress thermique\u00bb, <a href=\"https:\/\/bsky.app\/profile\/sergezaka.bsky.social\/post\/3lvdc75yi5k2u\" target=\"_blank\" rel=\"noopener\">avait alert\u00e9<\/a> Serge Zaka sur Bluesky d\u00e8s vendredi. Plus largement, ces temp\u00e9ratures \u00e9lev\u00e9es <a href=\"https:\/\/vert.eco\/articles\/moissons-precoces-plantes-brulees-betail-en-stress-la-canicule-bouleverse-aussi-lagriculture\" target=\"_blank\" rel=\"noopener\">bouleversent l\u2019agriculture<\/a>. \u00abLes conditions de stress thermiques sur les animaux d\u2019\u00e9levage vont se d\u00e9grader fortement\u00bb, anticipait aussi l\u2019agroclimatologue.<\/p>\n<p>Par ailleurs, en favorisant l\u2019\u00e9vaporation, la chaleur r\u00e9duit la ressource en eau dans la terre. Or, plus de la moiti\u00e9 de la France est d\u00e9j\u00e0 concern\u00e9e par un arr\u00eat\u00e9 imposant des restrictions dues \u00e0 la s\u00e9cheresse dans les nappes d\u2019eau souterraines. \u00abDu jamais vu depuis le d\u00e9but du suivi en 2012\u00bb, <a href=\"https:\/\/bsky.app\/profile\/florencehabets.bsky.social\" target=\"_blank\" rel=\"noopener\">a alert\u00e9<\/a> l\u2019hydroclimatologue Florence Habets sur Bluesky ce mardi.<\/p>\n<p><img loading=\"lazy\" decoding=\"async\" width=\"1024\" height=\"903\" src=\"data:image\/svg+xml,%3Csvg%20xmlns=\" http:=\"\" alt=\"\" class=\"wp-image-45766\" data-lazy- data-lazy- data-lazy-src=\"https:\/\/www.europesays.com\/fr\/wp-content\/uploads\/2025\/08\/Capture-decran-2025-08-05-a-17.01.53-1024x903.png\"\/>Les temp\u00e9ratures attendues en France hexagonale vendredi 8 ao\u00fbt. \u00a9\u00a0Capture d\u2019\u00e9cran M\u00e9t\u00e9o-France<\/p>\n<p>Un climat qui se r\u00e9chauffe affecte aussi la sant\u00e9 humaine, et notamment au travail. \u00abL\u2019augmentation des temp\u00e9ratures provoque de nombreux dangers. Il y a d\u2019abord les effets induits\u00a0: on dort mal, on est davantage fatigu\u00e9, moins vigilant, et cela augmente les risques d\u2019accident et les probl\u00e8mes psycho-sociaux (irritabilit\u00e9, nervosit\u00e9, troubles de la concentration). Et il y a les effets directs\u00a0: les coups de chaleur, la d\u00e9shydratation ou les malaises cardiaques\u00bb, <a href=\"https:\/\/vert.eco\/articles\/risques-pour-la-sante-code-du-travail-adaptation-des-entreprises-comment-travailler-dans-un-monde-en-surchauffe\" target=\"_blank\" rel=\"noopener\">expliquait r\u00e9cemment \u00e0 Vert<\/a> Armand Blondeau, charg\u00e9 des sujets de sant\u00e9, s\u00e9curit\u00e9 et conditions de travail au syndicat\u00a0<a href=\"https:\/\/www.printemps-ecologique.fr\/\" target=\"_blank\" rel=\"noopener\">Printemps \u00e9cologique<\/a>.<\/p>\n<p>Pire encore, <a href=\"https:\/\/www.nature.com\/articles\/s41591-024-03452-2\" target=\"_blank\" rel=\"noopener\">un travail de mod\u00e9lisation<\/a> paru le 27 janvier dernier dans la revue scientifique\u00a0Nature Medicine montrait que, \u00e0 horizon 2099, \u00abla majorit\u00e9 des villes europ\u00e9ennes devrait conna\u00eetre une hausse de la mortalit\u00e9 li\u00e9e aux temp\u00e9ratures\u00bb. Enfin, ces conditions m\u00e9t\u00e9o extr\u00eames augmentent le risque de feu de for\u00eats. Mardi matin, d\u00e9j\u00e0, le d\u00e9partement de l\u2019Aude \u00e9tait <a href=\"https:\/\/meteofrance.com\/meteo-des-forets\" target=\"_blank\" rel=\"noopener\">plac\u00e9 en vigilance rouge<\/a> pour cette raison.<\/p>\n<p>Les \u00e9pisodes de fortes chaleurs devraient devenir plus intenses, pr\u00e9coces et fr\u00e9quents \u00e0 cause du changement climatique. Si le pays se r\u00e9chauffe de +4\u00b0C par rapport \u00e0 la moyenne du 19\u00e8me si\u00e8cle, ce qui est la trajectoire anticip\u00e9e en 2100, ils pourraient d\u00e9marrer d\u00e8s la mi-mai et s\u2019\u00e9tendre jusqu\u2019\u00e0 fin septembre, et durer jusqu\u2019\u00e0 deux mois en continu.<\/p>\n","protected":false},"excerpt":{"rendered":"L\u2019impression (trompeuse) d\u2019un \u00ab\u00e9t\u00e9 pourri\u00bb pourrait bient\u00f4t n\u2019\u00eatre qu\u2019un lointain souvenir, alors que les fortes chaleurs feront leur&hellip;\n","protected":false},"author":2,"featured_media":298387,"comment_status":"","ping_status":"","sticky":false,"template":"","format":"standard","meta":{"footnotes":""},"categories":[4],"tags":[11,6698,1011,27,9272,12,25,43846,2224],"class_list":{"0":"post-298386","1":"post","2":"type-post","3":"status-publish","4":"format-standard","5":"has-post-thumbnail","7":"category-france","8":"tag-actualites","9":"tag-canicule","10":"tag-fr","11":"tag-france","12":"tag-jeudi","13":"tag-news","14":"tag-republique-francaise","15":"tag-serge-zaka","16":"tag-sud-ouest"},"share_on_mastodon":{"url":"https:\/\/pubeurope.com\/@fr\/114976925395630533","error":""},"_links":{"self":[{"href":"https:\/\/www.europesays.com\/fr\/wp-json\/wp\/v2\/posts\/298386","targetHints":{"allow":["GET"]}}],"collection":[{"href":"https:\/\/www.europesays.com\/fr\/wp-json\/wp\/v2\/posts"}],"about":[{"href":"https:\/\/www.europesays.com\/fr\/wp-json\/wp\/v2\/types\/post"}],"author":[{"embeddable":true,"href":"https:\/\/www.europesays.com\/fr\/wp-json\/wp\/v2\/users\/2"}],"replies":[{"embeddable":true,"href":"https:\/\/www.europesays.com\/fr\/wp-json\/wp\/v2\/comments?post=298386"}],"version-history":[{"count":0,"href":"https:\/\/www.europesays.com\/fr\/wp-json\/wp\/v2\/posts\/298386\/revisions"}],"wp:featuredmedia":[{"embeddable":true,"href":"https:\/\/www.europesays.com\/fr\/wp-json\/wp\/v2\/media\/298387"}],"wp:attachment":[{"href":"https:\/\/www.europesays.com\/fr\/wp-json\/wp\/v2\/media?parent=298386"}],"wp:term":[{"taxonomy":"category","embeddable":true,"href":"https:\/\/www.europesays.com\/fr\/wp-json\/wp\/v2\/categories?post=298386"},{"taxonomy":"post_tag","embeddable":true,"href":"https:\/\/www.europesays.com\/fr\/wp-json\/wp\/v2\/tags?post=298386"}],"curies":[{"name":"wp","href":"https:\/\/api.w.org\/{rel}","templated":true}]}}