{"id":298390,"date":"2025-08-05T15:45:15","date_gmt":"2025-08-05T15:45:15","guid":{"rendered":"https:\/\/www.europesays.com\/fr\/298390\/"},"modified":"2025-08-05T15:45:15","modified_gmt":"2025-08-05T15:45:15","slug":"rugby-pro-d2-neuf-ans-apres-le-colosse-dion-evrard-oulai-est-de-retour-au-bercail-pour-un-nouveau-challenge-a-carcassonne","status":"publish","type":"post","link":"https:\/\/www.europesays.com\/fr\/298390\/","title":{"rendered":"Rugby \u2013 Pro D2\u00a0: neuf ans apr\u00e8s, le colosse Dion-\u00c9vrard Oula\u00ef est de retour au bercail pour un nouveau challenge \u00e0 Carcassonne"},"content":{"rendered":"<p>\n                                                                Il avait fait ses premiers pas de rugbyman en France \u00e0 l\u2019\u00e9t\u00e9 2014 au travers du centre de formation de l\u2019US Carcassonne (2014-2016). Depuis, le puissant deuxi\u00e8me ligne de 32 ans (1,96\u00a0m, 135\u00a0kg) a construit un CV plut\u00f4t bien fourni. Pour le retour des jaune et noir en Pro D2, Dion-\u00c9vrard Oula\u00ef retrouve les rangs audois.\n                            <\/p>\n<p>C\u2019est au travers de Mathieu Cidre, alors tout r\u00e9cent directeur du centre de formation du club quinziste carcassonnais, qui avait trouv\u00e9 en lui un v\u00e9ritable potentiel d\u2019athl\u00e8te, que Dion-\u00c9vrard Oula\u00ef est arriv\u00e9 \u00e0 21 ans dans le chef-lieu audois. Deux ans seulement pour \u00e9clore, puis s\u2019envoler vers d\u2019autres cieux et conna\u00eetre de belles aventures\u00a0: l\u2019Aviron Bayonnais en Pro D2 et Top 14 (2016-2019), Montauban (2019-2021), Massy (2021-2023), Albi en Nationale (2023-2025), avant finalement cet \u00e9t\u00e9 un retour au pied de la Cit\u00e9\u2026 L\u00e0 o\u00f9 tout a commenc\u00e9.<\/p>\n<blockquote>\n<p>C\u2019est mon club, ma famille.<\/p>\n<\/blockquote>\n<p>\u00ab\u00a0C\u2019est un retour \u00e0 la maison. L\u00e0 o\u00f9 j\u2019ai toujours voulu terminer. Dans le club qui m\u2019a permis de me faire conna\u00eetre. Je connais la maison. J\u2019ai encore de bons contacts. J\u2019ai de la famille, Robert De Colle\u2026 Il m\u2019aide dans la vie au quotidien. \u00c7a fait chaud au c\u0153ur de revenir et de revoir d\u2019anciennes t\u00eates que je n\u2019avais pas vu depuis longtemps tel Momo Ben Bouhout qui est maintenant entra\u00eeneur\u00a0\u00bb, explique l\u2019international ivoirien \u00e0 la trentaine de s\u00e9lections. \u00ab\u00a0J\u2019ai fait pas mal de chemin. Je reviens \u00e0 Carcassonne pour aider le club, apporter mon exp\u00e9rience acquise jusqu\u2019alors, et boucler la boucle. Je vais y retrouver avec plaisir des joueurs qui ont \u00e9t\u00e9 form\u00e9s avec moi \u00e0 mes d\u00e9buts tels Fabien et Florent Lorenzon ou encore Romain Guyot\u00a0\u00bb.<\/p>\n<p>Des retrouvailles d\u2019ailleurs teint\u00e9es d\u2019un brin de nostalgie et de reconnaissance. \u00ab\u00a0Je n\u2019ai jamais oubli\u00e9 Carcassonne. J\u2019ai toujours suivi son parcours, ses r\u00e9sultats. Et quand je revenais jouer \u00e0 Domec sous d\u2019autres couleurs, c\u2019\u00e9tait avec un immense plaisir. Je voulais montrer \u00e0 toutes ces personnes qui m\u2019avaient fait confiance et m\u2019avaient donn\u00e9 un petit coup de pouce qu\u2019ils avaient eu raison. L\u2019USC est un club que je porte dans mon c\u0153ur. Celui qui m\u2019a donn\u00e9 ma chance d\u2019\u00e9clore et de devenir le rugbyman professionnel que je suis aujourd\u2019hui. Et je lui en serais \u00e0 jamais reconnaissant. C\u2019est ma maison\u00a0! Quand on me demande d\u2019ailleurs d\u2019o\u00f9 je viens, je r\u00e9ponds\u2026 De Carcassonne. C\u2019est mon club, ma famille\u00a0!\u00a0\u00bb<\/p>\n<p>Pour preuve, au d\u00e9tour de la conversation, il avoue\u00a0: \u00ab\u00a0Le 17\u00a0mai dernier, j\u2019ai regard\u00e9 la finale de Nationale sur mon t\u00e9l\u00e9phone. Je n\u2019ai m\u00eame pas pu manger. Sur la derni\u00e8re action, j\u2019avais le palpitant \u00e0 10\u00a0000\u00a0! Mais c\u2019\u00e9tait plut\u00f4t cool de voir le club monter. Il y a eu du beau travail, des mecs qui se sont envoy\u00e9s, un pr\u00e9sident qui s\u2019est battu pour que le club remonte. Et on va tout faire pour que l\u2019histoire soit plus belle encore\u00a0\u00bb.<\/p>\n<blockquote>\n<p>\u00c0 nous d\u2019\u00e9crire une belle page de l\u2019histoire de l\u2019USC.<\/p>\n<\/blockquote>\n<p>Dion-\u00c9vrard Oula\u00ef n\u2019est pas homme \u00e0 oublier d\u2019o\u00f9 il vient, ni qui l\u2019a aid\u00e9 \u00e0 se former et \u00e0 progresser pour r\u00e9ussir.\u00a0\u00ab\u00a0Les personnes qui m\u2019ont marqu\u00e9 sont d\u2019abord Philippe Guicherd, Mathieu Cidre, sans oublier le manager de l\u2019\u00e9poque Christian Gajan. Ils ont eu confiance en moi et m\u2019ont donn\u00e9 cette opportunit\u00e9 de jouer en professionnel. Il y a bien s\u00fbr Baky M\u00e9it\u00e9\u2026 Mais lui, c\u2019est un fr\u00e8re\u00a0! Il y a aussi eu Vincent Etcheto et Yannick Bru \u00e0 Bayonne, Jeff Dubois et Jean Bouilhou \u00e0 Montauban, enfin \u00e0 Massy Julien Mar\u00e9chal, Jean-Baptiste Dimartino et Beno\u00eet Denoyelle (dit Bouli) qui m\u2019ont \u00e9galement permis de laver mon image qui \u00e9tait un peu terni dans le milieu rugbystique. Dans mon apprentissage, il y a eu du bon, du mauvais. Dans la vie, tout ne peut pas \u00eatre parfait. Il faut tomber pour pouvoir se relever\u00a0\u00bb.<\/p>\n<p>Et de couper court\u00a0: \u00ab\u00a0Mais on ne va pas s\u2019apitoyer sur le n\u00e9gatif qui nous est arriv\u00e9 dans le pass\u00e9, on va davantage se concentrer jusqu\u2019\u00e0 la fin sur tout ce qui est positif\u00a0\u00bb.\u00a0Arriv\u00e9 \u00e0 Carcassonne le 29\u00a0juillet dernier apr\u00e8s la coupe d\u2019Afrique disput\u00e9e sous les couleurs de la C\u00f4te-d\u2019Ivoire, Dion-\u00c9vrard Oula\u00ef piaffe d\u2019impatience \u00e0 l\u2019id\u00e9e de rev\u00eatir \u00e0 nouveau le paletot jaune et noir.<\/p>\n<p>\u00ab\u00a0J\u2019ai deux ans de contrat \u00e0 l\u2019USC. Et je ne sais pas o\u00f9 \u00e7a va me mener. J\u2019ai vu Jo\u00ebl Koffi qui a jou\u00e9 jusqu\u2019\u00e0 38 ans\u2026 Alors, \u00e7a donne envie. Pourquoi pas\u00a0? Apr\u00e8s, c\u2019est le corps qui d\u00e9cide\u2026 Si la sant\u00e9 y est, on peut pousser le bouchon loin. Mais il faut savoir respecter les raisons de la nature et savoir ranger les crampons pour passer \u00e0 autre chose. Pour l\u2019heure, je me concentre sur la saison qui arrive. \u00c0 nous d\u2019\u00e9crire une nouvelle belle page de l\u2019histoire de l\u2019USC\u00a0\u00bb, conclut le deuxi\u00e8me ligne Dion-\u00c9vrard Oula\u00ef.<\/p>\n","protected":false},"excerpt":{"rendered":"Il avait fait ses premiers pas de rugbyman en France \u00e0 l\u2019\u00e9t\u00e9 2014 au travers du centre de&hellip;\n","protected":false},"author":2,"featured_media":298391,"comment_status":"","ping_status":"","sticky":false,"template":"","format":"standard","meta":{"footnotes":""},"categories":[1416],"tags":[1011,27,479,1468,60],"class_list":{"0":"post-298390","1":"post","2":"type-post","3":"status-publish","4":"format-standard","5":"has-post-thumbnail","7":"category-rugby","8":"tag-fr","9":"tag-france","10":"tag-rugby","11":"tag-rugby-football","12":"tag-sports"},"share_on_mastodon":{"url":"https:\/\/pubeurope.com\/@fr\/114976936666761812","error":""},"_links":{"self":[{"href":"https:\/\/www.europesays.com\/fr\/wp-json\/wp\/v2\/posts\/298390","targetHints":{"allow":["GET"]}}],"collection":[{"href":"https:\/\/www.europesays.com\/fr\/wp-json\/wp\/v2\/posts"}],"about":[{"href":"https:\/\/www.europesays.com\/fr\/wp-json\/wp\/v2\/types\/post"}],"author":[{"embeddable":true,"href":"https:\/\/www.europesays.com\/fr\/wp-json\/wp\/v2\/users\/2"}],"replies":[{"embeddable":true,"href":"https:\/\/www.europesays.com\/fr\/wp-json\/wp\/v2\/comments?post=298390"}],"version-history":[{"count":0,"href":"https:\/\/www.europesays.com\/fr\/wp-json\/wp\/v2\/posts\/298390\/revisions"}],"wp:featuredmedia":[{"embeddable":true,"href":"https:\/\/www.europesays.com\/fr\/wp-json\/wp\/v2\/media\/298391"}],"wp:attachment":[{"href":"https:\/\/www.europesays.com\/fr\/wp-json\/wp\/v2\/media?parent=298390"}],"wp:term":[{"taxonomy":"category","embeddable":true,"href":"https:\/\/www.europesays.com\/fr\/wp-json\/wp\/v2\/categories?post=298390"},{"taxonomy":"post_tag","embeddable":true,"href":"https:\/\/www.europesays.com\/fr\/wp-json\/wp\/v2\/tags?post=298390"}],"curies":[{"name":"wp","href":"https:\/\/api.w.org\/{rel}","templated":true}]}}