{"id":298392,"date":"2025-08-05T15:46:11","date_gmt":"2025-08-05T15:46:11","guid":{"rendered":"https:\/\/www.europesays.com\/fr\/298392\/"},"modified":"2025-08-05T15:46:11","modified_gmt":"2025-08-05T15:46:11","slug":"atp-la-proposition-tres-genereuse-de-toni-nadal-a-felix-auger-aliassime-je-lui-ai-dit-si-tu-veux-venir-a-lacademie-je-serai-toujours-pret-a-taider-gratuitement","status":"publish","type":"post","link":"https:\/\/www.europesays.com\/fr\/298392\/","title":{"rendered":"ATP > La proposition tr\u00e8s g\u00e9n\u00e9reuse de Toni Nadal \u00e0 F\u00e9lix Auger-Aliassime : \u00ab\u00a0Je lui ai dit : &lsquo;Si tu veux venir \u00e0 l&rsquo;acad\u00e9mie, je serai toujours pr\u00eat \u00e0 t&rsquo;aider. Gratuitement\u00a0\u00bb"},"content":{"rendered":"<p>R\u00e9cemment aper\u00e7u aux c\u00f4t\u00e9s d\u2019Alexander Zverev, qui s\u2019est entra\u00een\u00e9 pendant plusieurs jours du c\u00f4t\u00e9 de la Rafa Nadal Academy, \u00e0 Majorque, Toni Nadal s\u2019est r\u00e9cem\u00adment exprim\u00e9 pour nos confr\u00e8res de <a href=\"https:\/\/www.claytenis.com\/portada\/la-propuesta-de-toni-nadal-a-felix-auger-aliassime-siempre-estare-dispuesto-a-ayudar-sin-cobrar\/\" data-wpel-link=\"external\" target=\"_blank\" rel=\"nofollow external noopener\">Clay Tenis<\/a>. <\/p>\n<p>Et l\u2019oncle le plus c\u00e9l\u00e8bre du tennis est notam\u00adment revenu sur sa forme de colla\u00adbo\u00adra\u00adtion avec F\u00e9lix Auger\u2010Aliassime entre 2021 et 2023. Un r\u00f4le de conseiller sp\u00e9cial qu\u2019il est pr\u00eat \u00e0 reprendre, et ce, de mani\u00e8re tota\u00adle\u00adment gratuite. Une raret\u00e9 sur le circuit principal.\u00a0<\/p>\n<p><strong>\u00ab\u202fOutre le fait que j\u2019ai appr\u00e9ci\u00e9 de revenir sur le circuit pendant quelques semaines, je pense que nous avons fait du bon travail. On a commenc\u00e9, il \u00e9tait 22e au clas\u00adse\u00adment mondial et il est pass\u00e9 6e l\u2019ann\u00e9e suivante. Pour moi, c\u2019\u00e9tait stimu\u00adlant, c\u2019\u00e9tait une grande \u00e9tape, mais j\u2019ai moi\u2010m\u00eame dit \u00e0 Felix\u00a0: \u2018Tu as besoin de quel\u00adqu\u2019un qui s\u2019im\u00adplique beau\u00adcoup plus\u2019. Mais cela ne veut pas dire que la rela\u00adtion ne peut pas reprendre. Je lui ai \u00e9gale\u00adment dit\u00a0: \u2018Si tu veux venir \u00e0 l\u2019aca\u00add\u00e9mie, je serai toujours pr\u00eat \u00e0 t\u2019aider. Gratuitement\u2019.\u202f\u00bb<\/strong><\/p>\n<p class=\"post-published-date\" style=\"color: silver; font-size: 75%; text-align: left;\">Publi\u00e9 le mardi 5 ao\u00fbt 2025 \u00e0 15:20<\/p>\n","protected":false},"excerpt":{"rendered":"R\u00e9cemment aper\u00e7u aux c\u00f4t\u00e9s d\u2019Alexander Zverev, qui s\u2019est entra\u00een\u00e9 pendant plusieurs jours du c\u00f4t\u00e9 de la Rafa Nadal&hellip;\n","protected":false},"author":2,"featured_media":298393,"comment_status":"","ping_status":"","sticky":false,"template":"","format":"standard","meta":{"footnotes":""},"categories":[1415],"tags":[14496,1011,27,1960,60,1467,4542],"class_list":{"0":"post-298392","1":"post","2":"type-post","3":"status-publish","4":"format-standard","5":"has-post-thumbnail","7":"category-tennis","8":"tag-auger-aliassime","9":"tag-fr","10":"tag-france","11":"tag-nadal","12":"tag-sports","13":"tag-tennis","14":"tag-zverev"},"share_on_mastodon":{"url":"https:\/\/pubeurope.com\/@fr\/114976940632723231","error":""},"_links":{"self":[{"href":"https:\/\/www.europesays.com\/fr\/wp-json\/wp\/v2\/posts\/298392","targetHints":{"allow":["GET"]}}],"collection":[{"href":"https:\/\/www.europesays.com\/fr\/wp-json\/wp\/v2\/posts"}],"about":[{"href":"https:\/\/www.europesays.com\/fr\/wp-json\/wp\/v2\/types\/post"}],"author":[{"embeddable":true,"href":"https:\/\/www.europesays.com\/fr\/wp-json\/wp\/v2\/users\/2"}],"replies":[{"embeddable":true,"href":"https:\/\/www.europesays.com\/fr\/wp-json\/wp\/v2\/comments?post=298392"}],"version-history":[{"count":0,"href":"https:\/\/www.europesays.com\/fr\/wp-json\/wp\/v2\/posts\/298392\/revisions"}],"wp:featuredmedia":[{"embeddable":true,"href":"https:\/\/www.europesays.com\/fr\/wp-json\/wp\/v2\/media\/298393"}],"wp:attachment":[{"href":"https:\/\/www.europesays.com\/fr\/wp-json\/wp\/v2\/media?parent=298392"}],"wp:term":[{"taxonomy":"category","embeddable":true,"href":"https:\/\/www.europesays.com\/fr\/wp-json\/wp\/v2\/categories?post=298392"},{"taxonomy":"post_tag","embeddable":true,"href":"https:\/\/www.europesays.com\/fr\/wp-json\/wp\/v2\/tags?post=298392"}],"curies":[{"name":"wp","href":"https:\/\/api.w.org\/{rel}","templated":true}]}}