{"id":298394,"date":"2025-08-05T15:47:17","date_gmt":"2025-08-05T15:47:17","guid":{"rendered":"https:\/\/www.europesays.com\/fr\/298394\/"},"modified":"2025-08-05T15:47:17","modified_gmt":"2025-08-05T15:47:17","slug":"metz-canonniers-fait-appel-de-la-sanction-de-la-ffbb","status":"publish","type":"post","link":"https:\/\/www.europesays.com\/fr\/298394\/","title":{"rendered":"Metz Canonniers fait appel de la sanction de la FFBB"},"content":{"rendered":"<p>Jolie sensation de la phase 1 de NM1, avec son statut de promu, Metz a vu sa saison prendre un autre tournant en cette fin janvier. Comme d\u2019autres clubs du premier niveau f\u00e9d\u00e9ral, le club lorrain a \u00e9t\u00e9 sanctionn\u00e9 par la FFBB en raison de probl\u00e9matiques financi\u00e8res. Ainsi, Vincent Pourchot et ses partenaires doivent composer avec quatre points en moins lors de la phase 1 de NM1, ainsi qu\u2019\u00e9galement quatre en moins pour la phase 2 (s\u2019ajoute \u00e0 cela une p\u00e9nalit\u00e9 financi\u00e8re de 4 000 \u20ac).<\/p>\n<p>LIRE AUSSI<\/p>\n<p><a title=\"Metz tr\u00e8s lourdement sanctionn\u00e9 par la FFBB\" href=\"https:\/\/www.bebasket.fr\/metz-tres-lourdement-sanctionne-par-la-ffbb\" rel=\"nofollow noopener\" target=\"_blank\"> <img decoding=\"async\" src=\"https:\/\/www.europesays.com\/fr\/wp-content\/uploads\/2025\/08\/54092506451-e86b2b7864-k-1efdf223-0a26-6494-baec-5f074e809898.jpg\" alt=\"\"\/> <\/a><\/p>\n<p><strong>Une d\u00e9cision consid\u00e9r\u00e9e comme \u00ab\u00a0injuste\u00a0\u00bb pour Metz<\/strong><\/p>\n<p>Pour \u00e9viter de voir sa saison se transformer en exercice gal\u00e8re, Metz Canonniers a ainsi annonc\u00e9 sa volont\u00e9 de faire appel de la d\u00e9cision de la FFBB. \u00ab\u00a0\u00c9tant donn\u00e9 les documents et les garanties apport\u00e9s \u00e0 la commission, nous consid\u00e9rons cette d\u00e9cision comme injuste\u00a0\u00bb, est-il indiqu\u00e9 dans un communiqu\u00e9 \u00e9crit par le pr\u00e9sident du club messin, Bruno Blin. Les trois griefs contre Metz sont les suivants : \u00ab\u00a0non-production de documents deux mois apr\u00e8s la date pr\u00e9vue r\u00e8glementairement ou fix\u00e9e par la Commission\u00a0\u00bb, \u00ab\u00a0pr\u00e9sentation d\u2019une situation nette n\u00e9gative pour un club acc\u00e9dant en division sup\u00e9rieure\u00a0\u00bb\u00a0et\u00a0\u00ab production de documents incomplets, ou non fiables, ou ne pr\u00e9sentant pas la r\u00e9alit\u00e9 de la situation financi\u00e8re du club \u00bb.<\/p>\n<p>Metz n\u2019est pas le seul club \u00e0 devoir composer avec des retraits de points : Vitr\u00e9 en a eu 1, Avignon et Toulouse 2 tandis que Foug\u00e8res avait \u00e9t\u00e9 le plus durement sanctionn\u00e9 lors de la\u00a0<a target=\"_blank\" rel=\"noopener nofollow\" href=\"https:\/\/www.bebasket.fr\/plusieurs-clubs-de-nm1-concernes-par-des-retraits-de-points-dont-5-pour-pays-de-fougeres\">s\u00e9ance du mois de d\u00e9cembre<\/a>\u00a0: 5 points en moins.<\/p><\/p>\n","protected":false},"excerpt":{"rendered":"Jolie sensation de la phase 1 de NM1, avec son statut de promu, Metz a vu sa saison&hellip;\n","protected":false},"author":2,"featured_media":298395,"comment_status":"","ping_status":"","sticky":false,"template":"","format":"standard","meta":{"footnotes":""},"categories":[1414],"tags":[1465,1464,1011,27,60],"class_list":{"0":"post-298394","1":"post","2":"type-post","3":"status-publish","4":"format-standard","5":"has-post-thumbnail","7":"category-basket","8":"tag-basket","9":"tag-basketball","10":"tag-fr","11":"tag-france","12":"tag-sports"},"share_on_mastodon":{"url":"https:\/\/pubeurope.com\/@fr\/114976944557198874","error":""},"_links":{"self":[{"href":"https:\/\/www.europesays.com\/fr\/wp-json\/wp\/v2\/posts\/298394","targetHints":{"allow":["GET"]}}],"collection":[{"href":"https:\/\/www.europesays.com\/fr\/wp-json\/wp\/v2\/posts"}],"about":[{"href":"https:\/\/www.europesays.com\/fr\/wp-json\/wp\/v2\/types\/post"}],"author":[{"embeddable":true,"href":"https:\/\/www.europesays.com\/fr\/wp-json\/wp\/v2\/users\/2"}],"replies":[{"embeddable":true,"href":"https:\/\/www.europesays.com\/fr\/wp-json\/wp\/v2\/comments?post=298394"}],"version-history":[{"count":0,"href":"https:\/\/www.europesays.com\/fr\/wp-json\/wp\/v2\/posts\/298394\/revisions"}],"wp:featuredmedia":[{"embeddable":true,"href":"https:\/\/www.europesays.com\/fr\/wp-json\/wp\/v2\/media\/298395"}],"wp:attachment":[{"href":"https:\/\/www.europesays.com\/fr\/wp-json\/wp\/v2\/media?parent=298394"}],"wp:term":[{"taxonomy":"category","embeddable":true,"href":"https:\/\/www.europesays.com\/fr\/wp-json\/wp\/v2\/categories?post=298394"},{"taxonomy":"post_tag","embeddable":true,"href":"https:\/\/www.europesays.com\/fr\/wp-json\/wp\/v2\/tags?post=298394"}],"curies":[{"name":"wp","href":"https:\/\/api.w.org\/{rel}","templated":true}]}}