{"id":298406,"date":"2025-08-05T15:53:12","date_gmt":"2025-08-05T15:53:12","guid":{"rendered":"https:\/\/www.europesays.com\/fr\/298406\/"},"modified":"2025-08-05T15:53:12","modified_gmt":"2025-08-05T15:53:12","slug":"une-retrospective-rend-hommage-au-peintre-pierre-soulages-a-montpellier","status":"publish","type":"post","link":"https:\/\/www.europesays.com\/fr\/298406\/","title":{"rendered":"une r\u00e9trospective rend hommage au peintre Pierre Soulages \u00e0 Montpellier"},"content":{"rendered":"<p class=\"c-chapo \">\n  Dans cette exposition, les peintures de l&rsquo;inventeur de l&rsquo;outrenoir dialoguent avec celles de nombreux artistes, comme Van Gogh, C\u00e9zanne ou Zao Wou-Ki. Elle permet aussi d&rsquo;admirer des \u0153uvres rarement, voire jamais expos\u00e9es.\n<\/p>\n<p>            lire plus tard<\/p>\n<p id=\"dialog__title\" class=\"dialog__title\">Pour sauvegarder cet article, connectez-vous ou cr\u00e9ez un compte franceinfo<\/p>\n<p class=\"dialog__description\">Sans paiement. Sans abonnement.<\/p>\n<p>        Fermer la fen\u00eatre d\u2019activation des notifications France Info<\/p>\n<p>            cr\u00e9er votre compte<\/p>\n<p>            se connecter<\/p>\n<p>        Fermer la fen\u00eatre de pr\u00e9sentation<\/p>\n<p>    <img loading=\"lazy\" decoding=\"async\" class=\"signature__image lazyload\" width=\"100\" height=\"100\" data- alt=\"\" src=\"https:\/\/www.europesays.com\/fr\/wp-content\/uploads\/2025\/07\/anne-chepeau-65e601666d9ec483359792.png\"\/><\/p>\n<p>    Publi\u00e9 le 05\/08\/2025 15:30<\/p>\n<p>        Temps de lecture : 3min<\/p>\n<p>    <img decoding=\"async\"  alt=\"Une vue de l'exposition que le mus\u00e9e Fabre consacre \u00e0 Pierre Soulages. (ANNE CHEPEAU \/ FRANCEINFO \/ RADIO FRANCE)\" width=\"432\" height=\"243\" src=\"https:\/\/www.europesays.com\/fr\/wp-content\/uploads\/2025\/08\/20250625-171518-6891fc1629334883048531.jpg\" fetchpriority=\"high\"\/><\/p>\n<p>      Une vue de l&rsquo;exposition que le mus\u00e9e Fabre consacre \u00e0 Pierre Soulages. (ANNE CHEPEAU \/ FRANCEINFO \/ RADIO FRANCE)<\/p>\n<p>Il y a 20 ans <a href=\"https:\/\/www.franceinfo.fr\/culture\/arts-expos\/peinture\/le-peintre-francais-pierre-soulages-maitre-du-noir-et-legende-de-l-art-contemporain-est-mort-a-102-ans_3757899.html\" rel=\"nofollow noopener\" target=\"_blank\">le peintre Pierre Soulages<\/a> faisait donation de 20 de ses toiles au mus\u00e9e Fabre de Montpellier. En cet \u00e9t\u00e9 2025, l&rsquo;institution c\u00e9l\u00e8bre cet anniversaire avec une grande r\u00e9trospective consacr\u00e9e \u00e0 l&rsquo;inventeur de l&rsquo;outrenoir, disparu en octobre 2022.<\/p>\n<p>\u00ab\u00a0Plus que tout autre, ce mus\u00e9e a compt\u00e9 pour moi\u00a0\u00bb, disait Pierre Soulages \u00e0 propos du mus\u00e9e Fabre, qu&rsquo;il a d\u00e9couvert en 1941, \u00e0 22\u00a0ans. Cette r\u00e9trospective \u00e9crit une nouvelle page de l&rsquo;histoire entre le peintre et l&rsquo;institution. Peintures, \u0153uvres sur papier ou bronzes racontent quelque 80\u00a0ans de cr\u00e9ation, tout en dialoguant avec les \u0153uvres d&rsquo;autres artistes. \u00ab\u00a0<strong\/>On a replac\u00e9 Soulages dans la grande histoire de l&rsquo;art avec les grands ma\u00eetres du pass\u00e9, du XVII\u1d49 si\u00e8cle, explique Michel Hilaire, le commissaire g\u00e9n\u00e9ral de l&rsquo;exposition, mais aussi, par exemple Van Gogh, C\u00e9zanne, Mondrian, mais aussi ses contemporains et amis avec qui il a nou\u00e9 des dialogues tr\u00e8s fructueux, comme Zao Wou-Ki ou Pierrette Bloch.\u00a0\u00bb<\/p>\n<p>    <img decoding=\"async\" class=\"cms-media-image lazyload\" alt=\"L'exposition propose des dialogues entre les \u0153uvres de Pierre Soulages et celles d'autres artistes, comme Francisco de Zurbaran (\u00e0 gauche). (ANNE CHEPEAU \/ FRANCEINFO \/ RADIO FRANCE)\" width=\"720\" height=\"405.41312478749\" data- src=\"https:\/\/www.europesays.com\/fr\/wp-content\/uploads\/2025\/08\/20250625-172516-6891fe0eab74e368427592.jpg\"\/><\/p>\n<p>      L&rsquo;exposition propose des dialogues entre les \u0153uvres de Pierre Soulages et celles d&rsquo;autres artistes, comme Francisco de Zurbaran (\u00e0 gauche). (ANNE CHEPEAU \/ FRANCEINFO \/ RADIO FRANCE)<\/p>\n<p>Les cr\u00e9ations d&rsquo;une vingtaine d&rsquo;artistes ponctuent l&rsquo;accrochage. Dans une salle, des toiles de Pierre Soulages des ann\u00e9es 1950 c\u00f4toient celles de grands ma\u00eetres du clair-obscur comme Rembrandt. La lumi\u00e8re est au c\u0153ur du travail de Soulages et c&rsquo;est aussi le fil rouge de cette r\u00e9trospective. \u00ab\u00a0<strong\/>Il y a les premiers brous de noix de la fin des ann\u00e9es 1940, en passant par cette grande \u00e9poque du clair-obscur des ann\u00e9es 1950, et aussi l&rsquo;opposition des blancs et des noirs qu&rsquo;on voit beaucoup dans les ann\u00e9es 1960 et 1970, \u00e9graine Michel Hilaire. Il y a toujours une qu\u00eate de la lumi\u00e8re. Et cette qu\u00eate de la lumi\u00e8re, il l&rsquo;a finalement r\u00e9solu avec ce fameux outrenoir qui est maintenant un label attach\u00e9 au nom de Soulages et aussi une forme d&rsquo;aboutissement apr\u00e8s 1979.\u00a0\u00bb<\/p>\n<p>Les outrenoirs, sont ces peintures dont le noir est le seul pigment, occupent une large place dans l&rsquo;exposition. On peut voir le tout premier qui a \u00e9t\u00e9 conserv\u00e9 qui date du 14 avril 1979, mais aussi une s\u00e9rie de sept grands formats du d\u00e9but des ann\u00e9es 1990 rarement expos\u00e9e.<\/p>\n<p>    <img decoding=\"async\" class=\"cms-media-image lazyload\" alt=\"Cette s\u00e9rie de sept outrenoirs du d\u00e9but des ann\u00e9es 1990, appartient \u00e0 Colette Soulages, l'\u00e9pouse du peintre. Elle a rarement \u00e9t\u00e9 expos\u00e9e. (ANNE CHEPEAU \/ FRANCEINFO \/ RADIO FRANCE)\" width=\"720\" height=\"405.95974767197\" data- src=\"https:\/\/www.europesays.com\/fr\/wp-content\/uploads\/2025\/08\/20250625-172351-6891ff1944fa8078230639.jpg\"\/><\/p>\n<p>      Cette s\u00e9rie de sept outrenoirs du d\u00e9but des ann\u00e9es 1990, appartient \u00e0 Colette Soulages, l&rsquo;\u00e9pouse du peintre. Elle a rarement \u00e9t\u00e9 expos\u00e9e. (ANNE CHEPEAU \/ FRANCEINFO \/ RADIO FRANCE)<\/p>\n<p>On peut aussi d\u00e9couvrir deux \u0153uvres tardives de 2020 et 2021. \u00ab\u00a0<strong\/>Deux outrenoirs qui sont totalement in\u00e9dits, souligne Maud Marron-Wojewodzki, la commissaire scientifique de l&rsquo;exposition. Ils n&rsquo;ont jamais \u00e9t\u00e9 montr\u00e9s. C&rsquo;est fascinant et particuli\u00e8rement \u00e9mouvant de voir \u00e0 quel point, jusqu&rsquo;\u00e0 la fin de sa vie, \u00e0 cent ans pass\u00e9s, Pierre Soulages continue d&rsquo;exp\u00e9rimenter. Dans l&rsquo;un des outrenoirs, on voit notamment un effet de reflet totalement in\u00e9dit comme on n&rsquo;en avait jamais vu. C&rsquo;est v\u00e9ritablement un miroir que l&rsquo;on a face \u00e0 nos yeux.\u00a0\u00bb<\/p>\n<p>\u00c0 la fin de l&rsquo;exposition, une exp\u00e9rience immersive en r\u00e9alit\u00e9 virtuelle nous conduit dans l&rsquo;atelier de Pierre Soulages, \u00e0 l&rsquo;abbatiale de Conques dont il a sign\u00e9 les vitraux, et sur la terrasse de sa maison de S\u00e8te, face \u00e0 la M\u00e9diterran\u00e9e.<\/p>\n<p>L&rsquo;exposition <a href=\"https:\/\/www.museefabre.fr\/soulages2025\" target=\"_blank\" rel=\"noopener nofollow\">Pierre Soulages \u2013 La rencontre<\/a>, est \u00e0 voir \u00e0 Montpellier au Mus\u00e9e Fabre jusqu&rsquo;au 4 janvier 2026.<\/p>\n","protected":false},"excerpt":{"rendered":"Dans cette exposition, les peintures de l&rsquo;inventeur de l&rsquo;outrenoir dialoguent avec celles de nombreux artistes, comme Van Gogh,&hellip;\n","protected":false},"author":2,"featured_media":298407,"comment_status":"","ping_status":"","sticky":false,"template":"","format":"standard","meta":{"footnotes":""},"categories":[1358],"tags":[1348,1384,1385,1386,58,59,1011,27],"class_list":{"0":"post-298406","1":"post","2":"type-post","3":"status-publish","4":"format-standard","5":"has-post-thumbnail","7":"category-arts-et-design","8":"tag-arts","9":"tag-arts-and-design","10":"tag-arts-et-design","11":"tag-design","12":"tag-divertissement","13":"tag-entertainment","14":"tag-fr","15":"tag-france"},"share_on_mastodon":{"url":"https:\/\/pubeurope.com\/@fr\/114976968244005409","error":""},"_links":{"self":[{"href":"https:\/\/www.europesays.com\/fr\/wp-json\/wp\/v2\/posts\/298406","targetHints":{"allow":["GET"]}}],"collection":[{"href":"https:\/\/www.europesays.com\/fr\/wp-json\/wp\/v2\/posts"}],"about":[{"href":"https:\/\/www.europesays.com\/fr\/wp-json\/wp\/v2\/types\/post"}],"author":[{"embeddable":true,"href":"https:\/\/www.europesays.com\/fr\/wp-json\/wp\/v2\/users\/2"}],"replies":[{"embeddable":true,"href":"https:\/\/www.europesays.com\/fr\/wp-json\/wp\/v2\/comments?post=298406"}],"version-history":[{"count":0,"href":"https:\/\/www.europesays.com\/fr\/wp-json\/wp\/v2\/posts\/298406\/revisions"}],"wp:featuredmedia":[{"embeddable":true,"href":"https:\/\/www.europesays.com\/fr\/wp-json\/wp\/v2\/media\/298407"}],"wp:attachment":[{"href":"https:\/\/www.europesays.com\/fr\/wp-json\/wp\/v2\/media?parent=298406"}],"wp:term":[{"taxonomy":"category","embeddable":true,"href":"https:\/\/www.europesays.com\/fr\/wp-json\/wp\/v2\/categories?post=298406"},{"taxonomy":"post_tag","embeddable":true,"href":"https:\/\/www.europesays.com\/fr\/wp-json\/wp\/v2\/tags?post=298406"}],"curies":[{"name":"wp","href":"https:\/\/api.w.org\/{rel}","templated":true}]}}