{"id":298408,"date":"2025-08-05T15:54:09","date_gmt":"2025-08-05T15:54:09","guid":{"rendered":"https:\/\/www.europesays.com\/fr\/298408\/"},"modified":"2025-08-05T15:54:09","modified_gmt":"2025-08-05T15:54:09","slug":"en-terrasse-avec-muriel-beaudoin-gerante-de-la-librairie-mille-feuille-je-deteste-proust","status":"publish","type":"post","link":"https:\/\/www.europesays.com\/fr\/298408\/","title":{"rendered":"En terrasse avec &#8230; Muriel Beaudoin, g\u00e9rante de la librairie Mille-Feuille : \u00ab\u00a0Je d\u00e9teste Proust !\u00a0\u00bb"},"content":{"rendered":"<p>            Par<br \/>\n        <strong><br \/>\n            <a href=\"https:\/\/actu.fr\/auteur\/alban-lannoy\" title=\"Consulter tous les articles de Alban Lannoy\" rel=\"nofollow noopener\" target=\"_blank\">Alban Lannoy<\/a><br \/>\n        <\/strong><\/p>\n<p>        Publi\u00e9 le<\/p>\n<p>            5 ao\u00fbt 2025 \u00e0 17h50        <\/p>\n<p class=\"ac-article-content__question\">Pourquoi avoir voulu devenir libraire ?<\/p>\n<p class=\" wall-content\">J\u2019ai travaill\u00e9 longtemps dans le commerce international. Puis je suis partie en Russie, o\u00f9 j\u2019ai enseign\u00e9 au lyc\u00e9e fran\u00e7ais. En revenant, j\u2019ai encha\u00een\u00e9 des jobs qui ne me plaisaient pas du tout. Et puis un jour, en 2013, mon mari apprend que la librairie est \u00e0 vendre\u2026 \u00c9tant lectrice depuis toute petite, j\u2019ai toujours plusieurs livres en cours. Je ne passe pas une journ\u00e9e sans lire. Alors voil\u00e0, on s\u2019est lanc\u00e9s.<\/p>\n<p class=\"ac-article-content__question wall-content\">Quel est le premier livre qui vous a marqu\u00e9e ?<\/p>\n<p data-end=\"1445\" class=\" wall-content\">On me pose souvent la question ! Je pense que ce sont les classiques de la Biblioth\u00e8que rose et verte : Jojo Lapin, Comtesse de S\u00e9gur\u2026 Je les relisais en boucle. Je crois que depuis que je sais lire, je ne me suis jamais arr\u00eat\u00e9e\u2026 Encore aujourd\u2019hui, m\u00eame si je me couche \u00e0 5 h du matin apr\u00e8s un mariage, je lis une demi-page !<\/p>\n<p class=\"ac-article-content__question wall-content\">Lisez-vous encore des bandes dessin\u00e9es ?<\/p>\n<p data-end=\"1791\" class=\" wall-content\">J\u2019en lisais beaucoup enfant, puis plus du tout. Mais r\u00e9cemment, une coll\u00e8gue m\u2019a conseill\u00e9 des BD plus actuelles, et j\u2019ai \u00e9t\u00e9 bluff\u00e9e. Le style a \u00e9norm\u00e9ment \u00e9volu\u00e9, la BD aborde des sujets tr\u00e8s s\u00e9rieux, tr\u00e8s forts, comme Champ de bataille d\u2019In\u00e8s L\u00e9raud. C\u2019est sur le remembrement d\u2019apr\u00e8s-guerre. J\u2019ai trouv\u00e9 \u00e7a hyper int\u00e9ressant et tr\u00e8s bien construit.<\/p>\n<p class=\"ac-article-content__question wall-content\">Et les mangas ?<\/p>\n<p data-end=\"2042\" class=\" wall-content\">J\u2019ai essay\u00e9. Vraiment. Mais je n\u2019arrive pas \u00e0 accrocher. M\u00eame un manga adulte, sur la libert\u00e9 de la presse au Japon, pourtant passionnant\u2026 je n\u2019ai pas pu aller jusqu\u2019au bout. C\u2019est un style particulier, je n\u2019ai pas grandi avec. J\u2019ai du mal \u00e0 m\u2019y faire\u2026<\/p>\n<p class=\"ac-article-content__question wall-content\">Y a-t-il, pour vous, une \u00ab\u00a0sous-culture\u00a0\u00bb de la litt\u00e9rature ?<\/p>\n<p class=\" wall-content\">Non. Un livre qui fait lire, c\u2019est d\u00e9j\u00e0 bien. Que ce soit un roman, une BD ou un manga. Il n\u2019y a pas de mauvaise lecture si elle procure du plaisir.<\/p>\n<p>Vid\u00e9os : en ce moment sur ActuLivres : ses trois recommandations de l&rsquo;\u00e9t\u00e9<\/p>\n<p>Les yeux de Mona &#8211; Thomas Schlesser<br \/>&#13;<br \/>\nUne petite fille fait des \u00e9pisodes de c\u00e9cit\u00e9. Son m\u00e9decin l&rsquo;oriente vers un psy, mais son grand-p\u00e8re refuse : \u00ab\u00a0Je vais plut\u00f4t lui mettre des belles choses dans la t\u00eate.\u00a0\u00bb Il l&#8217;emm\u00e8ne chaque semaine au mus\u00e9e, et lui explique les \u0153uvres, leur \u00e9poque, leur histoire. Le livre inclut les tableaux, avec des explications claires et d\u00e9taill\u00e9es. En parall\u00e8le, on d\u00e9couvre peu \u00e0 peu la raison de sa c\u00e9cit\u00e9 : un secret de famille. Un roman sensible, \u00e0 double lecture.<\/p>\n<p>L&rsquo;homme qui \u00e9coutait battre le c\u0153ur des chats &#8211; Mathias Malzieu<br \/>&#13;<br \/>\nL&rsquo;auteur raconte sa propre histoire : il vit sur une p\u00e9niche \u00e0 Paris avec sa compagne. Apr\u00e8s une fausse couche grave, ils renoncent \u00e0 avoir un enfant&#8230; et adoptent un chaton &#8211; alors qu&rsquo;ils ont d\u00e9j\u00e0 un chat. Les deux chats deviennent les narrateurs. Ils observent, racontent leurs ma\u00eetres ou ce qu&rsquo;ils croyaient \u00eatre leur ma\u00eetre&#8230; C&rsquo;est po\u00e9tique, \u00e9mouvant, et tr\u00e8s joliment \u00e9crit.<\/p>\n<p>La cit\u00e9 aux murs incertains &#8211; Haruki Murakami<br \/>&#13;<br \/>\nC&rsquo;est l&rsquo;auteur japonais par excellence. Quand il sort un livre, il y a des gens qui attendent toute la nuit devant les librairies pour l&rsquo;acheter au petit matin. Il a toujours un univers un peu fantastique, \u00e0 la fois r\u00e9el et pas r\u00e9el. Ici, il y a plusieurs personnages. Il parle de la mort, de la vie apr\u00e8s la mort, d&rsquo;une femme qu&rsquo;il a aim\u00e9e et qu&rsquo;il aurait rencontr\u00e9e l\u00e0-bas. Puis il revient dans le monde r\u00e9el&#8230; Ce sont des allers-retours. C&rsquo;est difficile \u00e0 r\u00e9sumer, mais on se laisse porter. Il \u00e9crit tr\u00e8s bien, et c&rsquo;est tr\u00e8s beau.<\/p>\n<p class=\"ac-article-content__question wall-content\">Un auteur qui vous a profond\u00e9ment touch\u00e9 ?<\/p>\n<p data-end=\"2574\" class=\" wall-content\">Je vais en donner deux : premi\u00e8rement, Karine Tuil. J\u2019aime beaucoup son style. Elle a \u00e9t\u00e9 form\u00e9e au droit, mais n\u2019a jamais exerc\u00e9 comme avocate. Elle \u00e9crit de mani\u00e8re tr\u00e8s pr\u00e9cise, tr\u00e8s document\u00e9e. Il n\u2019y a pas de fioritures, pas de description \u00e0 la Proust. Elle va droit au but, et \u00e7a me pla\u00eet ! Je d\u00e9teste Proust\u2026 (rires).<\/p>\n<p data-end=\"2574\" class=\" wall-content\">Et puis Sorj Chalandon\u2026 C\u2019est un \u00e9corch\u00e9 vif. Il a \u00e9t\u00e9 journaliste, notamment \u00e0 Lib\u00e9ration, et fait passer \u00e9norm\u00e9ment d\u2019\u00e9motion dans ses livres.<\/p>\n<p class=\"ac-article-content__question wall-content\">Un artiste musical que vous aimez ?<\/p>\n<p data-end=\"2754\" class=\" wall-content\">Alain Souchon. J\u2019aime beaucoup ses textes. Je suis all\u00e9e le voir en concert, il a une pr\u00e9sence incroyable sur sc\u00e8ne. J\u2019aime beaucoup son titre La vie ne vaut rien.<\/p>\n<p class=\"ac-article-content__question wall-content\">Quelle est votre philosophie de vie ?<\/p>\n<p data-end=\"2951\" class=\" wall-content\">Profiter du moment pr\u00e9sent. La vie passe vite, et on ne laisse pas grand-chose derri\u00e8re. Alors autant en profiter tant qu\u2019on est l\u00e0.<\/p>\n<p class=\"ac-article-content__question wall-content\">L\u2019endroit id\u00e9al pour lire ?<\/p>\n<p data-end=\"3089\" class=\" wall-content\">J\u2019adore lire sur la plage ! Dans le sable chaud, avec le bruit de la mer en fond\u2026 <a href=\"https:\/\/actu.fr\/normandie\/trouville-sur-mer_14715\" rel=\"nofollow noopener\" target=\"_blank\">Trouville<\/a> ou <a href=\"https:\/\/actu.fr\/normandie\/deauville_14220\" rel=\"nofollow noopener\" target=\"_blank\">Deauville<\/a>, c\u2019est parfait.<\/p>\n<p class=\" wall-content\">Suivez toute l\u2019actualit\u00e9 de vos villes et m\u00e9dias favoris en vous inscrivant \u00e0 <a href=\"https:\/\/moncompte.actu.fr\" title=\"D\u00e9couvez Mon Actu\" rel=\"nofollow noopener\" data-trk=\"{&quot;cta&quot;:{&quot;action&quot;:&quot;https:\\\/\\\/moncompte.actu.fr&quot;,&quot;category&quot;:&quot;mon compte&quot;,&quot;from&quot;:&quot;article footer&quot;,&quot;name&quot;:&quot;Mon actu&quot;,&quot;type&quot;:&quot;cta&quot;}}\" target=\"_blank\">Mon Actu<\/a>.<\/p>\n","protected":false},"excerpt":{"rendered":"Par Alban Lannoy Publi\u00e9 le 5 ao\u00fbt 2025 \u00e0 17h50 Pourquoi avoir voulu devenir libraire ? J\u2019ai travaill\u00e9&hellip;\n","protected":false},"author":2,"featured_media":298409,"comment_status":"","ping_status":"","sticky":false,"template":"","format":"standard","meta":{"footnotes":""},"categories":[1357],"tags":[1379,215,58,59,1011,27,1380,104],"class_list":{"0":"post-298408","1":"post","2":"type-post","3":"status-publish","4":"format-standard","5":"has-post-thumbnail","7":"category-livres","8":"tag-books","9":"tag-commerce","10":"tag-divertissement","11":"tag-entertainment","12":"tag-fr","13":"tag-france","14":"tag-livres","15":"tag-societe"},"share_on_mastodon":{"url":"https:\/\/pubeurope.com\/@fr\/114976972121561180","error":""},"_links":{"self":[{"href":"https:\/\/www.europesays.com\/fr\/wp-json\/wp\/v2\/posts\/298408","targetHints":{"allow":["GET"]}}],"collection":[{"href":"https:\/\/www.europesays.com\/fr\/wp-json\/wp\/v2\/posts"}],"about":[{"href":"https:\/\/www.europesays.com\/fr\/wp-json\/wp\/v2\/types\/post"}],"author":[{"embeddable":true,"href":"https:\/\/www.europesays.com\/fr\/wp-json\/wp\/v2\/users\/2"}],"replies":[{"embeddable":true,"href":"https:\/\/www.europesays.com\/fr\/wp-json\/wp\/v2\/comments?post=298408"}],"version-history":[{"count":0,"href":"https:\/\/www.europesays.com\/fr\/wp-json\/wp\/v2\/posts\/298408\/revisions"}],"wp:featuredmedia":[{"embeddable":true,"href":"https:\/\/www.europesays.com\/fr\/wp-json\/wp\/v2\/media\/298409"}],"wp:attachment":[{"href":"https:\/\/www.europesays.com\/fr\/wp-json\/wp\/v2\/media?parent=298408"}],"wp:term":[{"taxonomy":"category","embeddable":true,"href":"https:\/\/www.europesays.com\/fr\/wp-json\/wp\/v2\/categories?post=298408"},{"taxonomy":"post_tag","embeddable":true,"href":"https:\/\/www.europesays.com\/fr\/wp-json\/wp\/v2\/tags?post=298408"}],"curies":[{"name":"wp","href":"https:\/\/api.w.org\/{rel}","templated":true}]}}