{"id":29841,"date":"2025-04-16T19:41:12","date_gmt":"2025-04-16T19:41:12","guid":{"rendered":"https:\/\/www.europesays.com\/fr\/29841\/"},"modified":"2025-04-16T19:41:12","modified_gmt":"2025-04-16T19:41:12","slug":"laure-manaudou-six-pieces-piscine-a-quoi-ressemble-la-maison-quelle-partageait-avec-jeremy-frerot-dans-un-cadre-exceptionnel","status":"publish","type":"post","link":"https:\/\/www.europesays.com\/fr\/29841\/","title":{"rendered":"Laure Manaudou : six pi\u00e8ces, piscine&#8230; A quoi ressemble la maison qu&rsquo;elle partageait avec J\u00e9r\u00e9my Fr\u00e9rot dans un cadre exceptionnel"},"content":{"rendered":"<p>Pour construire leur vie de famille, <a href=\"https:\/\/www.closermag.fr\/people\/laure-manaudou-devoile-le-visage-de-sa-fille-manon-15-ans-et-elle-ressemble-beaucoup-a-son-papa-3534162\" target=\"_blank\" rel=\"noopener\"><br \/>\nLaure Manaudou<\/a> et J\u00e9r\u00e9my Fr\u00e9rot avaient choisi un cadre<br \/>\nidyllique : celui de la for\u00eat des Landes, une r\u00e9gion tr\u00e8s appr\u00e9ci\u00e9e<br \/>\npour son calme et ses paysages naturels. Le couple avait par<br \/>\nailleurs choisi une ville bien pr\u00e9cise, La Teste-de-Buch,<br \/>\n<strong>pour s&rsquo;\u00e9tablir loin des exigences et de l&rsquo;agitation de leur<br \/>\nvie professionnelle respective<\/strong>.<\/p>\n<p>D&rsquo;une superficie de 162 m\u00b2, <strong>la maison avait six pi\u00e8ces<br \/>\net un terrain de 5000 m\u00b2<\/strong> sur lequel une piscine avait \u00e9t\u00e9<br \/>\nconstruite, explique\u00a0<a href=\"https:\/\/www.pretto.fr\/bien-immobilier\/maison-ou-appartement\/les-maisons-des-sportifs-les-plus-cheres\/\" rel=\"nofollow noopener\" target=\"_blank\">Pretto<\/a>. Une maison qui offrait alors au<br \/>\ncouple une intimit\u00e9 sans limites, puisque cach\u00e9e au c\u0153ur des pins<br \/>\net sans aucun vis-\u00e0-vis. Achet\u00e9e initialement pour environ 900 000<br \/>\neuros, la maison pourrait d\u00e9sormais valoir plus d&rsquo;un million<br \/>\nd&rsquo;euros.<\/p>\n<p>La maison menac\u00e9e par les flammes en 2022<\/p>\n<blockquote class=\"instagram-media\" style=\"background: #ffffff;border: 0;margin: 1px;width: 100%;padding: 0;max-width: 500px;\" data-instgrm-permalink=\"https:\/\/www.instagram.com\/p\/B5H5SYqoXxG\/\" data-instgrm-version=\"14\"\/>\n<p>Bien que le cadre soit magnifique et permettait au couple<br \/>\nd&rsquo;\u00e9lever leurs enfants en toute discr\u00e9tion, la maison a<br \/>\nmalheureusement \u00e9t\u00e9 au c\u0153ur <strong>d&rsquo;un \u00e9v\u00e8nement tragique au<br \/>\ncours de l&rsquo;\u00e9t\u00e9 2022<\/strong>. Cette ann\u00e9e-l\u00e0, le 12 juillet, un<br \/>\npremier d\u00e9part de feu a lieu dans une parcelle de la for\u00eat usag\u00e8re<br \/>\nde La Teste-de-Buch. Le m\u00eame jour, \u00e0 peine une heure apr\u00e8s, un<br \/>\nsecond d\u00e9part de feu est signal\u00e9, cette fois \u00e0 Landiras.<\/p>\n<p>Les feux ont rapidement, tr\u00e8s rapidement pris de l&rsquo;ampleur, en<br \/>\nraison du peu de pr\u00e9cipitations ayant eu lieu sur les douze mois<br \/>\npr\u00e9c\u00e9dents. Les incendies sont si violents que <strong>plusieurs<br \/>\n\u00e9vacuations sont ordonn\u00e9es<\/strong>. <a href=\"https:\/\/www.closermag.fr\/people\/laure-manaudou-et-jeremy-frerot-cette-triste-nouvelle-apres-avoir-abandonne-leur-maison-en-catastrophe-1620879#item=1\" target=\"_blank\" rel=\"noopener\"><br \/>\nLa famille de Laure Manaudou et J\u00e9r\u00e9my Fr\u00e9rot n&rsquo;y \u00e9chappera<br \/>\npas<\/a>. Sur la commune de La Teste-de-Buch, seules trois<br \/>\nhabitations ont \u00e9t\u00e9 d\u00e9truites, excluant celle du couple.<\/p>\n<p>Que va-t-il advenir de la maison ?<\/p>\n<p>Deux apr\u00e8s les incendies de Gironde, le couple annonce sa<br \/>\ns\u00e9paration. <strong>Une s\u00e9paration qui soul\u00e8ve la question de<br \/>\nl&rsquo;avenir de la maison de La Teste-de-Buch.<\/strong> <a href=\"https:\/\/www.closermag.fr\/people\/tu-veux-voir-le-marcel-echange-tendu-entre-jeremy-frerot-et-une-fan-lex-de-laure-manaudou-degoupille-3527964\" target=\"_blank\" rel=\"noopener\"><br \/>\nJ\u00e9r\u00e9my Fr\u00e9rot<\/a>, n\u00e9 \u00e0 Bruges et donc natif de la r\u00e9gion, pourrait<br \/>\nvouloir garder cette maison. Mais s&rsquo;il est tr\u00e8s attach\u00e9 \u00e0 la<br \/>\nr\u00e9gion, Laure Manadou semble \u00e9galement \u00eatre tomb\u00e9e sous le charme<br \/>\ndu bassin d&rsquo;Arcachon. Vont-ils mettre en vente la maison ou l&rsquo;un<br \/>\ndes deux va-t-il choisir de la garder ?<\/p>\n<p>Il n&rsquo;est pas impossible qu&rsquo;ils cherchent \u00e0 la vendre, d&rsquo;autant<br \/>\nplus que le secteur immobilier est en plein boom sur le bassin<br \/>\nd&rsquo;Arcachon, la r\u00e9gion \u00e9tant particuli\u00e8rement demand\u00e9e. Sur le<br \/>\ndernier trimestre 2024, <strong>la demande \u00e9tait m\u00eame en hausse de<br \/>\n18 %<\/strong>.<\/p>\n<p><script async src=\"\/\/www.instagram.com\/embed.js\"><\/script><\/p>\n","protected":false},"excerpt":{"rendered":"Pour construire leur vie de famille, Laure Manaudou et J\u00e9r\u00e9my Fr\u00e9rot avaient choisi un cadre idyllique : celui&hellip;\n","protected":false},"author":2,"featured_media":29842,"comment_status":"","ping_status":"","sticky":false,"template":"","format":"standard","meta":{"footnotes":""},"categories":[1359],"tags":[548,58,59,1011,27,2117,973],"class_list":{"0":"post-29841","1":"post","2":"type-post","3":"status-publish","4":"format-standard","5":"has-post-thumbnail","7":"category-people","8":"tag-article-simple","9":"tag-divertissement","10":"tag-entertainment","11":"tag-fr","12":"tag-france","13":"tag-laure-manaudou","14":"tag-people"},"share_on_mastodon":{"url":"https:\/\/pubeurope.com\/@fr\/114349348119728221","error":""},"_links":{"self":[{"href":"https:\/\/www.europesays.com\/fr\/wp-json\/wp\/v2\/posts\/29841","targetHints":{"allow":["GET"]}}],"collection":[{"href":"https:\/\/www.europesays.com\/fr\/wp-json\/wp\/v2\/posts"}],"about":[{"href":"https:\/\/www.europesays.com\/fr\/wp-json\/wp\/v2\/types\/post"}],"author":[{"embeddable":true,"href":"https:\/\/www.europesays.com\/fr\/wp-json\/wp\/v2\/users\/2"}],"replies":[{"embeddable":true,"href":"https:\/\/www.europesays.com\/fr\/wp-json\/wp\/v2\/comments?post=29841"}],"version-history":[{"count":0,"href":"https:\/\/www.europesays.com\/fr\/wp-json\/wp\/v2\/posts\/29841\/revisions"}],"wp:featuredmedia":[{"embeddable":true,"href":"https:\/\/www.europesays.com\/fr\/wp-json\/wp\/v2\/media\/29842"}],"wp:attachment":[{"href":"https:\/\/www.europesays.com\/fr\/wp-json\/wp\/v2\/media?parent=29841"}],"wp:term":[{"taxonomy":"category","embeddable":true,"href":"https:\/\/www.europesays.com\/fr\/wp-json\/wp\/v2\/categories?post=29841"},{"taxonomy":"post_tag","embeddable":true,"href":"https:\/\/www.europesays.com\/fr\/wp-json\/wp\/v2\/tags?post=29841"}],"curies":[{"name":"wp","href":"https:\/\/api.w.org\/{rel}","templated":true}]}}