{"id":298410,"date":"2025-08-05T15:55:24","date_gmt":"2025-08-05T15:55:24","guid":{"rendered":"https:\/\/www.europesays.com\/fr\/298410\/"},"modified":"2025-08-05T15:55:24","modified_gmt":"2025-08-05T15:55:24","slug":"ophelia-vitaa-bouleversee-cette-chanson-de-julian-la-touche-en-plein-coeur-tout-pour-la-lumiere-12-aout-2025-episode-42-resume-complet-tp2l","status":"publish","type":"post","link":"https:\/\/www.europesays.com\/fr\/298410\/","title":{"rendered":"Oph\u00e9lia (Vitaa) boulevers\u00e9e : cette chanson de Julian la touche en plein c\u0153ur &#8211; Tout pour la lumi\u00e8re 12 ao\u00fbt 2025 (\u00e9pisode 42 &#8211; r\u00e9sum\u00e9 complet TP2L)"},"content":{"rendered":"<p><img fetchpriority=\"high\" decoding=\"async\" aria-describedby=\"caption-attachment-308407\" src=\"https:\/\/www.europesays.com\/fr\/wp-content\/uploads\/2025\/08\/ophelia-julian-tp2L-42.jpg\" alt=\"Julian et oph\u00e9lia tp2l \" width=\"1280\" height=\"720\" class=\"size-full wp-image-308407\"  \/><\/p>\n<p id=\"caption-attachment-308407\" class=\"wp-caption-text\">Oph\u00e9lia troubl\u00e9e par Julian, sauf que la chanson n\u2019est pas \u00e0 lui<\/p>\n<p>Tout ce qu\u2019il faut savoir sur l\u2019\u00e9pisode 42 de<strong> Tout pour la lumi\u00e8re en avance du 12 ao\u00fbt 2025 <\/strong>de TF1 et Netflix : tous les spoilers cl\u00e9s des intrigues du jour.<\/p>\n<p>Dans Tout pour la lumi\u00e8re, <strong>Elise craque<\/strong> en masterclass, <strong>Solenn s\u2019effondre <\/strong>en plein coaching de Victoria, et Julian fait chavirer le c\u0153ur d\u2019Oph\u00e9lia avec sa (fausse) compo. Pendant ce temps, <strong>Swan bouscule les r\u00e8gles<\/strong> en d\u00e9cidant de redevenir \u00e9l\u00e8ve, et Max tente de faire revenir sur terre Solenn. <\/p>\n<p>Tout pour la lumi\u00e8re en avance : Elise (Marie Alexandre) en panique devant Oph\u00e9lia (Vitaa)<\/p>\n<p><strong>Elise passe ce matin devant Oph\u00e9lia<\/strong>, elle est <strong>en stress<\/strong>. <strong>Julian la d\u00e9tend avec la technique du coffre-fort<\/strong> o\u00f9 elle y met toutes ses peurs. Elise demande \u00e0 Julian de l\u2019accompagner jusqu\u2019\u00e0 l\u2019auditorium\u2026 <strong>elle est tr\u00e8s angoiss\u00e9e<\/strong>.<\/p>\n<p><img loading=\"lazy\" decoding=\"async\" aria-describedby=\"caption-attachment-308409\" src=\"data:image\/svg+xml,%3Csvg%20xmlns=\" http:=\"\" alt=\"elise tp2L \" width=\"1200\" height=\"698\" class=\"size-full wp-image-308409\" data-lazy- data-lazy- data-lazy-src=\"https:\/\/www.europesays.com\/fr\/wp-content\/uploads\/2025\/08\/tp2l-elise-42.jpg\"\/><\/p>\n<p id=\"caption-attachment-308409\" class=\"wp-caption-text\">Elise est bouff\u00e9e par le stress<\/p>\n<p><strong>Solenn chante une compo qui lui tient \u00e0 c\u0153ur<\/strong> dans le cours de Victoria. C\u2019est la chanson Vois-tu (voir le clip complet en bas de l\u2019article). <strong>Solenn a-t-elle \u00e9crit cette chanson pour Max ?<\/strong> La r\u00e9ponse est clairement oui.<br \/>Victoria lui dit de s\u2019arr\u00eater, elle se l\u00e2che : <strong>la balade romantique larmoyante ce n\u2019est pas pour elle<\/strong>. Victoria n\u2019est pas tendre, elle dit \u00e0 Solenn qu\u2019elle est dans le clich\u00e9. <strong>La m\u00e9lodie est jolie et le texte est na\u00eff<\/strong>. <strong>Solenn part en pleurant du cours<\/strong>.<\/p>\n<p><strong>Swan annonce \u00e0 Iris qu\u2019il va reprendre sa carri\u00e8re<\/strong> : il veut commencer \u00e0 la base en tant qu\u2019\u00e9l\u00e8ve. Swan estime que \u00e7a va lui ouvrir des portes. <strong>Swan dit \u00e0 Iris qu\u2019il ne serait pas contre des coachings avec Victoria<\/strong>. Il veut l\u2019aval d\u2019Iris pour se lancer.<\/p>\n<p><strong>Oph\u00e9lie conseille \u00e0 Elise de faire comme si elle n\u2019\u00e9tait pas l\u00e0<\/strong>. Elle est <strong>hyper stress\u00e9e<\/strong>, <strong>le bon son ne sort pas<\/strong>. Oph\u00e9lia lui propose de sortir respirer, mais au final <strong>elle part en larmes<\/strong>.<\/p>\n<p><strong>Maddie et Julian r\u00e9cup\u00e8rent Elise en larmes<\/strong> : elle dit qu\u2019elle n\u2019a pas r\u00e9ussi \u00e0 sortir un son. <strong>Elise d\u00e9cide d\u2019aller se coucher<\/strong> car elle se sent mal. Elle ne sait pas si elle va venir repasser l\u2019apr\u00e8s-midi l\u2019audition.<br \/><strong>Maddie est contente quand Julian lui dit qu\u2019il a une composition<\/strong> : c\u2019est g\u00e9nial, il a r\u00e9ussi \u00e0 \u00e9crire sans picoler.<\/p>\n<p><img loading=\"lazy\" decoding=\"async\" aria-describedby=\"caption-attachment-308411\" src=\"data:image\/svg+xml,%3Csvg%20xmlns=\" http:=\"\" alt=\"max tp2L \" width=\"1200\" height=\"735\" class=\"size-full wp-image-308411\" data-lazy- data-lazy- data-lazy-src=\"https:\/\/www.europesays.com\/fr\/wp-content\/uploads\/2025\/08\/tp2l-MAX-42.jpg\"\/><\/p>\n<p id=\"caption-attachment-308411\" class=\"wp-caption-text\">Max fait une nouvelle mise au point avec Solenn<\/p>\n<p><strong>Victoria d\u00e9cide de confronter Max avec la lettre<\/strong>. Max dit qu\u2019il n\u2019a pas eu d\u2019histoire avec Solenn. Max dit que <strong>Solenn a eu un crush : elle lui a saut\u00e9 au cou<\/strong>. Victoria est bless\u00e9e que Max ne lui ait rien dit. <strong>Max serre dans les bras Victoria<\/strong> : elle lui dit que Solenn a \u00e9crit une chanson sur lui. <strong>Max dit \u00e0 Victoria que c\u2019est elle qu\u2019il aime<\/strong>. Il promet de mettre les choses au clair une nouvelle fois avec Solenn.<\/p>\n<p><strong>Jo\u00ebl dit \u00e0 Noah et Swan que \u00ab\u00a0les concours de qu\u00e9quettes musicales c\u2019est pas mon truc\u00a0\u00bb<\/strong>. Jo\u00ebl fait une <strong>mise au point avec Swan<\/strong>, il veut qu\u2019il s\u2019en tienne aux exercices donn\u00e9s.<\/p>\n<p><strong>Julian passe devant Oph\u00e9lia<\/strong> : il lui pr\u00e9sente sa chanson Tout simplement en chantant accompagn\u00e9 de sa guitare (ndlr : vous pouvez \u00e9couter la musique en entier en fin d\u2019article).<br \/><strong>Oph\u00e9lia dit \u00e0 Julian que c\u2019est une belle chanson<\/strong> : c\u2019est intime, elle trouve qu\u2019il faut du courage pour se d\u00e9voiler. Elle le f\u00e9licite.<\/p>\n<p><img loading=\"lazy\" decoding=\"async\" aria-describedby=\"caption-attachment-308413\" src=\"data:image\/svg+xml,%3Csvg%20xmlns=\" http:=\"\" alt=\"solenn tp2L \" width=\"1200\" height=\"766\" class=\"size-full wp-image-308413\" data-lazy- data-lazy- data-lazy-src=\"https:\/\/www.europesays.com\/fr\/wp-content\/uploads\/2025\/08\/tp2l-sOLENN-42.jpg\"\/><\/p>\n<p id=\"caption-attachment-308413\" class=\"wp-caption-text\">Solenn a \u00e9crit une chanson de son amour pour Max<\/p>\n<p><strong>Max s\u2019installe \u00e0 la table de Solenn au Com\u00e8te<\/strong> pour lui dire \u00ab\u00a0il n\u2019y a pas de nous\u00a0\u00bb. Solenn dit qu\u2019elle a des sentiments mais elle a bien compris qu\u2019elle est seule. <strong>Max dit \u00e0 Solenn qu\u2019il ne veut plus entendre parler de cette histoire<\/strong>. <strong>Solenn va-t-elle abandonner ?<\/strong><br \/>\nTout pour la lumi\u00e8re 12 ao\u00fbt 2025 : Swan (Aur\u00e9lien Wiik) devient \u00e9l\u00e8ve du Studio<\/p>\n<p><strong>Swan s\u2019en prend \u00e0 Ali<\/strong> qui critique Iris sur son interpr\u00e9tation musicale. <strong>Swan provoque Ali<\/strong>, c\u2019est tr\u00e8s tendu pendant le cours. Swan se croit au-dessus. <\/p>\n<p><strong>Julian dit \u00e0 Maddie et Hadrien que \u00e7a s\u2019est bien pass\u00e9 avec Oph\u00e9lia<\/strong>. Julian n\u2019a pas envie de trop en parler ni de leur faire \u00e9couter.<\/p>\n<p><strong>Justine dit \u00e0 Victoria que Solenn a s\u00e9ch\u00e9 les cours<\/strong> depuis que Victoria a \u00e9t\u00e9 un peu s\u00e8che en cours. Victoria minimise les faits, en disant que \u00e7a lui arrive de s\u00e9cher\u2026elle va revenir !<\/p>\n<p><img loading=\"lazy\" decoding=\"async\" aria-describedby=\"caption-attachment-308415\" src=\"data:image\/svg+xml,%3Csvg%20xmlns=\" http:=\"\" alt=\"swan tp2L \" width=\"1200\" height=\"660\" class=\"size-full wp-image-308415\" data-lazy- data-lazy- data-lazy-src=\"https:\/\/www.europesays.com\/fr\/wp-content\/uploads\/2025\/08\/tp2l-swan-42.jpg\"\/><\/p>\n<p id=\"caption-attachment-308415\" class=\"wp-caption-text\">Swan \u00e9l\u00e8ve \u00e0 l\u2019institut est insupportable<\/p>\n<p><strong>Oph\u00e9lia dit qu\u2019elle a eu un coup de c\u0153ur<\/strong> : une composition l\u2019a touch\u00e9e, <strong>c\u2019est celle de Julian<\/strong>. Elle lui dit que demain, il va pouvoir chanter sa chanson devant le groupe.<\/p>\n<p><strong>Iris dit \u00e0 Swan qu\u2019elle n\u2019est pas une petite fille \u00e0 prot\u00e9ger<\/strong> ou \u00e0 d\u00e9fendre par rapport \u00e0 ce qui s\u2019est pass\u00e9 avec Ali. Iris dit \u00e0 Swan qu\u2019il abuse : 2 coachs = 2 clashs. Elle veut qu\u2019il se reprenne. <\/p>\n<p><strong>Hadrien est fier de Julian<\/strong>. Ce dernier tente de savoir \u00e0 qui \u00e9taient les fichiers \u00e0 trier sur son ordinateur<strong>. Hadrien r\u00e9v\u00e8le que les audios sur son ordi, ce sont des compositions d\u2019\u00e9l\u00e8ves du cycle actuel<\/strong>. <strong>Catastrophe !!<\/strong><\/p>\n<p><strong>La composition de Solenn sur Max \u00ab\u00a0Vois-tu\u00a0\u00bb entendu dans Tout pour la lumi\u00e8re : <\/strong><\/p>\n<p><strong>La composition de Julian \u00ab\u00a0Tout simplement\u00a0\u00bb (qu\u2019il a vol\u00e9 sur l\u2019ordi d\u2019Hadrien) entendu dans l\u2019\u00e9pisode TP2L : <\/strong><\/p>\n<p>Que pensez-vous du nouvel \u00e9pisode de Tout pour la lumi\u00e8re ? R\u00e9agissez en commentaire \ud83d\udcac ci-dessous. <\/p>\n<p>\u00c0 suivre le <strong>r\u00e9sum\u00e9 complet Tout pour la lumi\u00e8re \u00e9pisode 43<\/strong> du 13 ao\u00fbt 2025 sur TF1 \/ Netflix.<\/p>\n<p>Fan de Tout pour la lumi\u00e8re ? les s\u00e9ries \u00e0 ne pas manquer <\/p>\n<p>Si vous \u00eates accro \u00e0 Tout pour la lumi\u00e8re, voici les s\u00e9ries qui vont s\u00fbrement devenir vos prochains coups de c\u0153ur !<\/p>\n<p><a href=\"https:\/\/www.nouveautes-tele.com\/118986-nouveau-feuilleton-sur-tf1.html\" rel=\"nofollow noopener\" target=\"_blank\"><strong>Ici tout commence<\/strong><\/a> \u00e0 18h30, l\u2019univers culinaire de TF1 avec Benjamin Baroche ou encore le feuilleton <a href=\"https:\/\/www.nouveautes-tele.com\/62784-resume-demain-nous-appartient-tf1-en-avance-spoilers-devoiles.html\" rel=\"nofollow noopener\" target=\"_blank\"><strong>Demain nous appartient <\/strong><\/a> avec Ingrid Chauvin sur TF1 \u00e0 19H10. Quant \u00e0 <a href=\"https:\/\/www.nouveautes-tele.com\/86457-grand-soleil-le-guide-complet-du-feuilleton-france-2-rentree-2018.html\" rel=\"nofollow noopener\" target=\"_blank\"><strong>Un si grand soleil<\/strong><\/a>, il est diffus\u00e9 \u00e0 20h35 juste avant le prime-time sur France 3 tout comme <a href=\"https:\/\/www.nouveautes-tele.com\/288115-nouveau-jour-sur-m6-feuilleton.html\" rel=\"nofollow noopener\" target=\"_blank\"><strong>Nouveau jour<\/strong><\/a> sur M6 d\u00e8s le 30 juin. Enfin, pour les nostalgiques <a href=\"https:\/\/www.nouveautes-tele.com\/38439-plus-belle-la-vie-le-guide-des-resumes-et-spoilers.html\" rel=\"nofollow noopener\" target=\"_blank\"><strong>Plus belle la vie sur TF1<\/strong><\/a> \u00e0 13h50\u2026 et la vie est encore plus belle du lundi au vendredi. <\/p>\n<p>-&gt; N&rsquo;h\u00e9sitez pas \u00e0 nous suivre sur <a href=\"https:\/\/whatsapp.com\/channel\/0029Vaff4LEFcowCVHrXqx17\" target=\"_blank\" rel=\"noopener nofollow\"><strong>notre cha\u00eene WhatsApp<\/strong><\/a> pour ne rien manquer des derni\u00e8res actualit\u00e9s de Nouveaut\u00e9s-T\u00e9l\u00e9. &#13;<br \/>\n&#13;<\/p>\n<p>                          <img loading=\"lazy\" decoding=\"async\" width=\"512\" height=\"512\" src=\"data:image\/svg+xml,%3Csvg%20xmlns=\" http:=\"\" alt=\"Logo de Nouveaut\u00e9 t\u00e9l\u00e9\" data-lazy-src=\"https:\/\/www.europesays.com\/fr\/wp-content\/uploads\/2025\/06\/nt-logo.png\"\/><\/p>\n<p>\t\t\t  Isabelle Corteilles<\/p>\n<p>Titou, passionn\u00e9e de m\u00e9dias et incollable sur l\u2019actualit\u00e9 des s\u00e9ries t\u00e9l\u00e9. De la g\u00e9n\u00e9ration Dawson\u2019s Creek et Sous le Soleil, je navigue aujourd\u2019hui entre le Spoon de DNA, les marais salants d\u2019ITC, le Mistral de PBLV, le Com\u00e8te de TP2L, la Pe\u00f1a Loca de Nouveau Jour et les Sauvages d\u2019Un Si Grand Soleil, pour ne rien rater des derni\u00e8res intrigues et indiscr\u00e9tions.<\/p>\n","protected":false},"excerpt":{"rendered":"Oph\u00e9lia troubl\u00e9e par Julian, sauf que la chanson n\u2019est pas \u00e0 lui Tout ce qu\u2019il faut savoir sur&hellip;\n","protected":false},"author":2,"featured_media":298411,"comment_status":"","ping_status":"","sticky":false,"template":"","format":"standard","meta":{"footnotes":""},"categories":[1356],"tags":[58,59,1011,27,252,1364],"class_list":{"0":"post-298410","1":"post","2":"type-post","3":"status-publish","4":"format-standard","5":"has-post-thumbnail","7":"category-television","8":"tag-divertissement","9":"tag-entertainment","10":"tag-fr","11":"tag-france","12":"tag-television","13":"tag-tv"},"share_on_mastodon":{"url":"https:\/\/pubeurope.com\/@fr\/114976976711967221","error":""},"_links":{"self":[{"href":"https:\/\/www.europesays.com\/fr\/wp-json\/wp\/v2\/posts\/298410","targetHints":{"allow":["GET"]}}],"collection":[{"href":"https:\/\/www.europesays.com\/fr\/wp-json\/wp\/v2\/posts"}],"about":[{"href":"https:\/\/www.europesays.com\/fr\/wp-json\/wp\/v2\/types\/post"}],"author":[{"embeddable":true,"href":"https:\/\/www.europesays.com\/fr\/wp-json\/wp\/v2\/users\/2"}],"replies":[{"embeddable":true,"href":"https:\/\/www.europesays.com\/fr\/wp-json\/wp\/v2\/comments?post=298410"}],"version-history":[{"count":0,"href":"https:\/\/www.europesays.com\/fr\/wp-json\/wp\/v2\/posts\/298410\/revisions"}],"wp:featuredmedia":[{"embeddable":true,"href":"https:\/\/www.europesays.com\/fr\/wp-json\/wp\/v2\/media\/298411"}],"wp:attachment":[{"href":"https:\/\/www.europesays.com\/fr\/wp-json\/wp\/v2\/media?parent=298410"}],"wp:term":[{"taxonomy":"category","embeddable":true,"href":"https:\/\/www.europesays.com\/fr\/wp-json\/wp\/v2\/categories?post=298410"},{"taxonomy":"post_tag","embeddable":true,"href":"https:\/\/www.europesays.com\/fr\/wp-json\/wp\/v2\/tags?post=298410"}],"curies":[{"name":"wp","href":"https:\/\/api.w.org\/{rel}","templated":true}]}}