{"id":298412,"date":"2025-08-05T15:56:19","date_gmt":"2025-08-05T15:56:19","guid":{"rendered":"https:\/\/www.europesays.com\/fr\/298412\/"},"modified":"2025-08-05T15:56:19","modified_gmt":"2025-08-05T15:56:19","slug":"ce-que-pensait-lemmy-du-premier-album-solo-dozzy","status":"publish","type":"post","link":"https:\/\/www.europesays.com\/fr\/298412\/","title":{"rendered":"ce que pensait Lemmy du premier album solo d\u2019Ozzy"},"content":{"rendered":"<p><strong>Invit\u00e9 \u00e0 commenter le premier album solo d\u2019<a href=\"https:\/\/www.metalzone.fr\/ozzy-osbourne\/\" rel=\"nofollow noopener\" target=\"_blank\">Ozzy Osbourne<\/a> en 2011, Lemmy Kilmister a livr\u00e9 une r\u00e9action aussi honn\u00eate que fid\u00e8le \u00e0 sa r\u00e9putation, entre admiration sinc\u00e8re et humour mordant.<\/strong><\/p>\n<p>Lemmy se penche sur Blizzard Of Ozz et son contexte<\/p>\n<p>En 2011, \u00e0 l\u2019occasion de la r\u00e9\u00e9dition anniversaire de Blizzard Of Ozz et Diary Of A Madman, un t\u00e9moignage rare de Lemmy Kilmister aurait d\u00fb figurer dans les bonus. Bien que coup\u00e9 au montage, ce passage a \u00e9t\u00e9 sauv\u00e9 et mis en ligne plus tard sur <a href=\"https:\/\/www.youtube.com\/watch?v=M-RDV5m8BuM\" target=\"_blank\" rel=\"nofollow noopener\">YouTube<\/a>.<\/p>\n<p>Dans cette s\u00e9quence, Lemmy explique ne jamais avoir \u00e9t\u00e9 tr\u00e8s fan de <a href=\"https:\/\/www.metalzone.fr\/black-sabbath\/\" rel=\"nofollow noopener\" target=\"_blank\">Black Sabbath<\/a>, mais reconna\u00eet volontiers que le premier album solo d\u2019Ozzy est un disque \u201cexcellent\u201d. Il \u00e9voque \u00e9galement la tourn\u00e9e nord-am\u00e9ricaine de 1981, o\u00f9 <a href=\"https:\/\/www.metalzone.fr\/motorhead\/\" rel=\"nofollow noopener\" target=\"_blank\">Mot\u00f6rhead<\/a> assurait la premi\u00e8re partie : \u201cOn voyait Ozzy jouer au moins la moiti\u00e9 de l\u2019album chaque soir. C\u2019\u00e9tait vraiment bien. Une excellente tourn\u00e9e.\u201d<\/p>\n<p>Un hommage touchant \u00e0 Randy Rhoads<\/p>\n<p>Lemmy en profite pour \u00e9voquer Randy Rhoads, guitariste d\u2019Ozzy, disparu en 1982 : \u201cRandy \u00e9tait brillant. Il prenait des risques, il n\u2019avait pas peur. Il connaissait parfaitement son instrument. Il fon\u00e7ait, c\u2019est ce que j\u2019aimais chez lui.\u201d Il se souvient aussi de leur complicit\u00e9 hors sc\u00e8ne, plaisantant : \u201cIl ne savait pas jouer \u00e0 Asteroids. Je l\u2019ai battu dans tout le pays.\u201d<\/p>\n<p>Les deux ic\u00f4nes se sont retrouv\u00e9es plus tard, notamment lorsque Lemmy a co\u00e9crit plusieurs titres du c\u00e9l\u00e8bre No More Tears en 1991. Depuis, chacun a eu droit \u00e0 son hommage : Lemmy a vu sa statue inaugur\u00e9e \u00e0 Stoke-on-Trent en mai dernier, comme relat\u00e9 <a href=\"https:\/\/www.metalzone.fr\/news\/214516-motorhead-video-hommage-lemmy-statue-stoke-on-trent\/\" target=\"_blank\" rel=\"noopener nofollow\">dans cet article<\/a>, tandis qu\u2019Ozzy repose depuis peu dans le jardin de sa propri\u00e9t\u00e9, sous un arbre, selon son souhait, comme expliqu\u00e9 <a href=\"https:\/\/www.metalzone.fr\/news\/218432-ozzy-osbourne-rejoint-derniere-demeure-comme-souhaite\/\" target=\"_blank\" rel=\"noopener nofollow\">ici<\/a>.<\/p><\/p>\n","protected":false},"excerpt":{"rendered":"Invit\u00e9 \u00e0 commenter le premier album solo d\u2019Ozzy Osbourne en 2011, Lemmy Kilmister a livr\u00e9 une r\u00e9action aussi&hellip;\n","protected":false},"author":2,"featured_media":298413,"comment_status":"","ping_status":"","sticky":false,"template":"","format":"standard","meta":{"footnotes":""},"categories":[1355],"tags":[58,59,1011,27,1361,873],"class_list":{"0":"post-298412","1":"post","2":"type-post","3":"status-publish","4":"format-standard","5":"has-post-thumbnail","7":"category-musique","8":"tag-divertissement","9":"tag-entertainment","10":"tag-fr","11":"tag-france","12":"tag-music","13":"tag-musique"},"share_on_mastodon":{"url":"https:\/\/pubeurope.com\/@fr\/114976979893170634","error":""},"_links":{"self":[{"href":"https:\/\/www.europesays.com\/fr\/wp-json\/wp\/v2\/posts\/298412","targetHints":{"allow":["GET"]}}],"collection":[{"href":"https:\/\/www.europesays.com\/fr\/wp-json\/wp\/v2\/posts"}],"about":[{"href":"https:\/\/www.europesays.com\/fr\/wp-json\/wp\/v2\/types\/post"}],"author":[{"embeddable":true,"href":"https:\/\/www.europesays.com\/fr\/wp-json\/wp\/v2\/users\/2"}],"replies":[{"embeddable":true,"href":"https:\/\/www.europesays.com\/fr\/wp-json\/wp\/v2\/comments?post=298412"}],"version-history":[{"count":0,"href":"https:\/\/www.europesays.com\/fr\/wp-json\/wp\/v2\/posts\/298412\/revisions"}],"wp:featuredmedia":[{"embeddable":true,"href":"https:\/\/www.europesays.com\/fr\/wp-json\/wp\/v2\/media\/298413"}],"wp:attachment":[{"href":"https:\/\/www.europesays.com\/fr\/wp-json\/wp\/v2\/media?parent=298412"}],"wp:term":[{"taxonomy":"category","embeddable":true,"href":"https:\/\/www.europesays.com\/fr\/wp-json\/wp\/v2\/categories?post=298412"},{"taxonomy":"post_tag","embeddable":true,"href":"https:\/\/www.europesays.com\/fr\/wp-json\/wp\/v2\/tags?post=298412"}],"curies":[{"name":"wp","href":"https:\/\/api.w.org\/{rel}","templated":true}]}}