{"id":298422,"date":"2025-08-05T16:01:12","date_gmt":"2025-08-05T16:01:12","guid":{"rendered":"https:\/\/www.europesays.com\/fr\/298422\/"},"modified":"2025-08-05T16:01:12","modified_gmt":"2025-08-05T16:01:12","slug":"la-grande-barriere-de-corail-subit-le-plus-grand-blanchissement-jamais-observe","status":"publish","type":"post","link":"https:\/\/www.europesays.com\/fr\/298422\/","title":{"rendered":"La Grande Barri\u00e8re de corail subit le plus grand blanchissement jamais observ\u00e9"},"content":{"rendered":"<p>                          <img loading=\"lazy\" decoding=\"async\" src=\"https:\/\/www.europesays.com\/fr\/wp-content\/uploads\/2025\/08\/3d0b0f3_1732092562473-000-34p32dh.jpg\" alt=\"Coraux d\u00e9color\u00e9s et morts autour de l\u2019\u00eele Lizard sur la Grande Barri\u00e8re de corail, \u00e0 270\u00a0kilom\u00e8tres au nord de la ville de Cairns (Australie), le 5\u00a0avril 2024.\"   width=\"664\" height=\"443\"\/>    Coraux d\u00e9color\u00e9s et morts autour de l\u2019\u00eele Lizard sur la Grande Barri\u00e8re de corail, \u00e0 270\u00a0kilom\u00e8tres au nord de la ville de Cairns (Australie), le 5\u00a0avril 2024.  DAVID GRAY\/AFP                   <\/p>\n<p class=\"article__paragraph  \">Celle que les scientifiques surnomme \u00ab\u00a0la plus grande structure vivante au monde\u00a0\u00bb risque de s\u2019\u00e9teindre. La Grande Barri\u00e8re de corail, situ\u00e9e en Australie, subit le plus grand blanchissement jamais observ\u00e9, dixit <a href=\"https:\/\/www.aims.gov.au\/monitoring-great-barrier-reef\/gbr-condition-summary-2024-25\" target=\"_blank\" rel=\"noopener\" title=\"Nouvelle fen\u00eatre\">un rapport gouvernemental<\/a> publi\u00e9 mardi 5\u00a0ao\u00fbt, selon qui ce tr\u00e9sor naturel est en mauvais \u00e9tat. Les scientifiques ont rapport\u00e9 le blanchissement \u00ab\u00a0le plus \u00e9tendu\u00a0\u00bb provoqu\u00e9 par des temp\u00e9ratures oc\u00e9aniques \u00e9touffantes en\u00a02024 qui ont engendr\u00e9 \u00ab\u00a0des niveaux de stress thermique sans pr\u00e9c\u00e9dent\u00a0\u00bb depuis les premiers relev\u00e9s, il y a pr\u00e8s de quarante ans.<\/p>\n<p class=\"article__paragraph  \">L\u2019Institut australien des sciences marines (AIMS) a \u00e9tudi\u00e9 la sant\u00e9 de 124\u00a0r\u00e9cifs coralliens au sein de ce r\u00e9cif tentaculaire entre ao\u00fbt\u00a02024 et mai\u00a02025. Les r\u00e9sultats montrent que les branches Sud et Nord du r\u00e9cif ont vu le \u00ab\u00a0plus gros d\u00e9clin annuel\u00a0\u00bb jamais enregistr\u00e9.<\/p>\n<p class=\"article__paragraph  \">Les r\u00e9cifs avaient \u00e9t\u00e9 frapp\u00e9s par des cyclones tropicaux et des invasions d\u2019\u00e9toiles de mer couronne d\u2019\u00e9pines, une esp\u00e8ce qui se nourrit de corail. Mais la \u00ab\u00a0cause num\u00e9ro un est le changement climatique\u00a0\u00bb, a d\u00e9clar\u00e9 Mike Emslie, responsable de la recherche de l\u2019AIMS. \u00ab\u00a0Il n\u2019y a aucun doute l\u00e0-dessus\u00a0\u00bb, a-t-il confi\u00e9 \u00e0 l\u2019Agence France-Presse (AFP).<\/p>\n<p>                                Lire aussi |  Article r\u00e9serv\u00e9 \u00e0 nos abonn\u00e9s  <a href=\"https:\/\/www.lemonde.fr\/planete\/article\/2022\/04\/19\/les-australiens-au-chevet-de-la-grande-barriere-de-corail_6122693_3244.html\" class=\"js-article-read-also catcher--favoris__link\" data-premium=\"1\" id=\"article-title-3269549\" target=\"_blank\" rel=\"noopener\">Les Australiens au chevet de la Grande Barri\u00e8re de corail<\/a>    <\/p>\n<p>   Lire plus tard  <\/p>\n<p class=\"article__paragraph  \">La Grande Barri\u00e8re de corail est une \u00e9tendue de 2\u00a0300\u00a0kilom\u00e8tres de coraux tropicaux abritant une incroyable diversit\u00e9 biologique. Ces \u00e9pisodes r\u00e9p\u00e9t\u00e9s de blanchissement menacent de priver cette attraction touristique de sa splendeur, faisant virer des bancs de coraux autrefois riches en couleur au blanc maladif.<\/p>\n<p>             \u00ab\u00a0Cela vaut encore la peine de se battre\u00a0\u00bb             <\/p>\n<p class=\"article__paragraph  \">Des eaux tropicales exceptionnellement chaudes ont d\u00e9clench\u00e9 un blanchissement g\u00e9n\u00e9ralis\u00e9 des coraux sur la Grande Barri\u00e8re de corail en\u00a02024 et au cours des premiers mois de 2025 \u2013 le sixi\u00e8me \u00e9v\u00e9nement de ce type au cours des neuf derni\u00e8res ann\u00e9es.<\/p>\n<p class=\"article__paragraph  \">\u00ab\u00a0La Grande Barri\u00e8re de corail a connu des niveaux de stress thermique sans pr\u00e9c\u00e9dent, provoquant le blanchissement le plus \u00e9tendu et le plus s\u00e9v\u00e8re jamais enregistr\u00e9 \u00e0 ce jour\u00a0\u00bb, indique le rapport de l\u2019agence australienne. \u00ab\u00a0Cela vaut encore la peine de se battre. Nous ne pouvons pas baisser les bras et abandonner\u00a0\u00bb, d\u00e9clare M. Emslie, pour qui la Grande Barri\u00e8re de corail reste un \u00ab\u00a0lieu incroyable\u00a0\u00bb.<\/p>\n<p class=\"article__paragraph  \">Le rapport a r\u00e9v\u00e9l\u00e9 qu\u2019un type de corail en pleine croissance rapide \u2013 connu sous le nom d\u2019Acropora \u2013 \u00e9tait celui qui avait le plus souffert. Ce corail pousse rapidement, mais il est \u00e9galement l\u2019un des premiers \u00e0 blanchir.<\/p>\n<p class=\"article__paragraph  \">Richard Leck, du Fonds mondial pour la nature (WWF), a compar\u00e9 la sant\u00e9 fluctuante de la Grande Barri\u00e8re de corail \u00e0 des \u00ab\u00a0montagnes russes\u00a0\u00bb. M.\u00a0Leck a d\u00e9clar\u00e9 que certains r\u00e9cifs coralliens dans le monde \u00e9taient d\u00e9j\u00e0 au-del\u00e0 de toute r\u00e9cup\u00e9ration, avertissant que la Grande Barri\u00e8re de corail pourrait subir le m\u00eame sort sans une action climatique ambitieuse et rapide.<\/p>\n<p> Newsletter  <\/p>\n<p> <a href=\"https:\/\/www.lemonde.fr\/newsletters\/chaleur-humaine\/\" class=\"inread__link js-services-inread-link\" target=\"_blank\" rel=\"noopener\">  <\/p>\n<p>\u00ab Chaleur humaine \u00bb<\/p>\n<p>Comment faire face au d\u00e9fi climatique ? Chaque semaine, nos meilleurs articles sur le sujet<\/p>\n<p>S&rsquo;inscrire<\/p>\n<p> <\/a>         <\/p>\n<p class=\"article__paragraph  \">\u00ab\u00a0C\u2019est le signe d\u2019un \u00e9cosyst\u00e8me mis sous une incroyable pression, et ce qui pr\u00e9occupe \u00e9norm\u00e9ment les scientifiques des r\u00e9cifs, c\u2019est lorsque le r\u00e9cif ne se remet pas comme il le faisait auparavant\u00a0\u00bb, a-t-il d\u00e9clar\u00e9.<\/p>\n<p>                                Lire aussi |  Article r\u00e9serv\u00e9 \u00e0 nos abonn\u00e9s  <a href=\"https:\/\/www.lemonde.fr\/planete\/article\/2024\/11\/20\/les-recifs-coralliens-se-degradent-rapidement-sous-l-effet-du-rechauffement-climatique_6404695_3244.html\" class=\"js-article-read-also catcher--favoris__link\" data-premium=\"1\" id=\"article-title-3398709\" target=\"_blank\" rel=\"noopener\">Les r\u00e9cifs coralliens se d\u00e9gradent rapidement sous l\u2019effet du r\u00e9chauffement climatique<\/a>    <\/p>\n<p>   Lire plus tard  <\/p>\n<p>                   80\u00a0% des r\u00e9cifs coralliens touch\u00e9s             <\/p>\n<p class=\"article__paragraph  \">Au cours des deux derni\u00e8res ann\u00e9es, un blanchissement massif dans le monde a \u00e9puis\u00e9 plus de 80\u00a0% des r\u00e9cifs coralliens de la plan\u00e8te. Le blanchissement se produit lorsque les temp\u00e9ratures de l\u2019eau augmentent, for\u00e7ant les coraux \u00e0 expulser des algues microscopiques connues sous le nom de zooxanthelles.<\/p>\n<p class=\"article__paragraph  \">Si les temp\u00e9ratures \u00e9lev\u00e9es persistent, les coraux peuvent finir par blanchir et mourir. La temp\u00e9rature moyenne de la surface de la mer autour de l\u2019Australie a \u00e9t\u00e9 la \u00ab\u00a0plus \u00e9lev\u00e9e jamais enregistr\u00e9e\u00a0\u00bb en\u00a02024, selon l\u2019universit\u00e9 nationale australienne.<\/p>\n<p class=\"article__paragraph  \">L\u2019Australie pr\u00e9pare actuellement son prochain cycle d\u2019objectifs de r\u00e9duction des \u00e9missions, une obligation-cl\u00e9 dans le cadre de l\u2019accord climatique historique de Paris. La superpuissance mini\u00e8re reste toutefois l\u2019un des plus grands exportateurs de charbon au monde et continue de subventionner largement ses combustibles fossiles.<\/p>\n<p>                                Lire aussi |  Article r\u00e9serv\u00e9 \u00e0 nos abonn\u00e9s  <a href=\"https:\/\/www.lemonde.fr\/planete\/article\/2021\/10\/05\/les-coraux-diminuent-rapidement-presque-partout-dans-le-monde_6097132_3244.html\" class=\"js-article-read-also catcher--favoris__link\" data-premium=\"1\" id=\"article-title-3241733\" target=\"_blank\" rel=\"noopener\">Les coraux diminuent rapidement presque partout dans le monde<\/a>    <\/p>\n<p>   Lire plus tard  <\/p>\n<p class=\"author__detail\">  Le Monde avec AFP  <\/p>\n","protected":false},"excerpt":{"rendered":"Coraux d\u00e9color\u00e9s et morts autour de l\u2019\u00eele Lizard sur la Grande Barri\u00e8re de corail, \u00e0 270\u00a0kilom\u00e8tres au nord&hellip;\n","protected":false},"author":2,"featured_media":298423,"comment_status":"","ping_status":"","sticky":false,"template":"","format":"standard","meta":{"footnotes":""},"categories":[7],"tags":[1011,27,43,40,41,39,42,44],"class_list":{"0":"post-298422","1":"post","2":"type-post","3":"status-publish","4":"format-standard","5":"has-post-thumbnail","7":"category-sciences-et-technologies","8":"tag-fr","9":"tag-france","10":"tag-science","11":"tag-science-and-technology","12":"tag-sciences","13":"tag-sciences-et-technologies","14":"tag-technologies","15":"tag-technology"},"share_on_mastodon":{"url":"https:\/\/pubeurope.com\/@fr\/114976999629572314","error":""},"_links":{"self":[{"href":"https:\/\/www.europesays.com\/fr\/wp-json\/wp\/v2\/posts\/298422","targetHints":{"allow":["GET"]}}],"collection":[{"href":"https:\/\/www.europesays.com\/fr\/wp-json\/wp\/v2\/posts"}],"about":[{"href":"https:\/\/www.europesays.com\/fr\/wp-json\/wp\/v2\/types\/post"}],"author":[{"embeddable":true,"href":"https:\/\/www.europesays.com\/fr\/wp-json\/wp\/v2\/users\/2"}],"replies":[{"embeddable":true,"href":"https:\/\/www.europesays.com\/fr\/wp-json\/wp\/v2\/comments?post=298422"}],"version-history":[{"count":0,"href":"https:\/\/www.europesays.com\/fr\/wp-json\/wp\/v2\/posts\/298422\/revisions"}],"wp:featuredmedia":[{"embeddable":true,"href":"https:\/\/www.europesays.com\/fr\/wp-json\/wp\/v2\/media\/298423"}],"wp:attachment":[{"href":"https:\/\/www.europesays.com\/fr\/wp-json\/wp\/v2\/media?parent=298422"}],"wp:term":[{"taxonomy":"category","embeddable":true,"href":"https:\/\/www.europesays.com\/fr\/wp-json\/wp\/v2\/categories?post=298422"},{"taxonomy":"post_tag","embeddable":true,"href":"https:\/\/www.europesays.com\/fr\/wp-json\/wp\/v2\/tags?post=298422"}],"curies":[{"name":"wp","href":"https:\/\/api.w.org\/{rel}","templated":true}]}}