{"id":298432,"date":"2025-08-05T16:06:23","date_gmt":"2025-08-05T16:06:23","guid":{"rendered":"https:\/\/www.europesays.com\/fr\/298432\/"},"modified":"2025-08-05T16:06:23","modified_gmt":"2025-08-05T16:06:23","slug":"saint-just-malmont-un-homme-heliporte-apres-un-accident-dans-le-bourg","status":"publish","type":"post","link":"https:\/\/www.europesays.com\/fr\/298432\/","title":{"rendered":"Saint-Just-Malmont : un homme h\u00e9liport\u00e9 apr\u00e8s un accident dans le bourg"},"content":{"rendered":"<p>\t\t\t\t\t\t\t\t\t\t\t\t\t\t\t\t\t\t\t\t\t\t\t\t\t\t\t\t\t\t\t\t\t\t\t\t\t\t\t\t\t\t\t\t\t\t\t\t\t\t\t\t\t\t\t\t\t\t\t\t\t\t\t<a href=\"https:\/\/www.lacommere43.fr\/component\/banners\/click\/1802.html\" target=\"_blank\" title=\"Hugon Tourisme ao\u00fbt 2025\" rel=\"noopener\"><br \/>\n\t\t\t\t\t\t\t<img decoding=\"async\" loading=\"lazy\" src=\"https:\/\/www.europesays.com\/fr\/wp-content\/uploads\/2025\/08\/hugonaot.gif\" alt=\"Hugon Tourisme ao\u00fbt 2025\"\/><br \/>\n\t\t\t\t\t\t<\/a><\/p>\n<p>\t\t\t\t\t\t\t\t\t\t\t\t\t\t\t\t\t\t\t\t\t\t\t\t\t\t\t\t\t\t\t\t\t\t\t\t\t\t\t\t\t\t\t\t\t\t\t\t\t\t\t\t\t\t\t\t\t\t\t\t\t\t\t<a href=\"https:\/\/www.lacommere43.fr\/component\/banners\/click\/1803.html\" target=\"_blank\" title=\"Tence Rural Master ao\u00fbt 2025\" rel=\"noopener\"><br \/>\n\t\t\t\t\t\t\t<img decoding=\"async\" loading=\"lazy\" src=\"https:\/\/www.europesays.com\/fr\/wp-content\/uploads\/2025\/08\/rural2025-5.gif\" alt=\"Tence Rural Master ao\u00fbt 2025\"\/><br \/>\n\t\t\t\t\t\t<\/a><\/p>\n<p><strong>Mardi vers 14 h 30, un grave accident de la circulation s&rsquo;est produit dans le bourg de Saint-Just-Malmont, route de Jonzieux.<\/strong><\/p>\n<p>Un homme d&rsquo;environ 70 ans sortait d&rsquo;une impasse priv\u00e9e alors qu&rsquo;arrivait une voiture, un Toyota \u00ab\u00a0RAV4\u00a0\u00bb avec un homme de 35 ans au volant et son fils de 8 mois \u00e0 l&rsquo;arri\u00e8re. Le choc a \u00e9t\u00e9 violent entre le scooter de marque Piaggio et le 4&#215;4.<\/p>\n<p>Si les deux occupants de la voiture \u00e9taient indemnes, l&rsquo;\u00e9tat du pilote du deux roues \u00e9tait plus pr\u00e9occupant avec la jambe gauche sectionn\u00e9e. Il a \u00e9t\u00e9 emmen\u00e9 en ambulance jusqu&rsquo;au stade o\u00f9 l&rsquo;h\u00e9licopt\u00e8re du SAMU de la Loire, Helisa 42, s&rsquo;est pos\u00e9 pour la prise en charge. Il a \u00e9t\u00e9 \u00e9vacu\u00e9 sur l&rsquo;H\u00f4pital Nord.<\/p>\n<p>Une quinzaine de pompiers de Saint-Just et Velay Sem\u00e8ne sont intervenus ainsi que la gendarmerie. La route de Jonzieux est rest\u00e9e ferm\u00e9e pendant toute la dur\u00e9e de l&rsquo;intervention.<\/p>\n","protected":false},"excerpt":{"rendered":"Mardi vers 14 h 30, un grave accident de la circulation s&rsquo;est produit dans le bourg de Saint-Just-Malmont,&hellip;\n","protected":false},"author":2,"featured_media":298433,"comment_status":"","ping_status":"","sticky":false,"template":"","format":"standard","meta":{"footnotes":""},"categories":[9653],"tags":[1111,2281,11,2430,1777,674,2282,1011,27,2280,2284,2285,2283,12,25,4001],"class_list":{"0":"post-298432","1":"post","2":"type-post","3":"status-publish","4":"format-standard","5":"has-post-thumbnail","7":"category-saint-etienne","8":"tag-actu","9":"tag-actualite-43","10":"tag-actualites","11":"tag-auvergne-rhone-alpes","12":"tag-eu","13":"tag-europe","14":"tag-faits-divers-auvergne","15":"tag-fr","16":"tag-france","17":"tag-information-haute-loire","18":"tag-infos-43","19":"tag-journal-haute-loire","20":"tag-la-commere-43","21":"tag-news","22":"tag-republique-francaise","23":"tag-saint-etienne"},"share_on_mastodon":{"url":"https:\/\/pubeurope.com\/@fr\/114977019461804197","error":""},"_links":{"self":[{"href":"https:\/\/www.europesays.com\/fr\/wp-json\/wp\/v2\/posts\/298432","targetHints":{"allow":["GET"]}}],"collection":[{"href":"https:\/\/www.europesays.com\/fr\/wp-json\/wp\/v2\/posts"}],"about":[{"href":"https:\/\/www.europesays.com\/fr\/wp-json\/wp\/v2\/types\/post"}],"author":[{"embeddable":true,"href":"https:\/\/www.europesays.com\/fr\/wp-json\/wp\/v2\/users\/2"}],"replies":[{"embeddable":true,"href":"https:\/\/www.europesays.com\/fr\/wp-json\/wp\/v2\/comments?post=298432"}],"version-history":[{"count":0,"href":"https:\/\/www.europesays.com\/fr\/wp-json\/wp\/v2\/posts\/298432\/revisions"}],"wp:featuredmedia":[{"embeddable":true,"href":"https:\/\/www.europesays.com\/fr\/wp-json\/wp\/v2\/media\/298433"}],"wp:attachment":[{"href":"https:\/\/www.europesays.com\/fr\/wp-json\/wp\/v2\/media?parent=298432"}],"wp:term":[{"taxonomy":"category","embeddable":true,"href":"https:\/\/www.europesays.com\/fr\/wp-json\/wp\/v2\/categories?post=298432"},{"taxonomy":"post_tag","embeddable":true,"href":"https:\/\/www.europesays.com\/fr\/wp-json\/wp\/v2\/tags?post=298432"}],"curies":[{"name":"wp","href":"https:\/\/api.w.org\/{rel}","templated":true}]}}