{"id":298439,"date":"2025-08-05T16:10:12","date_gmt":"2025-08-05T16:10:12","guid":{"rendered":"https:\/\/www.europesays.com\/fr\/298439\/"},"modified":"2025-08-05T16:10:12","modified_gmt":"2025-08-05T16:10:12","slug":"accident-grave-entre-deux-motos-a-evenos-deux-motards-en-urgence-absolue","status":"publish","type":"post","link":"https:\/\/www.europesays.com\/fr\/298439\/","title":{"rendered":"Accident grave entre deux motos \u00e0 \u00c9venos : deux motards en urgence absolue"},"content":{"rendered":"<p>Un accident de moto survenu \u00e0 \u00c9venos ce mardi a fait deux bless\u00e9s graves. Les secours ont \u00e9t\u00e9 massivement mobilis\u00e9s.<\/p>\n<p><img fetchpriority=\"high\" decoding=\"async\" width=\"1200\" height=\"900\" alt=\"Accident moto \u00c9venos Accident Arles D570 accident A7 30 juillet accident RD562 Tourrettes marche blanche Puget-sur-Argens cheval coinc\u00e9 boue Voilier en d\u00e9tresse Cannes Croisette Accident scooter A8 Nice Nord Accident cycliste Nice feu v\u00e9hicule Bandol RD559 Accident Brignoles RD43 giratoire d\u00e9viation \u00c9boulement RD41 Collobri\u00e8res Accident Nice sept bless\u00e9s Accident La Seyne-sur-Mer Accident Rocbaron RD68 RD43 trois voitures bless\u00e9es\" title=\"POMPIER 112 18\" src=\"https:\/\/www.europesays.com\/fr\/wp-content\/uploads\/2025\/08\/POMPIER-112-18.jpg\" class=\"img-responsive wp-image-61841\"\/><\/p>\n<p>Accident moto \u00c9venos \u2013 CREDIT : VarActu<\/p>\n<p data-start=\"75\" data-end=\"279\"><strong data-start=\"75\" data-end=\"279\">Ce mardi 5 ao\u00fbt en d\u00e9but d\u2019apr\u00e8s-midi, un grave accident impliquant deux motos a eu lieu sur la route d\u00e9partementale 62, \u00e0 hauteur de la commune d\u2019\u00c9venos. Les deux conducteurs sont en urgence absolue.<\/strong><\/p>\n<p data-start=\"281\" data-end=\"539\">L\u2019alerte a \u00e9t\u00e9 donn\u00e9e \u2026<\/p>\n<p>Lire la suite dans l\u2019article <a href=\"https:\/\/www.varactu.fr\/accident-grave-entre-deux-motos-a-evenos-deux-motards-en-urgence-absolue\/\" rel=\"nofollow noopener\" target=\"_blank\">Accident grave entre deux motos \u00e0 \u00c9venos : deux motards en urgence absolue<\/a> qui est apparu en premier sur <a href=\"https:\/\/www.varactu.fr\" rel=\"nofollow noopener\" target=\"_blank\">Var Actu<\/a>.<\/p>\n","protected":false},"excerpt":{"rendered":"Un accident de moto survenu \u00e0 \u00c9venos ce mardi a fait deux bless\u00e9s graves. Les secours ont \u00e9t\u00e9&hellip;\n","protected":false},"author":2,"featured_media":298440,"comment_status":"","ping_status":"","sticky":false,"template":"","format":"standard","meta":{"footnotes":""},"categories":[9619],"tags":[1111,11,1777,674,1011,27,12,882,25,2310],"class_list":{"0":"post-298439","1":"post","2":"type-post","3":"status-publish","4":"format-standard","5":"has-post-thumbnail","7":"category-toulon","8":"tag-actu","9":"tag-actualites","10":"tag-eu","11":"tag-europe","12":"tag-fr","13":"tag-france","14":"tag-news","15":"tag-provence-alpes-cote-dazur","16":"tag-republique-francaise","17":"tag-toulon"},"share_on_mastodon":{"url":"https:\/\/pubeurope.com\/@fr\/114977035106004819","error":""},"_links":{"self":[{"href":"https:\/\/www.europesays.com\/fr\/wp-json\/wp\/v2\/posts\/298439","targetHints":{"allow":["GET"]}}],"collection":[{"href":"https:\/\/www.europesays.com\/fr\/wp-json\/wp\/v2\/posts"}],"about":[{"href":"https:\/\/www.europesays.com\/fr\/wp-json\/wp\/v2\/types\/post"}],"author":[{"embeddable":true,"href":"https:\/\/www.europesays.com\/fr\/wp-json\/wp\/v2\/users\/2"}],"replies":[{"embeddable":true,"href":"https:\/\/www.europesays.com\/fr\/wp-json\/wp\/v2\/comments?post=298439"}],"version-history":[{"count":0,"href":"https:\/\/www.europesays.com\/fr\/wp-json\/wp\/v2\/posts\/298439\/revisions"}],"wp:featuredmedia":[{"embeddable":true,"href":"https:\/\/www.europesays.com\/fr\/wp-json\/wp\/v2\/media\/298440"}],"wp:attachment":[{"href":"https:\/\/www.europesays.com\/fr\/wp-json\/wp\/v2\/media?parent=298439"}],"wp:term":[{"taxonomy":"category","embeddable":true,"href":"https:\/\/www.europesays.com\/fr\/wp-json\/wp\/v2\/categories?post=298439"},{"taxonomy":"post_tag","embeddable":true,"href":"https:\/\/www.europesays.com\/fr\/wp-json\/wp\/v2\/tags?post=298439"}],"curies":[{"name":"wp","href":"https:\/\/api.w.org\/{rel}","templated":true}]}}