{"id":298445,"date":"2025-08-05T16:13:16","date_gmt":"2025-08-05T16:13:16","guid":{"rendered":"https:\/\/www.europesays.com\/fr\/298445\/"},"modified":"2025-08-05T16:13:16","modified_gmt":"2025-08-05T16:13:16","slug":"mehdi-deghmache-vise-la-medaille-dor-aux-mondiaux-de-canoe-kayak","status":"publish","type":"post","link":"https:\/\/www.europesays.com\/fr\/298445\/","title":{"rendered":"Mehdi Deghmache vise la m\u00e9daille d&rsquo;or aux mondiaux de cano\u00eb-kayak"},"content":{"rendered":"<p>            Par<br \/>\n        <strong><br \/>\n            <a href=\"https:\/\/actu.fr\/auteur\/jm-aubert\" title=\"Consulter tous les articles de Jean-Marc Aubert\" target=\"_blank\" rel=\"noopener\">Jean-Marc Aubert<\/a><br \/>\n        <\/strong><\/p>\n<p>        Publi\u00e9 le<\/p>\n<p>            5 ao\u00fbt 2025 \u00e0 17h53<br \/>\n        ; mis \u00e0 jour le 5 ao\u00fbt 2025 \u00e0 18h02    <\/p>\n<p>Il a perdu ses jambes remplac\u00e9es par des proth\u00e8ses, mais tel un poisson dans l\u2019eau, il a trouv\u00e9 la bonne carburation, en \u00e9tant fort dans sa t\u00eate : le Montpelli\u00e9rain <strong>Mehdi Deghmache,<\/strong> triple\u00a0champion de France\u00a0de<strong> Sprint cano\u00eb-kayak<\/strong>, puisqu\u2019il s\u2019est distingu\u00e9 trois ann\u00e9es de suite, refait surface : apr\u00e8s avoir \u00e9t\u00e9 sacr\u00e9 vice-champion du monde en Kayak sur 12km accomplis en une heure en Croatie, en septembre 2024, il vient d\u2019arracher sa qualification pour les mondiaux de para-cano\u00eb sur 200m qui vont se disputer fin ao\u00fbt \u00e0 Milan, en Italie. \u00a0<\/p>\n<p class=\" wall-content\">La phase finale s\u2019est disput\u00e9e ces derniers jours \u00e0 Racice, une petite ville de Tch\u00e9quie, o\u00f9 le sport est roi et Mehdi s\u2019est brillamment class\u00e9 dans le Top 6 europ\u00e9en, lui donnant droit d\u2019\u00eatre en lice fin ao\u00fbt prochain en Italie. Dans la foul\u00e9e de cette qualification et pour bien pr\u00e9parer le rendez-vous de Milan, le sportif montpelli\u00e9rain va participer \u00e0 un stage au Temple-sur-Lot, une commune du Lot-et-Garonne, un centre r\u00e9serv\u00e9 exclusivement aux athl\u00e8tes de haut niveau.<\/p>\n<p>Avec le champion paralympique Maxime Baumont<a class=\"jo-module-caroussel__img-container\" href=\"https:\/\/static.actu.fr\/uploads\/2025\/07\/0-59-10.jpeg\" title=\"Agrandir la photo Le Montpelli\u00e9rain Mehdi Deghmache veut briller fin ao\u00fbt \u00e0 Milan (\u00a9 M\u00e9tropolitain)\" data-idx=\"1\" target=\"_blank\" rel=\"noopener\"><br \/>\n    <img decoding=\"async\" class=\"jo-module-caroussel__img\" loading=\"lazy\" src=\"https:\/\/www.europesays.com\/fr\/wp-content\/uploads\/2025\/08\/0-59-10-640x427.jpeg\" alt=\"Le Montpelli\u00e9rain Mehdi Deghmache veut briller fin ao\u00fbt \u00e0 Milan (\u00a9 M\u00e9tropolitain)\" width=\"640\" height=\"427\"\/><\/a><\/p>\n<p class=\" wall-content\">En attendant de s\u2019y rendre pour parfaire sa forme afin de briller aux mondiaux d\u2019Italie, Mehdi Deghmache a eu les honneurs de l\u2019appui pr\u00e9cieux de <strong>Maxime Baumont<\/strong>, le double champion para-olympique de cano\u00eb-kayak, \u00ab\u00a0une sacr\u00e9e pointure dans cette cat\u00e9gorie\u00a0\u00bb, se f\u00e9licite t-il. Un champion venu booster le Montpelli\u00e9rain, qui, pour l\u2019heure s\u2019accorde quelques jours de r\u00e9cup\u00e9ration ici, histoire de souffler un peu pour rebondir haut dans un mois en Italie.<\/p>\n<p>Vid\u00e9os : en ce moment sur Actu<\/p>\n<p class=\" wall-content\">Moins de deux ans apr\u00e8s avoir \u00e9t\u00e9 priv\u00e9 de ses membres moteurs, \u00e0 cause d\u2019amputations, Mehdi s\u2019est lanc\u00e9 un d\u00e9fi de fou en kayak paralympique s\u2019illustrant tr\u00e8s vite en remportant le titre de vice-champion de France et une belle m\u00e9daille en argent fi\u00e8rement ramen\u00e9e chez les siens \u00e0 Montpellier. Sur la plus haute marche du podium, il \u00e9tait devanc\u00e9 par un Autrichien qui a donc rafl\u00e9 l\u2019or. \u00ab\u00a0Il fait cette comp\u00e9tition depuis quinze ans, c\u2019est le MBapp\u00e9 de cette discipline !\u00a0\u00bb, assure Mehdi Deghmache. Le bronze \u00e9tait \u00a0revenu \u00e0 un Anglais. Fin ao\u00fbt \u00e0 Milan, le Montpelli\u00e9rain visera l\u2019or, mais s\u2019il revient avec l\u2019argent ou le bronze, \u00e7a sera d\u00e9j\u00e0 un exploit. Allez, Mehdi, soit fort, on te dit me\u2026 !<\/p>\n<p class=\" wall-content\">Suivez toute l\u2019actualit\u00e9 de vos villes et m\u00e9dias favoris en vous inscrivant \u00e0 <a href=\"https:\/\/moncompte.actu.fr\" title=\"D\u00e9couvez Mon Actu\" rel=\"nofollow noopener\" data-trk=\"{&quot;cta&quot;:{&quot;action&quot;:&quot;https:\\\/\\\/moncompte.actu.fr&quot;,&quot;category&quot;:&quot;mon compte&quot;,&quot;from&quot;:&quot;article footer&quot;,&quot;name&quot;:&quot;Mon actu&quot;,&quot;type&quot;:&quot;cta&quot;}}\" target=\"_blank\">Mon Actu<\/a>.<\/p>\n","protected":false},"excerpt":{"rendered":"Par Jean-Marc Aubert Publi\u00e9 le 5 ao\u00fbt 2025 \u00e0 17h53 ; mis \u00e0 jour le 5 ao\u00fbt 2025&hellip;\n","protected":false},"author":2,"featured_media":298446,"comment_status":"","ping_status":"","sticky":false,"template":"","format":"standard","meta":{"footnotes":""},"categories":[9599],"tags":[1111,11,1777,674,1011,27,1943,2208,12,2680,25,60,15103],"class_list":{"0":"post-298445","1":"post","2":"type-post","3":"status-publish","4":"format-standard","5":"has-post-thumbnail","7":"category-montpellier","8":"tag-actu","9":"tag-actualites","10":"tag-eu","11":"tag-europe","12":"tag-fr","13":"tag-france","14":"tag-handicap","15":"tag-montpellier","16":"tag-news","17":"tag-occitanie","18":"tag-republique-francaise","19":"tag-sports","20":"tag-sports-nautiques"},"share_on_mastodon":{"url":"https:\/\/pubeurope.com\/@fr\/114977046748483347","error":""},"_links":{"self":[{"href":"https:\/\/www.europesays.com\/fr\/wp-json\/wp\/v2\/posts\/298445","targetHints":{"allow":["GET"]}}],"collection":[{"href":"https:\/\/www.europesays.com\/fr\/wp-json\/wp\/v2\/posts"}],"about":[{"href":"https:\/\/www.europesays.com\/fr\/wp-json\/wp\/v2\/types\/post"}],"author":[{"embeddable":true,"href":"https:\/\/www.europesays.com\/fr\/wp-json\/wp\/v2\/users\/2"}],"replies":[{"embeddable":true,"href":"https:\/\/www.europesays.com\/fr\/wp-json\/wp\/v2\/comments?post=298445"}],"version-history":[{"count":0,"href":"https:\/\/www.europesays.com\/fr\/wp-json\/wp\/v2\/posts\/298445\/revisions"}],"wp:featuredmedia":[{"embeddable":true,"href":"https:\/\/www.europesays.com\/fr\/wp-json\/wp\/v2\/media\/298446"}],"wp:attachment":[{"href":"https:\/\/www.europesays.com\/fr\/wp-json\/wp\/v2\/media?parent=298445"}],"wp:term":[{"taxonomy":"category","embeddable":true,"href":"https:\/\/www.europesays.com\/fr\/wp-json\/wp\/v2\/categories?post=298445"},{"taxonomy":"post_tag","embeddable":true,"href":"https:\/\/www.europesays.com\/fr\/wp-json\/wp\/v2\/tags?post=298445"}],"curies":[{"name":"wp","href":"https:\/\/api.w.org\/{rel}","templated":true}]}}