{"id":298447,"date":"2025-08-05T16:18:11","date_gmt":"2025-08-05T16:18:11","guid":{"rendered":"https:\/\/www.europesays.com\/fr\/298447\/"},"modified":"2025-08-05T16:18:11","modified_gmt":"2025-08-05T16:18:11","slug":"grenoble-un-trottinettiste-blesse-dans-un-accident","status":"publish","type":"post","link":"https:\/\/www.europesays.com\/fr\/298447\/","title":{"rendered":"Grenoble. Un trottinettiste bless\u00e9 dans un accident"},"content":{"rendered":"<p>Un jeune homme de 32 ans qui circulait \u00e0 trottinette mardi vers 11 heures a \u00e9t\u00e9 bless\u00e9 \u00e0 la t\u00eate dans un accident survenu au niveau du 3 cours de la Lib\u00e9ration \u00e0 Grenoble Selon les services de police qui ont proc\u00e9d\u00e9 aux constatations, un automobiliste a ouvert sa porti\u00e8re \u00e0 l\u2019instant o\u00f9 le trottinettiste passait \u00e0 sa hauteur, ce dernier la percutant de plein fouet avant de chuter lourdement. La victime a \u00e9t\u00e9 secourue par les sapeurs-pompiers et le Samu et transport\u00e9e au CHU Grenoble Alpes.<\/p>\n","protected":false},"excerpt":{"rendered":"Un jeune homme de 32 ans qui circulait \u00e0 trottinette mardi vers 11 heures a \u00e9t\u00e9 bless\u00e9 \u00e0&hellip;\n","protected":false},"author":2,"featured_media":298448,"comment_status":"","ping_status":"","sticky":false,"template":"","format":"standard","meta":{"footnotes":""},"categories":[9566],"tags":[119,1111,11,2430,112,1777,674,274,1011,27,2731,2732,108,12,25],"class_list":{"0":"post-298447","1":"post","2":"type-post","3":"status-publish","4":"format-standard","5":"has-post-thumbnail","7":"category-grenoble","8":"tag-accident","9":"tag-actu","10":"tag-actualites","11":"tag-auvergne-rhone-alpes","12":"tag-edition-grenoble-agglomeration","13":"tag-eu","14":"tag-europe","15":"tag-faits-divers-justice","16":"tag-fr","17":"tag-france","18":"tag-grenoble","19":"tag-grenoble-bassin","20":"tag-isere","21":"tag-news","22":"tag-republique-francaise"},"share_on_mastodon":{"url":"https:\/\/pubeurope.com\/@fr\/114977066492495839","error":""},"_links":{"self":[{"href":"https:\/\/www.europesays.com\/fr\/wp-json\/wp\/v2\/posts\/298447","targetHints":{"allow":["GET"]}}],"collection":[{"href":"https:\/\/www.europesays.com\/fr\/wp-json\/wp\/v2\/posts"}],"about":[{"href":"https:\/\/www.europesays.com\/fr\/wp-json\/wp\/v2\/types\/post"}],"author":[{"embeddable":true,"href":"https:\/\/www.europesays.com\/fr\/wp-json\/wp\/v2\/users\/2"}],"replies":[{"embeddable":true,"href":"https:\/\/www.europesays.com\/fr\/wp-json\/wp\/v2\/comments?post=298447"}],"version-history":[{"count":0,"href":"https:\/\/www.europesays.com\/fr\/wp-json\/wp\/v2\/posts\/298447\/revisions"}],"wp:featuredmedia":[{"embeddable":true,"href":"https:\/\/www.europesays.com\/fr\/wp-json\/wp\/v2\/media\/298448"}],"wp:attachment":[{"href":"https:\/\/www.europesays.com\/fr\/wp-json\/wp\/v2\/media?parent=298447"}],"wp:term":[{"taxonomy":"category","embeddable":true,"href":"https:\/\/www.europesays.com\/fr\/wp-json\/wp\/v2\/categories?post=298447"},{"taxonomy":"post_tag","embeddable":true,"href":"https:\/\/www.europesays.com\/fr\/wp-json\/wp\/v2\/tags?post=298447"}],"curies":[{"name":"wp","href":"https:\/\/api.w.org\/{rel}","templated":true}]}}