{"id":298451,"date":"2025-08-05T16:20:17","date_gmt":"2025-08-05T16:20:17","guid":{"rendered":"https:\/\/www.europesays.com\/fr\/298451\/"},"modified":"2025-08-05T16:20:17","modified_gmt":"2025-08-05T16:20:17","slug":"molo-molo-a-rennes-des-tags-fleurissent-au-pied-des-feux-rouges-voici-pourquoi","status":"publish","type":"post","link":"https:\/\/www.europesays.com\/fr\/298451\/","title":{"rendered":"\u00ab\u00a0Molo-molo\u00a0!\u00a0\u00bb\u00a0: \u00e0 Rennes, des tags fleurissent au pied des feux rouges, voici pourquoi\u00a0"},"content":{"rendered":"<p>Des couleurs flashy\u2026 Des lettres calligraphi\u00e9es comme dans les bandes dessin\u00e9es. Depuis vendredi dernier, une petite \u00e9quipe de Marseillais s\u2019attelle \u00e0 peindre des messages de pr\u00e9vention routi\u00e8re dans les sas v\u00e9lo, juste devant les feux tricolores de Rennes. Impossible \u00e0 rater\u2026 Ces \u0153uvres d\u2019art aux couleurs flashy occupent une large place sur la chauss\u00e9e. Objectif : mieux d\u00e9marquer les espaces r\u00e9serv\u00e9s aux v\u00e9los afin d\u2019\u00e9viter que les voitures osent y mettre une roue.<\/p>\n<blockquote><p>Relax, molo-molo, hop hop hop<\/p><\/blockquote>\n<p>\u00ab On a remport\u00e9 l\u2019appel d\u2019offres pass\u00e9 par la ville suite au budget participatif 2023, explique Florian Schneider, artiste. Comme je suis graphiste et grapheur, ce projet me parlait. J\u2019ai imagin\u00e9 des slogans de type s\u00e9curit\u00e9 routi\u00e8re mais en plus sympa. En lettres calligraphi\u00e9es, j\u2019ai \u00e9crit : \u201crelax\u201d, \u201cmolo-molo\u201d, \u201chop hop hop\u201d, \u201cchill\u201d\u2026 J\u2019avais pens\u00e9 aussi \u00e0 \u201ccool Raoul\u201d ou \u201ctranquille Emile\u201d mais la ville trouvait cela trop genr\u00e9. Au total, j\u2019ai donc une vingtaine de slogans qui habilleront les 32 sas v\u00e9lo command\u00e9s dans tous les quartiers, pas uniquement en centre-ville. \u00bb<\/p>\n<p>Couleurs franches<\/p>\n<p>Quant aux couleurs, elles sont les m\u00eames que celles utilis\u00e9es sur les panneaux de signalisation : bleu, blanc, jaune, rouge. Des tons tr\u00e8s francs. La difficult\u00e9 pour la petite \u00e9quipe de cinq peintres qui se relaiera durant tout le mois d\u2019ao\u00fbt pour peindre les sas : ne pas d\u00e9passer. Pour cela, Nitram Joke, street artiste de Marseille qui donne un coup de main \u00e0 Florian Schneider, a une technique : \u00ab Bien appuyer sur le contour du rouleau. \u00bb<\/p>\n<p>Une fois leurs \u0153uvres achev\u00e9es, les peintres rejoindront Maubeuge (Nord). La commune leur a command\u00e9 la m\u00eame chose. \u00ab Comme les d\u00e9placements \u00e0 v\u00e9lo se d\u00e9veloppent en France, les villes cherchent de la signal\u00e9tique un peu diff\u00e9rente. \u00bb Une affaire qui roule.<\/p>\n","protected":false},"excerpt":{"rendered":"Des couleurs flashy\u2026 Des lettres calligraphi\u00e9es comme dans les bandes dessin\u00e9es. Depuis vendredi dernier, une petite \u00e9quipe de&hellip;\n","protected":false},"author":2,"featured_media":298452,"comment_status":"","ping_status":"","sticky":false,"template":"","format":"standard","meta":{"footnotes":""},"categories":[2821],"tags":[1111,11,829,765,1777,674,1011,27,12,584,25],"class_list":{"0":"post-298451","1":"post","2":"type-post","3":"status-publish","4":"format-standard","5":"has-post-thumbnail","7":"category-rennes","8":"tag-actu","9":"tag-actualites","10":"tag-bretagne","11":"tag-en-continu","12":"tag-eu","13":"tag-europe","14":"tag-fr","15":"tag-france","16":"tag-news","17":"tag-rennes","18":"tag-republique-francaise"},"share_on_mastodon":{"url":"https:\/\/pubeurope.com\/@fr\/114977074339290353","error":""},"_links":{"self":[{"href":"https:\/\/www.europesays.com\/fr\/wp-json\/wp\/v2\/posts\/298451","targetHints":{"allow":["GET"]}}],"collection":[{"href":"https:\/\/www.europesays.com\/fr\/wp-json\/wp\/v2\/posts"}],"about":[{"href":"https:\/\/www.europesays.com\/fr\/wp-json\/wp\/v2\/types\/post"}],"author":[{"embeddable":true,"href":"https:\/\/www.europesays.com\/fr\/wp-json\/wp\/v2\/users\/2"}],"replies":[{"embeddable":true,"href":"https:\/\/www.europesays.com\/fr\/wp-json\/wp\/v2\/comments?post=298451"}],"version-history":[{"count":0,"href":"https:\/\/www.europesays.com\/fr\/wp-json\/wp\/v2\/posts\/298451\/revisions"}],"wp:featuredmedia":[{"embeddable":true,"href":"https:\/\/www.europesays.com\/fr\/wp-json\/wp\/v2\/media\/298452"}],"wp:attachment":[{"href":"https:\/\/www.europesays.com\/fr\/wp-json\/wp\/v2\/media?parent=298451"}],"wp:term":[{"taxonomy":"category","embeddable":true,"href":"https:\/\/www.europesays.com\/fr\/wp-json\/wp\/v2\/categories?post=298451"},{"taxonomy":"post_tag","embeddable":true,"href":"https:\/\/www.europesays.com\/fr\/wp-json\/wp\/v2\/tags?post=298451"}],"curies":[{"name":"wp","href":"https:\/\/api.w.org\/{rel}","templated":true}]}}