{"id":298453,"date":"2025-08-05T16:21:11","date_gmt":"2025-08-05T16:21:11","guid":{"rendered":"https:\/\/www.europesays.com\/fr\/298453\/"},"modified":"2025-08-05T16:21:11","modified_gmt":"2025-08-05T16:21:11","slug":"parkour-roller-disco-pilates-ces-activites-sportives-a-tester-a-rennes-au-mois-daout","status":"publish","type":"post","link":"https:\/\/www.europesays.com\/fr\/298453\/","title":{"rendered":"Parkour, roller disco, Pilates\u2026 Ces activit\u00e9s sportives \u00e0 tester \u00e0 Rennes au mois d&rsquo;ao\u00fbt"},"content":{"rendered":"<p>            Par<br \/>\n        <strong><br \/>\n            <a href=\"https:\/\/actu.fr\/auteur\/lou-batteux\" title=\"Consulter tous les articles de Lou Batteux\" rel=\"nofollow noopener\" target=\"_blank\">Lou Batteux<\/a><br \/>\n        <\/strong><\/p>\n<p>        Publi\u00e9 le<\/p>\n<p>            5 ao\u00fbt 2025 \u00e0 18h16        <\/p>\n<p>Qui a dit que vacances rimait avec d\u00e9tente\u2009? Pour les Rennaises et Rennais qui ont envie de se d\u00e9penser cet \u00e9t\u00e9, la r\u00e9daction d<a href=\"https:\/\/actu.fr\/rennes\/\" rel=\"nofollow noopener\" target=\"_blank\">\u2019actu Rennes<\/a> a s\u00e9lectionn\u00e9 <strong>une liste d\u2019activit\u00e9s sportives<\/strong>.\u00a0Petits et grands, venez bouger \u00e0 Rennes tout le mois d\u2019ao\u00fbt.<\/p>\n<p>Les villages multiactivit\u00e9s<\/p>\n<p class=\" wall-content\">Escalade, rugby, basket, tir \u00e0 l\u2019arc, jeux g\u00e9ants, v\u00e9lo, grimpe d\u2019arbres\u2026 Chaque semaine cet \u00e9t\u00e9, les<strong> \u00e9ducateurs sportifs<\/strong> de la ville de Rennes viennent animer les vacances des enfants en leur proposant une multitude d\u2019activit\u00e9s et d\u2019initiations sportives. Si celles-ci sont \u00e0 destination des <strong>8-14\u00a0ans<\/strong>, les villages restent <strong>accessibles librement<\/strong> aux plus petits et aux familles.<\/p>\n<p class=\" wall-content\">En plus des nombreuses disciplines pr\u00e9sent\u00e9es, des sorties (v\u00e9lo, spots nautiques\u2026) sont \u00e9galement organis\u00e9es. Retrouvez ces villages multiactivit\u00e9s dans <strong>plusieurs quartiers de Rennes<\/strong> tout le mois d\u2019ao\u00fbt\u2009:<\/p>\n<ul class=\" wall-content\">\n<li>Au <strong>parc du Berry<\/strong>, dans le quartier de Villejean, du <strong>4 au 28\u00a0ao\u00fbt<\/strong>\u2009;<\/li>\n<li>Au\u00a0<strong>parc des Hautes Ourmes<\/strong>, dans le quartier du Blosne, du <strong>7\u00a0juillet au 28\u00a0ao\u00fbt<\/strong>.<\/li>\n<\/ul>\n<p class=\" wall-content\">Les deux villages sont ouverts <strong>du lundi au vendredi, de 14h \u00e0 19h<\/strong>. Les 8-14\u00a0ans doivent <strong>s\u2019inscrire<\/strong> au pr\u00e9alable aux activit\u00e9s sportives, encadr\u00e9es <strong>de 15h \u00e0 18h<\/strong>, soit directement sur place, soit en appelant le 02\u200923\u200962\u200915\u200935.<\/p>\n<p>La caravane du sport<\/p>\n<p class=\" wall-content\">Cet \u00e9t\u00e9, l\u2019association multisport UFOLEP 35 lance sa caravane du sport \u00e0 Rennes. \u00c0 cette occasion, elle d\u00e9ploie ses \u00e9quipements sur les places et dans les parcs de la ville.<\/p>\n<p class=\" wall-content\">Envie de d\u00e9couvrir le volley ou le dodge ball, de s\u2019initier au parkour, d\u2019apprendre les gestes qui sauvent, ou encore de bouger en pratiquant le kravmaga\u2009? R\u00e9servez votre <strong>derni\u00e8re semaine d\u2019ao\u00fbt<\/strong> pour vous mettre en jambe avant la rentr\u00e9e.<\/p>\n<p class=\" wall-content\">Retrouvez les diff\u00e9rents points de rendez-vous de la caravane du sport \u00e0 Rennes\u2009:<\/p>\n<ul class=\" wall-content\">\n<li>vendredi 25\u00a0ao\u00fbt, sur la <strong>place du Colombier<\/strong>, de 15h \u00e0 18h\u2009;<\/li>\n<li>mardi 26\u00a0ao\u00fbt, sur la place du <strong>Gros Ch\u00eane<\/strong>, dans le quartier Maurepas, de 16h \u00e0 19h\u2009;<\/li>\n<li>mercredi 27\u00a0ao\u00fbt, \u00e0 <strong>R\u00e9cipon<\/strong>, derri\u00e8re le BAM, dans le quartier Cleunay, de 18h \u00e0 21h\u2009;<\/li>\n<li>jeudi 28\u00a0ao\u00fbt, dans le <strong>sous-quartier Italie<\/strong>, au Blosne, de 15h \u00e0 18h\u2009;<\/li>\n<li>vendredi 29\u00a0ao\u00fbt, au <strong>parc de Beauregard<\/strong>, de 16h \u00e0 19h.<\/li>\n<\/ul>\n<p>Sports de glisse<\/p>\n<p class=\" wall-content\">Jusqu\u2019au 29\u00a0ao\u00fbt, <strong>Le Blizz<\/strong> troque sa patinoire de glace pour une<strong> piste d\u2019\u00e9t\u00e9<\/strong> d\u00e9di\u00e9e aux patins \u00e0 roulettes et aux rollers. Du mardi au vendredi, de 14h \u00e0 18h, profitez de <strong>1\u2009745 m\u00b2<\/strong><strong> de surface de glisse<\/strong> \u00e0 Rennes. Chaque jeudi soir, la patinoire Le Blizz propose une <strong>soir\u00e9e roller\u2011disco<\/strong> anim\u00e9e par DJ DDX jusqu\u2019\u00e0 22h30.<\/p>\n<p class=\" wall-content\"><a href=\"https:\/\/www.instagram.com\/p\/DMsbA1puoGe\/embed\" title=\"Ouvrir le lien sur Instagram\" rel=\"nofollow noopener\" target=\"_blank\">Visualiser le contenu sur Instagram<\/a><\/p>\n<p class=\" wall-content\">D\u2019autres activit\u00e9s sont \u00e9galement mises \u00e0 votre disposition pour une pause ludique entre deux s\u00e9ances de patinage\u2009: puissance 4, badminton, cornhole, \u00e9checs, dames, hockey-balle, ping-pong\u2026<\/p>\n<p>Retrouvez plus d\u2019informations \u00e0 propos des horaires et tarifs sur <a href=\"https:\/\/www.leblizz.com\/evenements\/le-blizz-dete\/\" rel=\"nofollow noopener\" target=\"_blank\">le site de la patinoire<\/a>.<\/p>\n<p class=\" wall-content\">Tous les <strong>mercredis de l\u2019\u00e9t\u00e9<\/strong>, l\u2019association <strong>Ridelikeshare<\/strong> initie gratuitement les Rennais au skateboard. De 15h30 \u00e0 17h30, rendez-vous sur le <strong>skatepark devant la patinoire Le Blizz<\/strong> pour 50\u00a0minutes d\u2019entra\u00eenement encadr\u00e9 par des moniteurs dipl\u00f4m\u00e9s.<\/p>\n<p class=\" wall-content\">Si les planches de skate et les protections sont pr\u00e9vues sur place, pensez \u00e0 pr\u00e9voir des chaussures ferm\u00e9es et de l\u2019eau. L\u2019activit\u00e9 est accessible au public <strong>\u00e0 partir de 6\u00a0ans<\/strong>.<\/p>\n<p>Sorties en famille<\/p>\n<p class=\" wall-content\">La Maison des jeunes et de la culture (MJC) organise plusieurs<strong> journ\u00e9es de<\/strong> <strong>sorties familiales<\/strong> au d\u00e9part de Rennes (MJC Maison de Su\u00e8de) cet \u00e9t\u00e9. De\u00a0<strong>10h \u00e0 18h<\/strong>, profitez de moments amusants en famille. En ao\u00fbt, trois dates sont propos\u00e9es\u2009:<\/p>\n<ul class=\" wall-content\">\n<li>mercredi 6\u00a0ao\u00fbt, \u00e0 la <strong>plage de Saint-Malo<\/strong>\u2009;<\/li>\n<li>jeudi 14\u00a0ao\u00fbt, au <strong>lac de Tremelin<\/strong>\u2009;<\/li>\n<li>mercredi 20\u00a0ao\u00fbt, pique-nique au <strong>parc du Thabor<\/strong> et <strong>P\u2019tits Bateaux<\/strong> \u00e0 La Capitainerie.<\/li>\n<\/ul>\n<p class=\" wall-content\">Pour participer \u00e0 ces escapades, vous devez vous <strong>inscrire<\/strong> aupr\u00e8s de la MJC Maison de Su\u00e8de directement, au 5 rue de Su\u00e8de, Rennes. Le tarif de la participation varie selon votre coefficient CAF, mais il n\u00e9cessite une <strong>adh\u00e9sion obligatoire \u00e0 6\u00a0euros par an<\/strong>.<\/p>\n<p>Pour plus de renseignements, contactez le 02\u200999\u200951\u200961\u200970 ou envoyez un mail \u00e0 <a href=\"https:\/\/actu.fr\/cdn-cgi\/l\/email-protection\" class=\"__cf_email__\" data-cfemail=\"afc2c5ccc2cec6dcc0c1cbcadcdacacbcaefc8c2cec6c381ccc0c2\" rel=\"nofollow noopener\" target=\"_blank\">[email\u00a0protected]<\/a>.Basket Summer Time<\/p>\n<p class=\" wall-content\">Tous les matins, du lundi au vendredi, le <strong>terrain street basket du complexe sportif Savary<\/strong> (au 2 boulevard Louis-Volclair, \u00e0 Rennes) est ouvert \u00e0 toutes et \u00e0 tous. Jusqu\u2019au 14\u00a0ao\u00fbt, les adeptes du ballon et les d\u00e9butants curieux peuvent s\u2019entra\u00eener <strong>de 10h \u00e0 12h<\/strong> sur ce terrain de basket en ext\u00e9rieur.<\/p>\n<p class=\" wall-content\">Chaque lundi, un <strong>ramassage des d\u00e9chets<\/strong> est mis en place pour un meilleur usage de cet espace partag\u00e9 en libre acc\u00e8s.<\/p>\n<p>Tous sur l\u2019eau<\/p>\n<p class=\" wall-content\">\u00c0 la base nautique de la plaine de Baud, le Kayak Club de Rennes propose des <strong>balades en kayak<\/strong>.<strong> Jeudi\u00a07, vendredi\u00a08 et jeudi 14\u00a0ao\u00fbt<\/strong>, de 14h \u00e0 16h, ainsi que <strong>mardi 26\u00a0ao\u00fbt<\/strong>, de 12h \u00e0 17h, embarquez \u00e0 bord d\u2019un kayak pour une s\u00e9ance de navigation encadr\u00e9e.<\/p>\n<p class=\" wall-content\">Pour prendre part \u00e0 l\u2019activit\u00e9, il est obligatoire de savoir nager. Retrouvez davantage de renseignements en contactant <strong>Yves Prigent<\/strong> au 06\u200926\u200928\u200948\u200922 ou \u00e0 l\u2019adresse <a href=\"https:\/\/actu.fr\/cdn-cgi\/l\/email-protection\" class=\"__cf_email__\" data-cfemail=\"31484754421f41435856545f451f525a71565c50585d1f525e5c\" rel=\"nofollow noopener\" target=\"_blank\">[email\u00a0protected]<\/a>.<\/p>\n<p class=\" wall-content\">Venez aussi d\u00e9couvrir <strong>l\u2019aviron sur la Vilaine<\/strong>. La soci\u00e9t\u00e9 des R\u00e9gates Rennaises vous embarque dans ce bateau monoplace <strong>mardi 26\u00a0ao\u00fbt, de 17h \u00e0 19h<\/strong>, au d\u00e9part du parc Baud Chardonnet.<\/p>\n<p>Roazhon Fest<\/p>\n<p class=\" wall-content\"><strong>Vendredi 15\u00a0ao\u00fbt<\/strong>, une journ\u00e9e festive, sportive et culturelle vous attend aux prairies Saint-Martin avec <a href=\"https:\/\/actu.fr\/bretagne\/rennes_35238\/un-evenement-unique-un-nouvel-open-air-va-se-derouler-aux-prairies-saint-martin-cet-ete_62853612.html\" rel=\"nofollow noopener\" target=\"_blank\">la Roazhon Fest<\/a>. Des activit\u00e9s sont pr\u00e9vues pour tous les publics.<\/p>\n<p class=\" wall-content\">D\u00e9marrez la journ\u00e9e par un <strong>concours de palets breton et de p\u00e9tanque<\/strong>, de 10h \u00e0 17h. Des animations et des jeux seront \u00e9galement install\u00e9s pour divertir petits et grands. En soir\u00e9e, de 18h \u00e0 22h30, le lieu se transformera en v\u00e9ritable <strong>festival avec des concerts live<\/strong>. Des groupes locaux et un DJ vinyles set viendront animer la sc\u00e8ne.<\/p>\n<p class=\" wall-content\">Toute la journ\u00e9e, deux foodtrucks et des buvettes seront install\u00e9s sur le site pour vous r\u00e9galer.<\/p>\n<p>Pour vous inscrire au concours de p\u00e9tanque, <a href=\"https:\/\/www.helloasso.com\/associations\/roazhon-fusion\/evenements\/tournoi-de-petanque-roazhon-fest-15-aout-2025-triplette\" rel=\"nofollow noopener\" target=\"_blank\">rendez-vous ici<\/a>\u00a0et pour le concours de palets, <a href=\"https:\/\/www.helloasso.com\/associations\/roazhon-fusion\/evenements\/concours-de-palets-roazhon-fest-15-aout-2-joueurs-4-palets\" rel=\"nofollow noopener\" target=\"_blank\">inscrivez-vous ici<\/a>.Cours de Pilates<\/p>\n<p class=\" wall-content\">Le Pilates, cette discipline douce et efficace qui <strong>renforce les muscles<\/strong>, am\u00e9liore la posture et favorise le bien-\u00eatre g\u00e9n\u00e9ral, s\u2019invite au <strong>g<\/strong><strong>ymnase Saint-Cyr<\/strong>, rue du Pr\u00e9 de Bris, \u00e0 Rennes.<\/p>\n<p class=\" wall-content\"><strong>Mardi\u00a026 et vendredi 29\u00a0ao\u00fbt, de 12h15 \u2013 13h15<\/strong>, assistez librement \u00e0 un cours organis\u00e9 par l\u2019Avenir de Rennes Gymnastique.<\/p>\n<p class=\" wall-content\">Suivez toute l\u2019actualit\u00e9 de vos villes et m\u00e9dias favoris en vous inscrivant \u00e0 <a href=\"https:\/\/moncompte.actu.fr\" title=\"D\u00e9couvez Mon Actu\" rel=\"nofollow noopener\" data-trk=\"{&quot;cta&quot;:{&quot;action&quot;:&quot;https:\\\/\\\/moncompte.actu.fr&quot;,&quot;category&quot;:&quot;mon compte&quot;,&quot;from&quot;:&quot;article footer&quot;,&quot;name&quot;:&quot;Mon actu&quot;,&quot;type&quot;:&quot;cta&quot;}}\" target=\"_blank\">Mon Actu<\/a>.<\/p>\n<p>                    <script async src=\"\/\/www.instagram.com\/embed.js\"><\/script><\/p>\n","protected":false},"excerpt":{"rendered":"Par Lou Batteux Publi\u00e9 le 5 ao\u00fbt 2025 \u00e0 18h16 Qui a dit que vacances rimait avec d\u00e9tente\u2009?&hellip;\n","protected":false},"author":2,"featured_media":298454,"comment_status":"","ping_status":"","sticky":false,"template":"","format":"standard","meta":{"footnotes":""},"categories":[2821],"tags":[1111,11,829,1777,674,1011,27,1652,12,584,25,517],"class_list":{"0":"post-298453","1":"post","2":"type-post","3":"status-publish","4":"format-standard","5":"has-post-thumbnail","7":"category-rennes","8":"tag-actu","9":"tag-actualites","10":"tag-bretagne","11":"tag-eu","12":"tag-europe","13":"tag-fr","14":"tag-france","15":"tag-loisirs-culture","16":"tag-news","17":"tag-rennes","18":"tag-republique-francaise","19":"tag-sport"},"share_on_mastodon":{"url":"https:\/\/pubeurope.com\/@fr\/114977078204869901","error":""},"_links":{"self":[{"href":"https:\/\/www.europesays.com\/fr\/wp-json\/wp\/v2\/posts\/298453","targetHints":{"allow":["GET"]}}],"collection":[{"href":"https:\/\/www.europesays.com\/fr\/wp-json\/wp\/v2\/posts"}],"about":[{"href":"https:\/\/www.europesays.com\/fr\/wp-json\/wp\/v2\/types\/post"}],"author":[{"embeddable":true,"href":"https:\/\/www.europesays.com\/fr\/wp-json\/wp\/v2\/users\/2"}],"replies":[{"embeddable":true,"href":"https:\/\/www.europesays.com\/fr\/wp-json\/wp\/v2\/comments?post=298453"}],"version-history":[{"count":0,"href":"https:\/\/www.europesays.com\/fr\/wp-json\/wp\/v2\/posts\/298453\/revisions"}],"wp:featuredmedia":[{"embeddable":true,"href":"https:\/\/www.europesays.com\/fr\/wp-json\/wp\/v2\/media\/298454"}],"wp:attachment":[{"href":"https:\/\/www.europesays.com\/fr\/wp-json\/wp\/v2\/media?parent=298453"}],"wp:term":[{"taxonomy":"category","embeddable":true,"href":"https:\/\/www.europesays.com\/fr\/wp-json\/wp\/v2\/categories?post=298453"},{"taxonomy":"post_tag","embeddable":true,"href":"https:\/\/www.europesays.com\/fr\/wp-json\/wp\/v2\/tags?post=298453"}],"curies":[{"name":"wp","href":"https:\/\/api.w.org\/{rel}","templated":true}]}}