{"id":298461,"date":"2025-08-05T16:25:11","date_gmt":"2025-08-05T16:25:11","guid":{"rendered":"https:\/\/www.europesays.com\/fr\/298461\/"},"modified":"2025-08-05T16:25:11","modified_gmt":"2025-08-05T16:25:11","slug":"cest-quoi-ces-travaux-sur-la-place-massena-ce-mardi-a-nice","status":"publish","type":"post","link":"https:\/\/www.europesays.com\/fr\/298461\/","title":{"rendered":"C\u2019est quoi ces travaux sur la place Mass\u00e9na ce mardi \u00e0 Nice?"},"content":{"rendered":"<p>Des camions, une tractopelle, quelques coups de godets et hop! Les r\u00e9seaux sociaux perdent la boule, redoutant, voire, d\u00e9non\u00e7ant une d\u00e9molition des dalles de la place Mass\u00e9na.<\/p>\n<p>Mais non! On ne la casse pas la place. Au contraire, on la d\u00e9gage et on la nettoie apr\u00e8s le 9e International de p\u00e9tanque M\u00e9tropole Nice C\u00f4te d\u2019Azur.<\/p>\n<p>Durant le dernier week-end, l\u2019\u00e9v\u00e9nement a r\u00e9uni les champions de cette discipline sportive en bord de mer et sur le carr\u00e9 d\u2019honneur de la place Mass\u00e9na. L\u00e0 o\u00f9 un boulodrome provisoire avait donc \u00e9t\u00e9 construit au milieu des gradins, eux aussi temporaires.<\/p>\n<p>Et d\u00e8s le d\u00e9but de la semaine, on a d\u00e9mont\u00e9 les tribunes et cass\u00e9 l\u2019installation, o\u00f9 on a tir\u00e9 et point\u00e9. Pas d\u2019inqui\u00e9tude, donc. Tout est redevenu propre et en l\u2019\u00e9tat.<\/p>\n","protected":false},"excerpt":{"rendered":"Des camions, une tractopelle, quelques coups de godets et hop! Les r\u00e9seaux sociaux perdent la boule, redoutant, voire,&hellip;\n","protected":false},"author":2,"featured_media":298462,"comment_status":"","ping_status":"","sticky":false,"template":"","format":"standard","meta":{"footnotes":""},"categories":[2819],"tags":[1111,11,1777,674,1011,27,12,2401,6426,882,25,60],"class_list":{"0":"post-298461","1":"post","2":"type-post","3":"status-publish","4":"format-standard","5":"has-post-thumbnail","7":"category-nice","8":"tag-actu","9":"tag-actualites","10":"tag-eu","11":"tag-europe","12":"tag-fr","13":"tag-france","14":"tag-news","15":"tag-nice","16":"tag-petanque","17":"tag-provence-alpes-cote-dazur","18":"tag-republique-francaise","19":"tag-sports"},"share_on_mastodon":{"url":"https:\/\/pubeurope.com\/@fr\/114977093953762383","error":""},"_links":{"self":[{"href":"https:\/\/www.europesays.com\/fr\/wp-json\/wp\/v2\/posts\/298461","targetHints":{"allow":["GET"]}}],"collection":[{"href":"https:\/\/www.europesays.com\/fr\/wp-json\/wp\/v2\/posts"}],"about":[{"href":"https:\/\/www.europesays.com\/fr\/wp-json\/wp\/v2\/types\/post"}],"author":[{"embeddable":true,"href":"https:\/\/www.europesays.com\/fr\/wp-json\/wp\/v2\/users\/2"}],"replies":[{"embeddable":true,"href":"https:\/\/www.europesays.com\/fr\/wp-json\/wp\/v2\/comments?post=298461"}],"version-history":[{"count":0,"href":"https:\/\/www.europesays.com\/fr\/wp-json\/wp\/v2\/posts\/298461\/revisions"}],"wp:featuredmedia":[{"embeddable":true,"href":"https:\/\/www.europesays.com\/fr\/wp-json\/wp\/v2\/media\/298462"}],"wp:attachment":[{"href":"https:\/\/www.europesays.com\/fr\/wp-json\/wp\/v2\/media?parent=298461"}],"wp:term":[{"taxonomy":"category","embeddable":true,"href":"https:\/\/www.europesays.com\/fr\/wp-json\/wp\/v2\/categories?post=298461"},{"taxonomy":"post_tag","embeddable":true,"href":"https:\/\/www.europesays.com\/fr\/wp-json\/wp\/v2\/tags?post=298461"}],"curies":[{"name":"wp","href":"https:\/\/api.w.org\/{rel}","templated":true}]}}