{"id":298463,"date":"2025-08-05T16:26:09","date_gmt":"2025-08-05T16:26:09","guid":{"rendered":"https:\/\/www.europesays.com\/fr\/298463\/"},"modified":"2025-08-05T16:26:09","modified_gmt":"2025-08-05T16:26:09","slug":"pres-de-nantes-un-passager-sans-ticket-condamne-pour-avoir-force-le-passage-dans-un-bus","status":"publish","type":"post","link":"https:\/\/www.europesays.com\/fr\/298463\/","title":{"rendered":"Pr\u00e8s de Nantes. Un passager, sans ticket, condamn\u00e9 pour avoir forc\u00e9 le passage dans un bus"},"content":{"rendered":"<p>            Par<br \/>\n        <strong><br \/>\n            <a href=\"https:\/\/actu.fr\/auteur\/laurent-fortin\" title=\"Consulter tous les articles de Laurent Fortin\" target=\"_blank\" rel=\"noopener\">Laurent Fortin<\/a><br \/>\n        <\/strong><\/p>\n<p>        Publi\u00e9 le<\/p>\n<p>            5 ao\u00fbt 2025 \u00e0 18h09        <\/p>\n<p>Le matin du 18 d\u00e9cembre 2024, un passager \u00e9tait mont\u00e9 une premi\u00e8re fois sans ticket dans ce bus \u00ab\u00a0de campagne\u00a0\u00bb <a href=\"https:\/\/actu.fr\/pays-de-la-loire\/basse-goulaine_44009\" target=\"_blank\" rel=\"noopener\">\u00e0 Basse-Goulaine<\/a>. La conductrice avait donc contact\u00e9 \u00ab\u00a0sa sup\u00e9rieure\u00a0\u00bb chez Naolib (ex-Semitan) et avait \u00ab\u00a0re\u00e7u l\u2019instruction de ne pas le laisser monter la prochaine fois\u00a0\u00bb. Lorsque l\u2019homme de 27 ans s\u2019\u00e9tait pr\u00e9sent\u00e9 \u00e0 nouveau, le soir-m\u00eame, t<b>oujours sans ticket, elle avait donc \u00ab\u00a0mis son bras en opposition\u00a0\u00bb<\/b> pour lui interdire le passage.<\/p>\n<p>D\u00e9p\u00f4t d\u2019une plainte<\/p>\n<p class=\" wall-content\">Mais le pr\u00e9venu avait \u00ab\u00a0violemment pouss\u00e9 son bras\u00a0\u00bb pour passer en force, selon la victime et une t\u00e9moin.<\/p>\n<p class=\" wall-content\">La police \u00e9tait intervenue et la conductrice du bus avait port\u00e9 plainte.<\/p>\n<p class=\" wall-content\">Un <b>certificat m\u00e9dical \u00e9tabli deux jours plus tard<\/b>, le 20 d\u00e9cembre 2024, avait fait \u00e9tat d\u2019une \u00ab\u00a0ecchymose au bras\u00a0\u00bb, d\u2019une certaine \u00ab\u00a0anxi\u00e9t\u00e9\u00a0\u00bb et d\u2019une forme de \u00ab\u00a0rumination\u00a0\u00bb des faits. L\u2019incapacit\u00e9 totale de travail (ITT) de la conductrice avait \u00e9t\u00e9 estim\u00e9e \u00e0 sept jours.<\/p>\n<p class=\" wall-content\">Le pr\u00e9venu, qui se d\u00e9fendait seul \u00e0 l\u2019audience, sans avocat,\u00a0a assur\u00e9 avoir simplement \u00ab\u00a0enlev\u00e9\u00a0\u00bb la main de la victime mais sans la \u00ab\u00a0violenter\u00a0\u00bb.<\/p>\n<blockquote class=\"ac-article-quote wall-content\">\n<p>Je lui au dit que je n\u2019avais pas d\u2019argent sur moi ce jour-l\u00e0. Depuis, j\u2019ai refait ma carte, je l\u2019ai revue et \u00e7a s\u2019est bien pass\u00e9.<\/p>\n<p>Le pr\u00e9venu<\/p><\/blockquote>\n<p>\u00ab\u00a0Quand on n\u2019a pas de titre de transport on s\u2019abstient\u00a0\u00bb<\/p>\n<p class=\" wall-content\">\u00ab\u00a0C\u2019est un trajet qu\u2019elle fait tous les jours, cet \u00e9v\u00e8nement a fait \u00e9cho \u00e0 sa propre histoire, aux violences qu\u2019elle a subies auparavant,\u00a0\u00bb a toutefois r\u00e9v\u00e9l\u00e9 l\u2019avocate de la partie civile.<\/p>\n<p class=\" wall-content\">Sa cliente \u00e9tait ainsi \u00ab\u00a0incapable de venir \u00e0 l\u2019audience pour \u00eatre confront\u00e9\u00a0\u00bb <b>\u00e0 ce passager violent.<\/b><\/p>\n<p class=\" wall-content\">Elle avait donc r\u00e9clam\u00e9 1 500 \u20ac de dommages et int\u00e9r\u00eats.<\/p>\n<blockquote class=\"ac-article-quote wall-content\">\n<p>Quand on n\u2019a pas de titre de transport on s\u2019abstient de monter et on obtemp\u00e8re.<\/p>\n<p>Le procureur de la R\u00e9publique<\/p><\/blockquote>\n<p>1200 euros de dommages et int\u00e9r\u00eats<\/p>\n<p class=\" wall-content\">Il avait donc requis un \u00ab\u00a0stage\u00a0\u00bb pour le <b>\u00ab\u00a0sensibiliser au respect des agents et conducteurs de bus<\/b> qui font int\u00e9gralement partie des personnes charg\u00e9es des missions du service public et qui doivent \u00eatre respect\u00e9s\u00a0\u00bb.<\/p>\n<p class=\" wall-content\">Le tribunal correctionnel de Nantes a finalement pr\u00e9f\u00e9r\u00e9 prononcer <b>trois mois de prison avec sursis simple.<\/b><\/p>\n<p class=\" wall-content\">Le passager devra surtout verser 1.200 \u20ac de dommages et int\u00e9r\u00eats \u00e0 sa victime.<\/p>\n<p class=\" wall-content\">Suivez toute l\u2019actualit\u00e9 de vos villes et m\u00e9dias favoris en vous inscrivant \u00e0 <a href=\"https:\/\/moncompte.actu.fr\" title=\"D\u00e9couvez Mon Actu\" rel=\"nofollow noopener\" data-trk=\"{&quot;cta&quot;:{&quot;action&quot;:&quot;https:\\\/\\\/moncompte.actu.fr&quot;,&quot;category&quot;:&quot;mon compte&quot;,&quot;from&quot;:&quot;article footer&quot;,&quot;name&quot;:&quot;Mon actu&quot;,&quot;type&quot;:&quot;cta&quot;}}\" target=\"_blank\">Mon Actu<\/a>.<\/p>\n<ul class=\"ac-article-tag wall-content\">\n<li><a href=\"https:\/\/actu.fr\/tag\/justice\" data-trk=\"{&quot;cta&quot;:{&quot;action&quot;:&quot;Justice&quot;,&quot;category&quot;:&quot;tag&quot;,&quot;from&quot;:&quot;article footer&quot;,&quot;name&quot;:&quot;Justice&quot;,&quot;type&quot;:&quot;cta&quot;}}\" target=\"_blank\" rel=\"noopener\">#Justice<\/a><\/li>\n<li><a href=\"https:\/\/actu.fr\/tag\/vignoble-nantais\" data-trk=\"{&quot;cta&quot;:{&quot;action&quot;:&quot;Vignoble nantais&quot;,&quot;category&quot;:&quot;tag&quot;,&quot;from&quot;:&quot;article footer&quot;,&quot;name&quot;:&quot;Vignoble nantais&quot;,&quot;type&quot;:&quot;cta&quot;}}\" target=\"_blank\" rel=\"noopener\">#Vignoble nantais<\/a><\/li>\n<\/ul>\n","protected":false},"excerpt":{"rendered":"Par Laurent Fortin Publi\u00e9 le 5 ao\u00fbt 2025 \u00e0 18h09 Le matin du 18 d\u00e9cembre 2024, un passager&hellip;\n","protected":false},"author":2,"featured_media":298464,"comment_status":"","ping_status":"","sticky":false,"template":"","format":"standard","meta":{"footnotes":""},"categories":[2818],"tags":[1111,11,1777,674,1011,27,303,766,12,2636,25,104,2900],"class_list":{"0":"post-298463","1":"post","2":"type-post","3":"status-publish","4":"format-standard","5":"has-post-thumbnail","7":"category-nantes","8":"tag-actu","9":"tag-actualites","10":"tag-eu","11":"tag-europe","12":"tag-fr","13":"tag-france","14":"tag-justice","15":"tag-nantes","16":"tag-news","17":"tag-pays-de-la-loire","18":"tag-republique-francaise","19":"tag-societe","20":"tag-vignoble-nantais"},"share_on_mastodon":{"url":"https:\/\/pubeurope.com\/@fr\/114977097892935558","error":""},"_links":{"self":[{"href":"https:\/\/www.europesays.com\/fr\/wp-json\/wp\/v2\/posts\/298463","targetHints":{"allow":["GET"]}}],"collection":[{"href":"https:\/\/www.europesays.com\/fr\/wp-json\/wp\/v2\/posts"}],"about":[{"href":"https:\/\/www.europesays.com\/fr\/wp-json\/wp\/v2\/types\/post"}],"author":[{"embeddable":true,"href":"https:\/\/www.europesays.com\/fr\/wp-json\/wp\/v2\/users\/2"}],"replies":[{"embeddable":true,"href":"https:\/\/www.europesays.com\/fr\/wp-json\/wp\/v2\/comments?post=298463"}],"version-history":[{"count":0,"href":"https:\/\/www.europesays.com\/fr\/wp-json\/wp\/v2\/posts\/298463\/revisions"}],"wp:featuredmedia":[{"embeddable":true,"href":"https:\/\/www.europesays.com\/fr\/wp-json\/wp\/v2\/media\/298464"}],"wp:attachment":[{"href":"https:\/\/www.europesays.com\/fr\/wp-json\/wp\/v2\/media?parent=298463"}],"wp:term":[{"taxonomy":"category","embeddable":true,"href":"https:\/\/www.europesays.com\/fr\/wp-json\/wp\/v2\/categories?post=298463"},{"taxonomy":"post_tag","embeddable":true,"href":"https:\/\/www.europesays.com\/fr\/wp-json\/wp\/v2\/tags?post=298463"}],"curies":[{"name":"wp","href":"https:\/\/api.w.org\/{rel}","templated":true}]}}