{"id":298478,"date":"2025-08-05T16:34:17","date_gmt":"2025-08-05T16:34:17","guid":{"rendered":"https:\/\/www.europesays.com\/fr\/298478\/"},"modified":"2025-08-05T16:34:17","modified_gmt":"2025-08-05T16:34:17","slug":"cpme-sud-quels-defis-et-solutions-pour-les-entreprises-en-region-sud","status":"publish","type":"post","link":"https:\/\/www.europesays.com\/fr\/298478\/","title":{"rendered":"CPME Sud \u2013 Quels d\u00e9fis et solutions pour les entreprises en r\u00e9gion Sud ?"},"content":{"rendered":"<p>                    <img loading=\"lazy\" decoding=\"async\" src=\"https:\/\/www.europesays.com\/fr\/wp-content\/uploads\/2025\/08\/e541472e83e86f2c526a5c16560b01.jpg\" class=\"img-responsive post-image\" width=\"680\" height=\"510\" alt=\"CPME Sud \u2013 Quels d\u00e9fis et\" title=\" CPME Sud \u2013 Quels d\u00e9fis et solutions pour les entreprises en r\u00e9gion Sud ?\"\/><\/p>\n<p class=\"chapo\">La CPME Sud Provence-Alpes-C\u00f4te d\u2019Azur organisera sa conf\u00e9rence de presse de rentr\u00e9e le mardi 9 septembre \u00e0 partir de 10h30, \u00e0 Marseille.<\/p>\n<p><strong>Alain Gargani<\/strong>, pr\u00e9sident de la CPME SUD, fera le point sur l\u2019actualit\u00e9 \u00e9conomique et sociale de la rentr\u00e9e, analysera l\u2019impact des r\u00e9centes annonces sur la r\u00e9gion et pr\u00e9sentera les chiffres cl\u00e9s de 2025 concernant l\u2019\u00e9tat de l\u2019\u00e9conomie locale ainsi que le moral des entrepreneurs.<\/p>\n<p>Les temps forts<\/p>\n<p><strong>R\u00e9action aux annonces nationales du budget 2026 et \u00e0 l\u2019actualit\u00e9 de la rentr\u00e9e\u00a0:<\/strong> position r\u00e9gionale sur les mesures du gouvernement et illustration des impacts au local\u00a0; r\u00e9formes sociales, nouvelles obligations r\u00e9glementaires, hausses des charges ou taxes r\u00e9gionales.<br class=\"autobr\"\/><br \/>\n<strong>Focus sur la sant\u00e9 \u00e9conomique des entreprises et le moral des entrepreneurs en r\u00e9gion<\/strong>\u00a0: chiffres cl\u00e9s (activit\u00e9s, recrutement, investissements)\u00a0; impacts des nouvelles r\u00e9glementations en r\u00e9gion\u00a0; pr\u00e9occupations des entreprises dans le contexte actuel (charges fiscales, taxes douani\u00e8res, acc\u00e8s au financement).<br class=\"autobr\"\/><br \/>\n<strong>Zoom sur la transition \u00e9cologique\u00a0: <\/strong> quels enjeux pour les TPE-PME et quelle r\u00e9alit\u00e9 sur le terrain avec focus sur Cap Climat, le dispositif CPME SUD pour accompagner la transition des entreprises.<\/p>\n<p>Photo de Une (d\u00e9tail) Alain Gargani \u00a9Manu Martins<\/p>\n","protected":false},"excerpt":{"rendered":"La CPME Sud Provence-Alpes-C\u00f4te d\u2019Azur organisera sa conf\u00e9rence de presse de rentr\u00e9e le mardi 9 septembre \u00e0 partir&hellip;\n","protected":false},"author":2,"featured_media":298479,"comment_status":"","ping_status":"","sticky":false,"template":"","format":"standard","meta":{"footnotes":""},"categories":[2814],"tags":[1111,11,2408,1777,674,1011,27,884,12,882,25],"class_list":{"0":"post-298478","1":"post","2":"type-post","3":"status-publish","4":"format-standard","5":"has-post-thumbnail","7":"category-marseille","8":"tag-actu","9":"tag-actualites","10":"tag-appels-d","11":"tag-eu","12":"tag-europe","13":"tag-fr","14":"tag-france","15":"tag-marseille","16":"tag-news","17":"tag-provence-alpes-cote-dazur","18":"tag-republique-francaise"},"share_on_mastodon":{"url":"https:\/\/pubeurope.com\/@fr\/114977129358026170","error":""},"_links":{"self":[{"href":"https:\/\/www.europesays.com\/fr\/wp-json\/wp\/v2\/posts\/298478","targetHints":{"allow":["GET"]}}],"collection":[{"href":"https:\/\/www.europesays.com\/fr\/wp-json\/wp\/v2\/posts"}],"about":[{"href":"https:\/\/www.europesays.com\/fr\/wp-json\/wp\/v2\/types\/post"}],"author":[{"embeddable":true,"href":"https:\/\/www.europesays.com\/fr\/wp-json\/wp\/v2\/users\/2"}],"replies":[{"embeddable":true,"href":"https:\/\/www.europesays.com\/fr\/wp-json\/wp\/v2\/comments?post=298478"}],"version-history":[{"count":0,"href":"https:\/\/www.europesays.com\/fr\/wp-json\/wp\/v2\/posts\/298478\/revisions"}],"wp:featuredmedia":[{"embeddable":true,"href":"https:\/\/www.europesays.com\/fr\/wp-json\/wp\/v2\/media\/298479"}],"wp:attachment":[{"href":"https:\/\/www.europesays.com\/fr\/wp-json\/wp\/v2\/media?parent=298478"}],"wp:term":[{"taxonomy":"category","embeddable":true,"href":"https:\/\/www.europesays.com\/fr\/wp-json\/wp\/v2\/categories?post=298478"},{"taxonomy":"post_tag","embeddable":true,"href":"https:\/\/www.europesays.com\/fr\/wp-json\/wp\/v2\/tags?post=298478"}],"curies":[{"name":"wp","href":"https:\/\/api.w.org\/{rel}","templated":true}]}}