{"id":298490,"date":"2025-08-05T16:41:12","date_gmt":"2025-08-05T16:41:12","guid":{"rendered":"https:\/\/www.europesays.com\/fr\/298490\/"},"modified":"2025-08-05T16:41:12","modified_gmt":"2025-08-05T16:41:12","slug":"immigration-lodieux-accord-entre-paris-et-londres-du-un-pour-un-est-entre-en-vigueur","status":"publish","type":"post","link":"https:\/\/www.europesays.com\/fr\/298490\/","title":{"rendered":"Immigration\u00a0: l\u2019odieux accord entre Paris et Londres du \u00ab\u00a0un pour un\u00a0\u00bb est entr\u00e9 en vigueur"},"content":{"rendered":"<p>Avec la mise en vigueur de l\u2019accord pilote du \u00ab\u00a0un pour un\u00a0\u00bb entre Londres et Paris ce mardi 5\u00a0ao\u00fbt, une nouvelle \u00e9tape dans la d\u00e9shumanisation des personnes exil\u00e9es est franchie. Des personnes arriv\u00e9es ill\u00e9galement par la Manche pourront d\u00e9sormais \u00eatre renvoy\u00e9es en \u00e9change de l\u2019envoi outre-Manche d\u2019exil\u00e9s se trouvant dans l\u2019hexagone.<\/p>\n<p>Les deux gouvernements ont sign\u00e9 le \u00ab\u00a0texte final la semaine derni\u00e8re\u00a0\u00bb et <a href=\"https:\/\/www.humanite.fr\/social-et-economie\/devoir-de-vigilance\/la-commission-europeenne-detricote-le-devoir-de-vigilance-et-encourage-les-entreprises-europeennes-a-bafouer-les-droits-humains-et-lenvironnement\" data-type=\"link\" data-id=\"https:\/\/www.humanite.fr\/social-et-economie\/devoir-de-vigilance\/la-commission-europeenne-detricote-le-devoir-de-vigilance-et-encourage-les-entreprises-europeennes-a-bafouer-les-droits-humains-et-lenvironnement\" target=\"_blank\" rel=\"noopener\">la Commission europ\u00e9enne<\/a> a \u00ab\u00a0donn\u00e9 son feu vert \u00e0 cette approche innovante pour d\u00e9courager l\u2019immigration ill\u00e9gale\u00a0\u00bb, a indiqu\u00e9 le Home Office dans un communiqu\u00e9. Le minist\u00e8re britannique de l\u2019Int\u00e9rieur ajoute \u00eatre pr\u00eat \u00e0 placer en d\u00e9tention \u00ab\u00a0dans les prochains jours\u00a0\u00bb de premiers exil\u00e9s susceptibles d\u2019\u00eatre envoy\u00e9s en France.<\/p>\n<p>Cet accord avait \u00e9t\u00e9 conclu lors de la visite d\u2019\u00c9tat du pr\u00e9sident fran\u00e7ais Emmanuel Macron au Royaume-Uni d\u00e9but juillet. \u00ab Cet <a href=\"https:\/\/www.humanite.fr\/monde\/france\/en-visite-officielle-au-royaume-uni-macron-donne-des-gages-pour-reprimer-les-traversees-clandestines-de-la-manche\" target=\"_blank\" rel=\"noreferrer noopener\">\u00e9change de personnes annonc\u00e9<\/a>, est absolument terrible d\u2019un point de vue politique, mais aussi philosophique\u00a0\u00bb, alertait d\u00e9j\u00e0 Flore Jude\u021b coordinatrice de l\u2019Auberge des migrants. \u00ab\u00a0Cela va juste engendrer encore plus de stress, de panique, pour des personnes que l\u2019on maintient d\u00e9j\u00e0 dans des conditions de pr\u00e9carit\u00e9 absolue\u00a0\u00bb poursuivait la responsable associative.<\/p>\n<p>Dix-sept personnes mortes dans la Manche depuis le d\u00e9but de l\u2019ann\u00e9e<\/p>\n<p>Il est annonc\u00e9 que les exil\u00e9s repris par la France seront uniquement ceux arriv\u00e9s au Royaume-Uni par \u00ab\u00a0small boat\u00a0\u00bb et dont la demande d\u2019asile est jug\u00e9e inadmissible. Dans l\u2019autre sens, Londres acceptera des migrants ayant fait une demande sur une plateforme en ligne.<\/p>\n<p>Cet accord intervient dans un contexte o\u00f9 <a href=\"https:\/\/www.humanite.fr\/monde\/extreme-droite\/grande-bretagne-lextreme-droite-remporte-une-election-partielle-et-se-targue-detre-desormais-le-parti-dopposition-au-gouvernement-travailliste\" data-type=\"link\" data-id=\"https:\/\/www.humanite.fr\/monde\/extreme-droite\/grande-bretagne-lextreme-droite-remporte-une-election-partielle-et-se-targue-detre-desormais-le-parti-dopposition-au-gouvernement-travailliste\" target=\"_blank\" rel=\"noopener\">le parti d\u2019extr\u00eame droite<\/a> Reform UK de Nigel Farage monte en puissance dans les sondages, et o\u00f9 des manifestations racistes contre l\u2019accueil de demandeurs d\u2019asile se d\u00e9roulent r\u00e9guli\u00e8rement dans le pays.<\/p>\n<p>De leur c\u00f4t\u00e9, les associations de soutien aux personnes exil\u00e9es demandent des voix de passage s\u00fbres, alors qu\u2019il y a plus d\u2019une semaine, une personne est morte en tentant de rallier l\u2019Angleterre par la mer. Il s\u2019agit, selon des chiffres du minist\u00e8re de l\u2019Int\u00e9rieur, de la dix-septi\u00e8me personne morte <a href=\"https:\/\/www.humanite.fr\/societe\/amnesty-international\/trois-ans-apres-le-drame-du-24-novembre-et-le-deces-de-27-personnes-70-exiles-sont-morts-depuis-janvier-2024-dans-la-manche\" data-type=\"link\" data-id=\"https:\/\/www.humanite.fr\/societe\/amnesty-international\/trois-ans-apres-le-drame-du-24-novembre-et-le-deces-de-27-personnes-70-exiles-sont-morts-depuis-janvier-2024-dans-la-manche\" target=\"_blank\" rel=\"noopener\">dans la Manche<\/a> depuis le d\u00e9but de l\u2019ann\u00e9e 2025.<\/p>\n<p><strong>Oui, on s\u2019en doute\u00a0: vous en avez assez<\/strong><\/p>\n<p>Voir ces messages d\u2019appel au don, \u00e7a peut \u00eatre p\u00e9nible. Nous le savons. Et on doit bien vous avouer que nous pr\u00e9f\u00e9rerions ne pas avoir \u00e0 les \u00e9crire\u2026<\/p>\n<p>Mais voil\u00e0\u00a0: c\u2019est crucial pour l\u2019Humanit\u00e9. Si ce titre existe toujours aujourd\u2019hui, c\u2019est gr\u00e2ce au financement r\u00e9gulier de nos lectrices et lecteurs.<\/p>\n<ul class=\"wp-block-list\">\n<li>C\u2019est gr\u00e2ce \u00e0 votre soutien que nous pouvons exercer notre m\u00e9tier avec passion. Nous ne d\u00e9pendons ni des int\u00e9r\u00eats d\u2019un propri\u00e9taire milliardaire, ni de pressions politiques : <strong>personne ne nous dicte ce que nous devons dire ou taire<\/strong>.<\/li>\n<\/ul>\n<ul class=\"wp-block-list\">\n<li>Votre engagement nous lib\u00e8re aussi de la course aux clics et \u00e0 l\u2019audience. <strong>Plut\u00f4t que de chercher \u00e0 capter l\u2019attention \u00e0 tout prix, nous choisissons de traiter les sujets que notre r\u00e9daction juge essentiels<\/strong>\u00a0: parce qu\u2019ils m\u00e9ritent d\u2019\u00eatre lus, compris, partag\u00e9s. Parce que nous estimons qu\u2019ils vous seront utiles<\/li>\n<\/ul>\n<p>\u00c0 l\u2019heure actuelle, <strong>moins d\u2019un quart des lectrices et lecteurs<\/strong> qui viennent plus de 3\u00a0fois sur le site par semaine nous aident \u00e0 financer notre travail, par leur abonnement ou par leurs dons. Si vous voulez prot\u00e9ger le journalisme ind\u00e9pendant, <strong>s\u2019il vous pla\u00eet, rejoignez-les<\/strong>.<\/p>\n","protected":false},"excerpt":{"rendered":"Avec la mise en vigueur de l\u2019accord pilote du \u00ab\u00a0un pour un\u00a0\u00bb entre Londres et Paris ce mardi&hellip;\n","protected":false},"author":2,"featured_media":298491,"comment_status":"","ping_status":"","sticky":false,"template":"","format":"standard","meta":{"footnotes":""},"categories":[1888],"tags":[1111,1928,11,1927,9420,1777,674,35241,6429,1011,27,1061,4534,12,1926,626,1925,25,473],"class_list":{"0":"post-298490","1":"post","2":"type-post","3":"status-publish","4":"format-standard","5":"has-post-thumbnail","7":"category-paris","8":"tag-actu","9":"tag-actu-paris","10":"tag-actualites","11":"tag-actualites-paris","12":"tag-calais","13":"tag-eu","14":"tag-europe","15":"tag-exilu00e9s","16":"tag-extru00eame-droite","17":"tag-fr","18":"tag-france","19":"tag-immigration","20":"tag-londres","21":"tag-news","22":"tag-news-paris","23":"tag-paris","24":"tag-paris-news","25":"tag-republique-francaise","26":"tag-royaume-uni"},"share_on_mastodon":{"url":"https:\/\/pubeurope.com\/@fr\/114977156845466689","error":""},"_links":{"self":[{"href":"https:\/\/www.europesays.com\/fr\/wp-json\/wp\/v2\/posts\/298490","targetHints":{"allow":["GET"]}}],"collection":[{"href":"https:\/\/www.europesays.com\/fr\/wp-json\/wp\/v2\/posts"}],"about":[{"href":"https:\/\/www.europesays.com\/fr\/wp-json\/wp\/v2\/types\/post"}],"author":[{"embeddable":true,"href":"https:\/\/www.europesays.com\/fr\/wp-json\/wp\/v2\/users\/2"}],"replies":[{"embeddable":true,"href":"https:\/\/www.europesays.com\/fr\/wp-json\/wp\/v2\/comments?post=298490"}],"version-history":[{"count":0,"href":"https:\/\/www.europesays.com\/fr\/wp-json\/wp\/v2\/posts\/298490\/revisions"}],"wp:featuredmedia":[{"embeddable":true,"href":"https:\/\/www.europesays.com\/fr\/wp-json\/wp\/v2\/media\/298491"}],"wp:attachment":[{"href":"https:\/\/www.europesays.com\/fr\/wp-json\/wp\/v2\/media?parent=298490"}],"wp:term":[{"taxonomy":"category","embeddable":true,"href":"https:\/\/www.europesays.com\/fr\/wp-json\/wp\/v2\/categories?post=298490"},{"taxonomy":"post_tag","embeddable":true,"href":"https:\/\/www.europesays.com\/fr\/wp-json\/wp\/v2\/tags?post=298490"}],"curies":[{"name":"wp","href":"https:\/\/api.w.org\/{rel}","templated":true}]}}