{"id":298494,"date":"2025-08-05T16:43:10","date_gmt":"2025-08-05T16:43:10","guid":{"rendered":"https:\/\/www.europesays.com\/fr\/298494\/"},"modified":"2025-08-05T16:43:10","modified_gmt":"2025-08-05T16:43:10","slug":"laccord-migratoire-un-pour-un-ratifie-par-paris-et-londres-entre-en-vigueur-mercredi-6-aout-liberation","status":"publish","type":"post","link":"https:\/\/www.europesays.com\/fr\/298494\/","title":{"rendered":"L\u2019accord migratoire \u00abun pour un\u00bb ratifi\u00e9 par Paris et Londres entre en vigueur mercredi 6\u00a0ao\u00fbt \u2013 Lib\u00e9ration"},"content":{"rendered":"<p class=\"sc-ksZaOG ehjQrN text-element\">\u00abUne entr\u00e9e, une sortie\u00bb, c\u2019est ainsi que les Britanniques parlent de <a href=\"https:\/\/www.liberation.fr\/societe\/immigration\/accord-sur-limmigration-le-royaume-uni-et-la-france-actent-le-principe-une-entree-une-sortie-20250710_KRPATBGZ2FFBNFIVT5ZX6QACCI\/\" target=\"_blank\" rel=\"noopener\" title=\"https:\/\/www.liberation.fr\/societe\/immigration\/accord-sur-limmigration-le-royaume-uni-et-la-france-actent-le-principe-une-entree-une-sortie-20250710_KRPATBGZ2FFBNFIVT5ZX6QACCI\/\">l\u2019accord conclu le 10 juillet, lors de la visite \u00e0 Londres d\u2019Emmanuel Macron<\/a>, et qui entre en vigueur mercredi 6 ao\u00fbt. Et c\u2019est le \u00abbon principe\u00bb selon la ministre de l\u2019Int\u00e9rieur travailliste, Yvette Cooper, \u00abparce que les personnes qui arrivent sur ces petits bateaux apr\u00e8s avoir effectu\u00e9 une travers\u00e9e ill\u00e9gale, devraient \u00eatre renvoy\u00e9es\u00bb.<\/p>\n<p class=\"sc-ksZaOG ehjQrN text-element\">Un \u00abprincipe\u00bb qui, d\u2019apr\u00e8s le gouvernement britannique, pourrait \u00e9galement nuire au business ill\u00e9gal des passeurs. Selon Yvette Cooper, ces derniers \u00abexploitaient les r\u00e8gles maritimes fran\u00e7aises, emp\u00eachant les autorit\u00e9s d\u2019intervenir dans les eaux fran\u00e7aises\u00bb. Gr\u00e2ce \u00e0 cet accord, explique-t-elle, la France va modifier sa r\u00e9glementation maritime pour intercepter les bateaux et leurs passagers dans les eaux peu profondes.<\/p>\n<p class=\"sc-ksZaOG ehjQrN text-element\">Si les associations demandaient effectivement depuis six ans que des \u00abvoies l\u00e9gales\u00bb soient \u00e9tablies, seul moyen selon elles pour que les passeurs n\u2019aient plus de raison d\u2019\u00eatre, l\u2019accord avait d\u00e9clench\u00e9 une <a href=\"https:\/\/www.liberat&lt;\/p&gt;&lt;\/div&gt;&lt;\/article&gt;&lt;\/div&gt;&lt;div data-fusion-lazy-id=\" f0f8vgvlad832fw=\"\"><\/p>\n","protected":false},"excerpt":{"rendered":"\u00abUne entr\u00e9e, une sortie\u00bb, c\u2019est ainsi que les Britanniques parlent de l\u2019accord conclu le 10 juillet, lors de&hellip;\n","protected":false},"author":2,"featured_media":298495,"comment_status":"","ping_status":"","sticky":false,"template":"","format":"standard","meta":{"footnotes":""},"categories":[1888],"tags":[11,1777,674,1011,27,1251,35286,12,626,25,473],"class_list":{"0":"post-298494","1":"post","2":"type-post","3":"status-publish","4":"format-standard","5":"has-post-thumbnail","7":"category-paris","8":"tag-actualites","9":"tag-eu","10":"tag-europe","11":"tag-fr","12":"tag-france","13":"tag-migrants","14":"tag-migrants-files","15":"tag-news","16":"tag-paris","17":"tag-republique-francaise","18":"tag-royaume-uni"},"share_on_mastodon":{"url":"https:\/\/pubeurope.com\/@fr\/114977164964520190","error":""},"_links":{"self":[{"href":"https:\/\/www.europesays.com\/fr\/wp-json\/wp\/v2\/posts\/298494","targetHints":{"allow":["GET"]}}],"collection":[{"href":"https:\/\/www.europesays.com\/fr\/wp-json\/wp\/v2\/posts"}],"about":[{"href":"https:\/\/www.europesays.com\/fr\/wp-json\/wp\/v2\/types\/post"}],"author":[{"embeddable":true,"href":"https:\/\/www.europesays.com\/fr\/wp-json\/wp\/v2\/users\/2"}],"replies":[{"embeddable":true,"href":"https:\/\/www.europesays.com\/fr\/wp-json\/wp\/v2\/comments?post=298494"}],"version-history":[{"count":0,"href":"https:\/\/www.europesays.com\/fr\/wp-json\/wp\/v2\/posts\/298494\/revisions"}],"wp:featuredmedia":[{"embeddable":true,"href":"https:\/\/www.europesays.com\/fr\/wp-json\/wp\/v2\/media\/298495"}],"wp:attachment":[{"href":"https:\/\/www.europesays.com\/fr\/wp-json\/wp\/v2\/media?parent=298494"}],"wp:term":[{"taxonomy":"category","embeddable":true,"href":"https:\/\/www.europesays.com\/fr\/wp-json\/wp\/v2\/categories?post=298494"},{"taxonomy":"post_tag","embeddable":true,"href":"https:\/\/www.europesays.com\/fr\/wp-json\/wp\/v2\/tags?post=298494"}],"curies":[{"name":"wp","href":"https:\/\/api.w.org\/{rel}","templated":true}]}}