{"id":298496,"date":"2025-08-05T16:44:10","date_gmt":"2025-08-05T16:44:10","guid":{"rendered":"https:\/\/www.europesays.com\/fr\/298496\/"},"modified":"2025-08-05T16:44:10","modified_gmt":"2025-08-05T16:44:10","slug":"zelensky-annonce-avoir-discute-sanctions-contre-la-russie-et-cooperation-militaire-avec-trump-liberation","status":"publish","type":"post","link":"https:\/\/www.europesays.com\/fr\/298496\/","title":{"rendered":"Zelensky annonce avoir discut\u00e9 sanctions contre la Russie et coop\u00e9ration militaire avec Trump \u2013 Lib\u00e9ration"},"content":{"rendered":"<p class=\"sc-ksZaOG ehjQrN text-element\">Sur le dossier de la guerre en Ukraine, Trump maintient son changement de camp. A quelques jours de la date limite de son ultimatum lanc\u00e9 \u00e0 Vladimir Poutine pour mettre un terme au conflit <a href=\"https:\/\/www.liberation.fr\/international\/europe\/negociations-ukraine-russie-vladimir-poutine-prouve-quil-na-pas-lintention-darreter-20250722_IHU6ANUI2FCBDJ6SMDHXPOPQII\/\" target=\"_blank\" rel=\"noopener\" title=\"https:\/\/www.liberation.fr\/international\/europe\/negociations-ukraine-russie-vladimir-poutine-prouve-quil-na-pas-lintention-darreter-20250722_IHU6ANUI2FCBDJ6SMDHXPOPQII\/\">qui s\u2019enlise depuis plus de trois ans<\/a>, il a \u00e9chang\u00e9 avec le leader ukrainien. \u00abNous avons parl\u00e9 des sanctions contre la Russie\u00bb, ainsi que \u00abde la coop\u00e9ration bilat\u00e9rale\u00bb entre Kyiv et Washington en mati\u00e8re de d\u00e9fense, a racont\u00e9 le dirigeant ukrainien sur Telegram, mentionnant un \u00abprojet d\u2019accord sur les drones\u00bb.<\/p>\n<p class=\"sc-ksZaOG ehjQrN text-element\">La conversation avec Trump a donc \u00e9t\u00e9 \u00abproductive\u00bb a assur\u00e9 Volodymyr Zelensky. Oubli\u00e9e, <a href=\"https:\/\/www.liberation.fr\/international\/amerique\/a-la-maison-blanche-trump-sans-merci-face-a-zelensky-20250228_4PDMZ7LGPFHJRBESGKTIX2S5DM\/\" target=\"_blank\" rel=\"noopener\" title=\"https:\/\/www.liberation.fr\/international\/amerique\/a-la-maison-blanche-trump-sans-merci-face-a-zelensky-20250228_4PDMZ7LGPFHJRBESGKTIX2S5DM\/\">l\u2019humiliation dans le Bureau ovale<\/a> fin f\u00e9vrier. \u00abLe pr\u00e9sident Trump est pleinement inform\u00e9 des frappes russes sur Kyiv et d\u2019autres villes et communaut\u00e9s\u00bb, a-t-il \u00e9crit sur X. Une r\u00e9f\u00e9rence \u00e0 l\u2019intensification r\u00e9cente des bombardements russes. \u00abEc\u0153urantes\u00bb, pour le pr\u00e9sident am\u00e9ricain, qui <a href=\"https:\/\/www.liberation.fr\/international\/europe\/guerre-en-ukraine-donald-trump-juge-les-frappes-russes-qui-ont-fait-28-morts-a-kyiv-ecoeurantes-20250801_J36MTVRFUBC5ZON4ISRUD4AKZ4\/\" target=\"_blank\" rel=\"noopener\" title=\"https:\/\/www.liberation.fr\/international\/europe\/guerre-en-ukraine-donald-trump-juge-les-frappes-russes-qui-ont-fait-28-morts-a-kyiv-ecoeurantes-20250801_J36MTVRFUBC5ZON4ISRUD4AKZ4\/\">a vivement r\u00e9agi apr\u00e8s les frappes<\/a> qui ont tu\u00e9 31 personnes la semaine derni\u00e8re. Ce mardi, six personnes ont encore \u00e9t\u00e9 tu\u00e9es dans le sud et le nord-est de l\u2019Ukraine.<\/p>\n<p class=\"sc-ksZaOG ehjQrN text-element\">Il faut dire que Donald Trump est bel et bien f\u00e2ch\u00e9 avec Vladimir Poutine, <a href=\"https:\/\/www.liberation.fr\/international\/amerique\/trump-accuse-poutine-de-dire-beaucoup-de-conneries-sur-lukraine-et-laisse-planer-le-doute-sur-de-nouvelles-sanctions-20250709_NPNWS7NQS5HAXN3FNFAFCVJA6U\/\" target=\"_blank\" rel=\"noreferrer noopener\" title=\"https:\/\/www.liberation.fr\/international\/amerique\/trump-accuse-poutine-de-dire-beaucoup-de-conneries-sur-lukraine-et-laisse-planer-le-doute-sur-de-nouvelles-sanctions-20250709_NPNWS7NQS5HAXN3FNFAFCVJA6U\/\">\u00abqui dit beaucoup de conneries\u00bb selon ses propres mots<\/a>. Si bien qu\u2019il a menac\u00e9 le Kremlin de nouvelles sanctions s\u2019il ne mettait pas fin \u00e0 la guerre avec l\u2019Ukraine &#8211; il a aussi averti ces derniers jours les pays achetant du p\u00e9trole russe, notamment l\u2019Inde, qu\u2019il leur appliquerait d\u2019importantes surtaxes. Mais qu\u2019importent les menaces, des sources ont affirm\u00e9 aupr\u00e8s de Reuters que Poutine ne comptait pas c\u00e9der.<\/p>\n<p class=\"sc-ksZaOG ehjQrN text-element\">Volodymyr Zelensky a aussi affirm\u00e9 que l\u2019Ukraine \u00e9tait pr\u00eate \u00e0 conclure un accord \u00absolide\u00bb avec les Etats-Unis concernant l\u2019achat de drones ukrainiens. Il repr\u00e9senterait environ 30 milliards de dollars, selon ses pr\u00e9c\u00e9dentes d\u00e9clarations. Un deal non n\u00e9gligeable pour l\u2019Ukraine : le pays recherche de plus en plus de financements et d\u2019investissements de ses partenaires \u00e9trangers pour renforcer son industrie nationale de l\u2019armement en plein essor.<\/p>\n<p class=\"sc-ksZaOG ehjQrN text-element\">Selon le pr\u00e9sident ukrainien, les Etats europ\u00e9ens se sont jusqu\u2019\u00e0 pr\u00e9sent engag\u00e9s \u00e0 acheter pour plus d\u2019un milliard de dollars d\u2019armes am\u00e9ricaines pour l\u2019Ukraine dans le cadre d\u2019un nouveau programme.<\/p>\n","protected":false},"excerpt":{"rendered":"Sur le dossier de la guerre en Ukraine, Trump maintient son changement de camp. A quelques jours de&hellip;\n","protected":false},"author":2,"featured_media":298497,"comment_status":"","ping_status":"","sticky":false,"template":"","format":"standard","meta":{"footnotes":""},"categories":[1591],"tags":[11,75,1887,12,1885,1886,132,220,297,135,134],"class_list":{"0":"post-298496","1":"post","2":"type-post","3":"status-publish","4":"format-standard","5":"has-post-thumbnail","7":"category-russie","8":"tag-actualites","9":"tag-donald-trump","10":"tag-federation-de-russie","11":"tag-news","12":"tag-russia","13":"tag-russian-federation","14":"tag-russie","15":"tag-ukraine","16":"tag-ukraine-la-crise","17":"tag-vladimir-poutine","18":"tag-volodymyr-zelensky"},"share_on_mastodon":{"url":"https:\/\/pubeurope.com\/@fr\/114977168697426656","error":""},"_links":{"self":[{"href":"https:\/\/www.europesays.com\/fr\/wp-json\/wp\/v2\/posts\/298496","targetHints":{"allow":["GET"]}}],"collection":[{"href":"https:\/\/www.europesays.com\/fr\/wp-json\/wp\/v2\/posts"}],"about":[{"href":"https:\/\/www.europesays.com\/fr\/wp-json\/wp\/v2\/types\/post"}],"author":[{"embeddable":true,"href":"https:\/\/www.europesays.com\/fr\/wp-json\/wp\/v2\/users\/2"}],"replies":[{"embeddable":true,"href":"https:\/\/www.europesays.com\/fr\/wp-json\/wp\/v2\/comments?post=298496"}],"version-history":[{"count":0,"href":"https:\/\/www.europesays.com\/fr\/wp-json\/wp\/v2\/posts\/298496\/revisions"}],"wp:featuredmedia":[{"embeddable":true,"href":"https:\/\/www.europesays.com\/fr\/wp-json\/wp\/v2\/media\/298497"}],"wp:attachment":[{"href":"https:\/\/www.europesays.com\/fr\/wp-json\/wp\/v2\/media?parent=298496"}],"wp:term":[{"taxonomy":"category","embeddable":true,"href":"https:\/\/www.europesays.com\/fr\/wp-json\/wp\/v2\/categories?post=298496"},{"taxonomy":"post_tag","embeddable":true,"href":"https:\/\/www.europesays.com\/fr\/wp-json\/wp\/v2\/tags?post=298496"}],"curies":[{"name":"wp","href":"https:\/\/api.w.org\/{rel}","templated":true}]}}