{"id":298502,"date":"2025-08-05T16:47:12","date_gmt":"2025-08-05T16:47:12","guid":{"rendered":"https:\/\/www.europesays.com\/fr\/298502\/"},"modified":"2025-08-05T16:47:12","modified_gmt":"2025-08-05T16:47:12","slug":"laccord-entre-la-france-et-le-royaume-uni-sur-les-migrants-qui-traversent-la-manche-entre-en-vigueur","status":"publish","type":"post","link":"https:\/\/www.europesays.com\/fr\/298502\/","title":{"rendered":"L\u2019accord entre la France et le Royaume-Uni sur les migrants qui traversent la Manche entre en vigueur"},"content":{"rendered":"<p>Le gouvernement britannique s\u2019est r\u00e9joui mardi de l\u2019entr\u00e9e en vigueur d\u2019un accord conclu avec Paris pr\u00e9voyant le retour en France de migrants arriv\u00e9s \u00e0 bord de petites embarcations au Royaume-Uni en \u00e9change de l\u2019envoi outre-Manche de migrants se trouvant en France.<\/p>\n<p>\u00ab\u00a0Aujourd\u2019hui nous envoyons un message clair\u00a0: si vous venez ici ill\u00e9galement sur un petit bateau, vous risquez d\u2019\u00eatre renvoy\u00e9 en France\u00a0\u00bb, a d\u00e9clar\u00e9 le premier ministre britannique Keir Starmer, qui s\u2019est entendu sur ce projet pilote avec le pr\u00e9sident fran\u00e7ais <a href=\"https:\/\/www.ledevoir.com\/emmanuel-macron\" rel=\"nofollow noopener\" target=\"_blank\">Emmanuel Macron<\/a> lors de sa visite d\u2019\u00c9tat au Royaume-Uni d\u00e9but juillet.<\/p>\n<p>Le cabinet du ministre de l\u2019Int\u00e9rieur fran\u00e7ais, Bruno Retailleau, a toutefois indiqu\u00e9 de son c\u00f4t\u00e9 que \u00ab\u00a0l\u2019accord a \u00e9t\u00e9 sign\u00e9, mais entre en vigueur demain\u00a0\u00bb mercredi.<\/p>\n<p>Valable jusqu\u2019en juin 2026, il vise \u00e0 dissuader les personnes souhaitant traverser la Manche sur des embarcations pr\u00e9caires et bond\u00e9es, organis\u00e9es par des r\u00e9seaux de passeurs.<\/p>\n<p>Depuis le d\u00e9but de l\u2019ann\u00e9e, 18 personnes sont mortes en tentant de rallier clandestinement l\u2019Angleterre sur ces \u00ab\u00a0small boats\u00a0\u00bb, selon des donn\u00e9es du minist\u00e8re de l\u2019Int\u00e9rieur fran\u00e7ais.<\/p>\n<p>Le trait\u00e9, dont le texte a \u00e9t\u00e9 publi\u00e9 mardi, est bas\u00e9 sur un principe d\u2019\u00ab\u00a0un pour un\u00a0\u00bb. La France reprendra des migrants arriv\u00e9s au Royaume-Uni par \u00ab\u00a0small boat\u00a0\u00bb et dont la demande d\u2019asile n\u2019y est pas jug\u00e9e admissible.<\/p>\n<p>Dans l\u2019autre sens, Londres acceptera des personnes se trouvant en France et ayant fait une demande sur une plateforme en ligne, en donnant la priorit\u00e9 \u00e0 celles ayant des liens avec le Royaume-Uni.<\/p>\n<p>Aucune indication officielle n\u2019a \u00e9t\u00e9 donn\u00e9e sur le nombre de migrants concern\u00e9s.<\/p>\n<p>Les deux gouvernements ont sign\u00e9 le \u00ab\u00a0texte final la semaine derni\u00e8re\u00a0\u00bb et la Commission europ\u00e9enne a \u00ab\u00a0donn\u00e9 son feu vert \u00e0 cette approche innovante pour d\u00e9courager l\u2019immigration ill\u00e9gale\u00a0\u00bb, a indiqu\u00e9 lundi soir le Home Office.<\/p>\n<p>\u00ab\u00a0Casser les fili\u00e8res\u00a0\u00bb<\/p>\n<p>La mise en \u0153uvre effective de l\u2019accord pourrait prendre quelques jours, avec des premi\u00e8res d\u00e9tentions de migrants ayant vocation \u00e0 \u00eatre renvoy\u00e9s d\u2019ici la fin de la semaine, selon le Home Office.<\/p>\n<p>\u00ab\u00a0Bien s\u00fbr, il commencera avec un nombre r\u00e9duit (de migrants, NDLR) et augmentera ensuite, mais nous voulons pouvoir l\u2019\u00e9tendre\u00a0\u00bb, a d\u00e9clar\u00e9 mardi la ministre britannique de l\u2019Int\u00e9rieur Yvette Cooper sur la radio de la BBC. Elle n\u2019a pas confirm\u00e9 le chiffre de 50 personnes par semaine \u00e9voqu\u00e9 dans la presse.<\/p>\n<p>Le trait\u00e9 pr\u00e9cise que le retour de migrants en France se fera dans un d\u00e9lai de 14 jours apr\u00e8s leur arriv\u00e9e au Royaume-Uni.<\/p>\n<p>Une demande formelle devra \u00eatre envoy\u00e9e aux autorit\u00e9s fran\u00e7aises pour chaque transfert. L\u2019ensemble du processus pourrait prendre trois mois et le Royaume-Uni en assumera tous les co\u00fbts.<\/p>\n<p>Les mineurs non accompagn\u00e9s ne seront pas concern\u00e9s.<\/p>\n<p>Londres et Paris ont insist\u00e9 sur le fait que les nouveaux arrivants seront soumis de part et d\u2019autre de la Manche \u00e0 un examen s\u00e9curitaire complet.<\/p>\n<p>Yvette Cooper a pr\u00e9cis\u00e9 que l\u2019accord ferait l\u2019objet d\u2019une \u00e9valuation mensuelle et que des \u00ab\u00a0ajustements\u00a0\u00bb sont \u00e0 pr\u00e9voir.<\/p>\n<p>Bruno Retailleau a lou\u00e9 sur X un \u00ab\u00a0dispositif exp\u00e9rimental, dont l\u2019objectif est clair\u00a0: casser les fili\u00e8res\u00a0\u00bb.<\/p>\n<p>Le commissaire europ\u00e9en charg\u00e9 des questions migratoires, Magnus Brunner, a aussi salu\u00e9 l\u2019accord, indiquant sur X que \u00ab\u00a0le nombre croissant de migrants qui traversent la Manche clandestinement est pr\u00e9occupant\u00a0\u00bb.<\/p>\n<p>  Vives critiques<\/p>\n<p>Cinq pays du sud de l\u2019Europe dont la Gr\u00e8ce, l\u2019Italie et l\u2019Espagne, avaient exprim\u00e9 en juin leur \u00ab\u00a0pr\u00e9occupation\u00a0\u00bb, disant craindre que la France ne renvoie ensuite les migrants vers le premier pays de l\u2019UE dans lequel ils sont arriv\u00e9s.<\/p>\n<p>Avec un nombre record de plus de 25\u00a0400 personnes arriv\u00e9es au Royaume-Uni sur des petits bateaux depuis le d\u00e9but de l\u2019ann\u00e9e, soit une hausse de 49\u00a0% sur un an, le gouvernement travailliste de Keir Starmer est sous pression pour tenter d\u2019endiguer ce ph\u00e9nom\u00e8ne.<\/p>\n<p>Ce projet a suscit\u00e9 de vives critiques dans le nord de la France, o\u00f9 certains \u00e9lus estiment que le dispositif est trop favorable aux Britanniques, tandis que des associations d\u2019aide aux migrants jugent qu\u2019il va \u00e0 l\u2019encontre des textes internationaux sur la protection des r\u00e9fugi\u00e9s.<\/p>\n<p>Il s\u2019inscrit dans le cadre d\u2019un durcissement de la politique migratoire au Royaume-Uni, o\u00f9 le parti anti-immigration Reform UK de Nigel Farage monte en puissance dans les sondages, et o\u00f9 des manifestations ont r\u00e9guli\u00e8rement lieu devant des h\u00f4tels h\u00e9bergeant des demandeurs d\u2019asile.<\/p>\n<p>\n    \u00c0 voir en vid\u00e9o<\/p>\n","protected":false},"excerpt":{"rendered":"Le gouvernement britannique s\u2019est r\u00e9joui mardi de l\u2019entr\u00e9e en vigueur d\u2019un accord conclu avec Paris pr\u00e9voyant le retour&hellip;\n","protected":false},"author":2,"featured_media":298503,"comment_status":"","ping_status":"","sticky":false,"template":"","format":"standard","meta":{"footnotes":""},"categories":[1588],"tags":[11,1777,674,12,473,1853,1851,1850,1852],"class_list":{"0":"post-298502","1":"post","2":"type-post","3":"status-publish","4":"format-standard","5":"has-post-thumbnail","7":"category-royaume-uni","8":"tag-actualites","9":"tag-eu","10":"tag-europe","11":"tag-news","12":"tag-royaume-uni","13":"tag-royaume-uni-de-grande-bretagne-et-dirlande-du-nord","14":"tag-uk","15":"tag-united-kingdom","16":"tag-united-kingdom-of-great-britain-and-northern-ireland"},"share_on_mastodon":{"url":"https:\/\/pubeurope.com\/@fr\/114977180518349462","error":""},"_links":{"self":[{"href":"https:\/\/www.europesays.com\/fr\/wp-json\/wp\/v2\/posts\/298502","targetHints":{"allow":["GET"]}}],"collection":[{"href":"https:\/\/www.europesays.com\/fr\/wp-json\/wp\/v2\/posts"}],"about":[{"href":"https:\/\/www.europesays.com\/fr\/wp-json\/wp\/v2\/types\/post"}],"author":[{"embeddable":true,"href":"https:\/\/www.europesays.com\/fr\/wp-json\/wp\/v2\/users\/2"}],"replies":[{"embeddable":true,"href":"https:\/\/www.europesays.com\/fr\/wp-json\/wp\/v2\/comments?post=298502"}],"version-history":[{"count":0,"href":"https:\/\/www.europesays.com\/fr\/wp-json\/wp\/v2\/posts\/298502\/revisions"}],"wp:featuredmedia":[{"embeddable":true,"href":"https:\/\/www.europesays.com\/fr\/wp-json\/wp\/v2\/media\/298503"}],"wp:attachment":[{"href":"https:\/\/www.europesays.com\/fr\/wp-json\/wp\/v2\/media?parent=298502"}],"wp:term":[{"taxonomy":"category","embeddable":true,"href":"https:\/\/www.europesays.com\/fr\/wp-json\/wp\/v2\/categories?post=298502"},{"taxonomy":"post_tag","embeddable":true,"href":"https:\/\/www.europesays.com\/fr\/wp-json\/wp\/v2\/tags?post=298502"}],"curies":[{"name":"wp","href":"https:\/\/api.w.org\/{rel}","templated":true}]}}