{"id":298506,"date":"2025-08-05T16:49:09","date_gmt":"2025-08-05T16:49:09","guid":{"rendered":"https:\/\/www.europesays.com\/fr\/298506\/"},"modified":"2025-08-05T16:49:09","modified_gmt":"2025-08-05T16:49:09","slug":"la-piece-de-wajdi-mouawad-qui-fascine-la-presse-grecque","status":"publish","type":"post","link":"https:\/\/www.europesays.com\/fr\/298506\/","title":{"rendered":"la pi\u00e8ce de Wajdi Mouawad qui \u201cfascine\u201d la presse grecque"},"content":{"rendered":"\n<p>Une premi\u00e8re mondiale dans un \u00e9crin charg\u00e9 d\u2019histoire\u00a0: le th\u00e9\u00e2tre antique d\u2019\u00c9pidaure, construit au IVe\u00a0si\u00e8cle avant notre \u00e8re, dans le P\u00e9loponn\u00e8se. Le premier week-end d\u2019ao\u00fbt s\u2019y est jou\u00e9 Le Serment d\u2019Europe, la nouvelle pi\u00e8ce du dramaturge, metteur en sc\u00e8ne et com\u00e9dien libano-canadien Wajdi Mouawad, un des grands noms du th\u00e9\u00e2tre contemporain.<\/p>\n<p>Il s\u2019agit d\u2019une coproduction entre le Th\u00e9\u00e2tre national de la Colline, que Wajdi Mouawad dirige \u00e0 Paris depuis\u00a02016 (et qu\u2019il quittera en mars\u00a02026), et le Festival Ath\u00e8nes-\u00c9pidaure. Elle a \u00e9t\u00e9 cr\u00e9\u00e9e sp\u00e9cialement pour le 70e\u00a0anniversaire de cette manifestation d\u2019envergure internationale, avec, entre autres, Juliette Binoche \u00e0 l\u2019affiche.<\/p>\n<p>\u201cLa collaboration de l\u2019un des dramaturges les plus fascinants au monde avec des com\u00e9diens venus des quatre coins du monde\u00a0offre un voyage captivant \u00e0 travers le temps, l\u2019histoire, le d\u00e9racinement et la division\u201d, <a class=\"ithalc\" data-ithal=\"lien_externe\" data-ithalc=\"[nav_article]\" target=\"_blank\" href=\"https:\/\/www.protothema.gr\/culture\/article\/1663190\/ziliet-binos-einai-suglonistiko-na-paizeis-stin-epidauro\/\" rel=\"nofollow noopener\">\u00e9crit l\u2019hebdomadaire <strong>Proto Thema<\/strong><\/a><strong>, <\/strong>conquis, comme le reste des m\u00e9dias grecs.<\/p>\n<blockquote><p>\u201cCe spectacle raconte l\u2019histoire d\u2019une femme qui, enfant, a \u00e9t\u00e9 t\u00e9moin du massacre d\u2019une population par son propre peuple et qui est appel\u00e9e, quatre-vingts ans plus tard, \u00e0 se rem\u00e9morer cet \u00e9v\u00e9nement traumatisant et \u00e0 t\u00e9moigner dans le cadre d\u2019une enqu\u00eate.\u201d<\/p><\/blockquote>\n<p> Aux origines de la trag\u00e9die <\/p>\n<p>Sous les \u00e9toiles du P\u00e9loponn\u00e8se, c\u2019est <\/p>\n","protected":false},"excerpt":{"rendered":"Une premi\u00e8re mondiale dans un \u00e9crin charg\u00e9 d\u2019histoire\u00a0: le th\u00e9\u00e2tre antique d\u2019\u00c9pidaure, construit au IVe\u00a0si\u00e8cle avant notre \u00e8re,&hellip;\n","protected":false},"author":2,"featured_media":298507,"comment_status":"","ping_status":"","sticky":false,"template":"","format":"standard","meta":{"footnotes":""},"categories":[1586],"tags":[11,251,1777,674,1011,27,25984,12,25,4698],"class_list":{"0":"post-298506","1":"post","2":"type-post","3":"status-publish","4":"format-standard","5":"has-post-thumbnail","7":"category-europe","8":"tag-actualites","9":"tag-culture","10":"tag-eu","11":"tag-europe","12":"tag-fr","13":"tag-france","14":"tag-gru00e8ce","15":"tag-news","16":"tag-republique-francaise","17":"tag-thu00e9u00e2tre"},"share_on_mastodon":{"url":"https:\/\/pubeurope.com\/@fr\/114977188352274023","error":""},"_links":{"self":[{"href":"https:\/\/www.europesays.com\/fr\/wp-json\/wp\/v2\/posts\/298506","targetHints":{"allow":["GET"]}}],"collection":[{"href":"https:\/\/www.europesays.com\/fr\/wp-json\/wp\/v2\/posts"}],"about":[{"href":"https:\/\/www.europesays.com\/fr\/wp-json\/wp\/v2\/types\/post"}],"author":[{"embeddable":true,"href":"https:\/\/www.europesays.com\/fr\/wp-json\/wp\/v2\/users\/2"}],"replies":[{"embeddable":true,"href":"https:\/\/www.europesays.com\/fr\/wp-json\/wp\/v2\/comments?post=298506"}],"version-history":[{"count":0,"href":"https:\/\/www.europesays.com\/fr\/wp-json\/wp\/v2\/posts\/298506\/revisions"}],"wp:featuredmedia":[{"embeddable":true,"href":"https:\/\/www.europesays.com\/fr\/wp-json\/wp\/v2\/media\/298507"}],"wp:attachment":[{"href":"https:\/\/www.europesays.com\/fr\/wp-json\/wp\/v2\/media?parent=298506"}],"wp:term":[{"taxonomy":"category","embeddable":true,"href":"https:\/\/www.europesays.com\/fr\/wp-json\/wp\/v2\/categories?post=298506"},{"taxonomy":"post_tag","embeddable":true,"href":"https:\/\/www.europesays.com\/fr\/wp-json\/wp\/v2\/tags?post=298506"}],"curies":[{"name":"wp","href":"https:\/\/api.w.org\/{rel}","templated":true}]}}