{"id":298508,"date":"2025-08-05T16:50:31","date_gmt":"2025-08-05T16:50:31","guid":{"rendered":"https:\/\/www.europesays.com\/fr\/298508\/"},"modified":"2025-08-05T16:50:31","modified_gmt":"2025-08-05T16:50:31","slug":"lunion-europeenne-suspend-ses-mesures-de-riposte-apres-laccord-commercial-noue-avec-donald-trump","status":"publish","type":"post","link":"https:\/\/www.europesays.com\/fr\/298508\/","title":{"rendered":"L\u2019Union europ\u00e9enne suspend ses mesures de riposte apr\u00e8s l\u2019accord commercial nou\u00e9 avec Donald Trump"},"content":{"rendered":"<p>  \tBruxelles a annonc\u00e9 mardi suspendre ses repr\u00e9sailles aux droits de douane de Donald Trump, en raison de l\u2019accord commercial nou\u00e9 entre les \u00c9tats-Unis et l\u2019UE.<\/p>\n<p>&#13;<br \/>\n&#13;<\/p>\n<p>Ce mardi, Bruxelles a annonc\u00e9 suspendre ses repr\u00e9sailles aux droits de douane de Donald Trump suite \u00e0 l\u2019accord commercial nou\u00e9 entre les \u00c9tats-Unis et l\u2019Union europ\u00e9enne.<\/p>\n<p>\u00ab\u00a0La Commission a adopt\u00e9 aujourd\u2019hui la proc\u00e9dure juridique n\u00e9cessaire pour suspendre la mise en oeuvre de nos contremesures europ\u00e9ennes\u00a0\u00bb, a d\u00e9clar\u00e9 un porte-parole de l\u2019ex\u00e9cutif europ\u00e9en, Olof Gill.<\/p>\n<p>&#13;<br \/>\n&#13;<\/p>\n<p>&#13;<br \/>\n&#13;<\/p>\n<p>Au cours des derniers mois, la Commission avait pr\u00e9par\u00e9 une liste de produits am\u00e9ricains qui seraient tax\u00e9s si les \u00c9tats-Unis et l\u2019UE ne parvenaient pas \u00e0 un accord.<\/p>\n<p>Cette liste comprenait 93 milliards d\u2019euros de marchandises\u00a0: soja, avions, voitures, etc.<\/p>\n<p>Apr\u00e8s des mois de n\u00e9gociations tr\u00e8s \u00e2pres, Bruxelles et Washington ont scell\u00e9 fin juillet un accord commercial bas\u00e9 sur des droits de douane de 15\u00a0% sur les produits europ\u00e9ens qui arrivent aux \u00c9tats-Unis.<\/p>\n<p>\u00ab\u00a0La Commission a adopt\u00e9 aujourd\u2019hui la proc\u00e9dure juridique n\u00e9cessaire pour suspendre la mise en oeuvre de nos contremesures europ\u00e9ennes\u00a0\u00bb, a d\u00e9clar\u00e9 mardi un porte-parole de l\u2019ex\u00e9cutif europ\u00e9en, Olof Gill.<\/p>\n<p>&#13;<br \/>\n&#13;<\/p>\n<p>  &#13;<br \/>\n  \u00c0 lire aussi&#13;<br \/>\n  &#13;<\/p>\n<p>  <img decoding=\"async\" data-copyright=\"X\" class=\"r-img\"  typeof=\"foaf:Image\" src=\"https:\/\/www.europesays.com\/fr\/wp-content\/uploads\/2025\/08\/46448082.png\" alt=\"ofezz.png\"\/><br \/>\n        <a class=\"r-stories--link\" href=\"https:\/\/www.rtl.be\/actu\/monde\/international\/toilettes-qui-debordent-manque-deau-potable-ladministration-trump-accusee\/2025-08-05\/article\/758858\" rel=\"nofollow noopener\" target=\"_blank\">Toilettes qui d\u00e9bordent, manque d\u2019eau potable\u00a0: l\u2019administration Trump accus\u00e9e d\u2019\u00e9touffer une gr\u00e8ve de la faim \u00e0 l\u2019Alcatraz des alligators<\/a>&#13;<br \/>\n  &#13;<br \/>\n&#13;<\/p>\n<p>L\u2019Union europ\u00e9enne n\u2019a toutefois pas exclu de r\u00e9activer ces mesures de riposte si jamais le bras de fer commercial avec l\u2019administration Trump venait \u00e0 conna\u00eetre de nouveaux rebondissements.<\/p>\n<p>\u00ab\u00a0Nous remettons (ces mesures) au cong\u00e9lateur mais nous pouvons toujours les ressortir\u00a0\u00bb, a expliqu\u00e9 un responsable europ\u00e9en sous couvert d\u2019anonymat.25<\/p>\n<p>&#13;<br \/>\n&#13;<\/p>\n<p>&#13;<br \/>\n&#13;<\/p>\n","protected":false},"excerpt":{"rendered":"Bruxelles a annonc\u00e9 mardi suspendre ses repr\u00e9sailles aux droits de douane de Donald Trump, en raison de l\u2019accord&hellip;\n","protected":false},"author":2,"featured_media":298509,"comment_status":"","ping_status":"","sticky":false,"template":"","format":"standard","meta":{"footnotes":""},"categories":[1586],"tags":[29950,11,1777,674,1779,1011,27,12,25,1778,364],"class_list":{"0":"post-298508","1":"post","2":"type-post","3":"status-publish","4":"format-standard","5":"has-post-thumbnail","7":"category-europe","8":"tag-nodefield_freetags","9":"tag-actualites","10":"tag-eu","11":"tag-europe","12":"tag-european-union","13":"tag-fr","14":"tag-france","15":"tag-news","16":"tag-republique-francaise","17":"tag-ue","18":"tag-union-europeenne"},"share_on_mastodon":{"url":"https:\/\/pubeurope.com\/@fr\/114977192259965985","error":""},"_links":{"self":[{"href":"https:\/\/www.europesays.com\/fr\/wp-json\/wp\/v2\/posts\/298508","targetHints":{"allow":["GET"]}}],"collection":[{"href":"https:\/\/www.europesays.com\/fr\/wp-json\/wp\/v2\/posts"}],"about":[{"href":"https:\/\/www.europesays.com\/fr\/wp-json\/wp\/v2\/types\/post"}],"author":[{"embeddable":true,"href":"https:\/\/www.europesays.com\/fr\/wp-json\/wp\/v2\/users\/2"}],"replies":[{"embeddable":true,"href":"https:\/\/www.europesays.com\/fr\/wp-json\/wp\/v2\/comments?post=298508"}],"version-history":[{"count":0,"href":"https:\/\/www.europesays.com\/fr\/wp-json\/wp\/v2\/posts\/298508\/revisions"}],"wp:featuredmedia":[{"embeddable":true,"href":"https:\/\/www.europesays.com\/fr\/wp-json\/wp\/v2\/media\/298509"}],"wp:attachment":[{"href":"https:\/\/www.europesays.com\/fr\/wp-json\/wp\/v2\/media?parent=298508"}],"wp:term":[{"taxonomy":"category","embeddable":true,"href":"https:\/\/www.europesays.com\/fr\/wp-json\/wp\/v2\/categories?post=298508"},{"taxonomy":"post_tag","embeddable":true,"href":"https:\/\/www.europesays.com\/fr\/wp-json\/wp\/v2\/tags?post=298508"}],"curies":[{"name":"wp","href":"https:\/\/api.w.org\/{rel}","templated":true}]}}