{"id":29851,"date":"2025-04-16T19:48:11","date_gmt":"2025-04-16T19:48:11","guid":{"rendered":"https:\/\/www.europesays.com\/fr\/29851\/"},"modified":"2025-04-16T19:48:11","modified_gmt":"2025-04-16T19:48:11","slug":"une-etude-a-decouvert-que-ces-3-aliments-que-lon-pensait-sains-pourraient-favoriser-la-croissance-des-tumeurs","status":"publish","type":"post","link":"https:\/\/www.europesays.com\/fr\/29851\/","title":{"rendered":"Une \u00e9tude a d\u00e9couvert que ces 3 aliments que l&rsquo;on pensait \u00ab\u00a0sains\u00a0\u00bb pourraient favoriser la croissance des tumeurs"},"content":{"rendered":"<p>Les om\u00e9ga-6, et notamment l\u2019acide linol\u00e9ique, sont des graisses dites \u00ab\u00a0essentielles\u00a0\u00bb, car notre corps en a besoin mais ne peut pas les fabriquer lui-m\u00eame. On les trouve dans de nombreuses huiles v\u00e9g\u00e9tales, les \u0153ufs, les noix, les graines ou encore le tofu. Ces graisses participent \u00e0 des fonctions cl\u00e9s comme la croissance, la sant\u00e9 des os, et le fonctionnement du cerveau. Mais attention aux exc\u00e8s. Dans les pays occidentaux, la consommation d\u2019om\u00e9ga-6 a explos\u00e9 depuis les ann\u00e9es 1950 avec l\u2019essor des produits ultra-transform\u00e9s, souvent riches en huiles v\u00e9g\u00e9tales. R\u00e9sultat : <strong>un d\u00e9s\u00e9quilibre entre om\u00e9ga-6 et om\u00e9ga-3<\/strong>, ces derniers \u00e9tant connus pour leurs effets anti-inflammatoires et protecteurs sur le c\u0153ur, les yeux et le cerveau.<\/p>\n<p>Un lien avec le cancer du sein triple n\u00e9gatif<\/p>\n<p>Une \u00e9tude r\u00e9cente, men\u00e9e par des chercheurs de Weill Cornell Medicine et publi\u00e9e dans la revue Science, a identifi\u00e9 un lien direct entre un exc\u00e8s d\u2019acide linol\u00e9ique et la croissance de tumeurs dans un type de cancer du sein particuli\u00e8rement agressif, le cancer triple n\u00e9gatif. Ce sous-type repr\u00e9sente environ 15 % des cas et est difficile \u00e0 traiter car il ne r\u00e9pond pas aux traitements hormonaux habituels, rappelle l\u2019Institut Curie. Dans cette \u00e9tude men\u00e9e chez la souris, les tumeurs des animaux nourris avec un r\u00e9gime riche en acide linol\u00e9ique, notamment en huile de carthame, se sont d\u00e9velopp\u00e9es plus vite. \u00ab Nous savons maintenant que l&rsquo;acide linol\u00e9ique (&#8230;)<\/p>\n<p><a data-i13n=\"cpos:1;pos:1\" href=\"https:\/\/www.topsante.com\/medecine\/cancers\/cancer_du_sein\/une-etude-a-decouvert-que-ces-3-aliments-que-lon-pensait-sains-pourraient-favoriser-la-croissance-des-tumeurs-912877?utm_campaign=partenariat&amp;utm_source=yahoo-articles&amp;utm_medium=flux\" rel=\"nofollow noopener\" target=\"_blank\" data-ylk=\"slk:Lire la suite sur Top Sant\u00e9;cpos:1;pos:1;elm:context_link;itc:0;sec:content-canvas\" class=\"link \">Lire la suite sur Top Sant\u00e9<\/a><\/p>\n<p><a data-i13n=\"cpos:2;pos:1\" href=\"https:\/\/www.topsante.com\/nutrition_et_recettes\/bien_choisir_ses_aliments\/une-dieteticienne-partage-un-aliment-que-vous-devriez-consommer-davantage-et-ce-ne-sont-pas-des-proteines-911739?utm_campaign=partenariat&amp;utm_source=yahoo-articles&amp;utm_medium=flux\" rel=\"nofollow noopener\" target=\"_blank\" data-ylk=\"slk:Une di\u00e9t\u00e9ticienne partage un aliment que vous devriez consommer davantage - et ce ne sont pas des prot\u00e9ines;cpos:2;pos:1;elm:context_link;itc:0;sec:content-canvas\" class=\"link \">Une di\u00e9t\u00e9ticienne partage un aliment que vous devriez consommer davantage &#8211; et ce ne sont pas des prot\u00e9ines<\/a><br \/><a data-i13n=\"cpos:3;pos:1\" href=\"https:\/\/www.topsante.com\/medecine\/maladies_neurologiques\/ce-sport-permettrait-de-prevenir-lapparition-de-la-demence-assurent-les-chercheurs-912874?utm_campaign=partenariat&amp;utm_source=yahoo-articles&amp;utm_medium=flux\" rel=\"nofollow noopener\" target=\"_blank\" data-ylk=\"slk:Ce sport permettrait de pr\u00e9venir l&#039;apparition de la d\u00e9mence, assurent les chercheurs;cpos:3;pos:1;elm:context_link;itc:0;sec:content-canvas\" class=\"link \">Ce sport permettrait de pr\u00e9venir l&rsquo;apparition de la d\u00e9mence, assurent les chercheurs<\/a><br \/><a data-i13n=\"cpos:4;pos:1\" href=\"https:\/\/www.topsante.com\/beaute_soins\/beaute_du_visage\/bons_gestes-beaute_du_visage\/on-connait-le-serum-utilise-par-selena-gomez-pour-avoir-un-beau-teint-et-il-est-a-petit-prix-912871?utm_campaign=partenariat&amp;utm_source=yahoo-articles&amp;utm_medium=flux\" rel=\"nofollow noopener\" target=\"_blank\" data-ylk=\"slk:On connait le s\u00e9rum utilis\u00e9 par Selena Gomez pour avoir un beau teint et il est \u00e0 petit prix;cpos:4;pos:1;elm:context_link;itc:0;sec:content-canvas\" class=\"link \">On connait le s\u00e9rum utilis\u00e9 par Selena Gomez pour avoir un beau teint et il est \u00e0 petit prix<\/a><br \/><a data-i13n=\"cpos:5;pos:1\" href=\"https:\/\/www.topsante.com\/retarder-le-vieillissement\/je-suis-medecin-specialiste-de-la-longevite-et-voici-lepice-que-je-consomme-chaque-jour-911730?utm_campaign=partenariat&amp;utm_source=yahoo-articles&amp;utm_medium=flux\" rel=\"nofollow noopener\" target=\"_blank\" data-ylk=\"slk:&quot;Je suis m\u00e9decin sp\u00e9cialiste de la long\u00e9vit\u00e9 et voici l&#039;\u00e9pice que je consomme chaque jour&quot;;cpos:5;pos:1;elm:context_link;itc:0;sec:content-canvas\" class=\"link \">\u00ab\u00a0Je suis m\u00e9decin sp\u00e9cialiste de la long\u00e9vit\u00e9 et voici l&rsquo;\u00e9pice que je consomme chaque jour\u00a0\u00bb<\/a><br \/><a data-i13n=\"cpos:6;pos:1\" href=\"https:\/\/www.topsante.com\/medecine\/sante_dentaire\/avoir_de_belles_dents\/cest-presque-de-la-mutilation-un-dentiste-se-prononce-contre-cette-operation-de-chirurgie-esthetique-populaire-sur-les-reseaux-sociaux-912827?utm_campaign=partenariat&amp;utm_source=yahoo-articles&amp;utm_medium=flux\" rel=\"nofollow noopener\" target=\"_blank\" data-ylk=\"slk:&quot;C&#039;est presque de la mutilation&quot; : un dentiste se prononce contre cette op\u00e9ration de chirurgie esth\u00e9tique, populaire sur les r\u00e9seaux sociaux;cpos:6;pos:1;elm:context_link;itc:0;sec:content-canvas\" class=\"link \">\u00ab\u00a0C&rsquo;est presque de la mutilation\u00a0\u00bb : un dentiste se prononce contre cette op\u00e9ration de chirurgie esth\u00e9tique, populaire sur les r\u00e9seaux sociaux<\/a><\/p>\n","protected":false},"excerpt":{"rendered":"Les om\u00e9ga-6, et notamment l\u2019acide linol\u00e9ique, sont des graisses dites \u00ab\u00a0essentielles\u00a0\u00bb, car notre corps en a besoin mais&hellip;\n","protected":false},"author":2,"featured_media":29852,"comment_status":"","ping_status":"","sticky":false,"template":"","format":"standard","meta":{"footnotes":""},"categories":[10],"tags":[10371,10372,1011,27,72,10370,10373,3360,10374,71],"class_list":{"0":"post-29851","1":"post","2":"type-post","3":"status-publish","4":"format-standard","5":"has-post-thumbnail","7":"category-sante","8":"tag-acide-linoleique","9":"tag-fonctionnement-du-cerveau","10":"tag-fr","11":"tag-france","12":"tag-health","13":"tag-huiles-vegetales","14":"tag-lacide","15":"tag-la-sante","16":"tag-la-souris","17":"tag-sante"},"share_on_mastodon":{"url":"https:\/\/pubeurope.com\/@fr\/114349375671673132","error":""},"_links":{"self":[{"href":"https:\/\/www.europesays.com\/fr\/wp-json\/wp\/v2\/posts\/29851","targetHints":{"allow":["GET"]}}],"collection":[{"href":"https:\/\/www.europesays.com\/fr\/wp-json\/wp\/v2\/posts"}],"about":[{"href":"https:\/\/www.europesays.com\/fr\/wp-json\/wp\/v2\/types\/post"}],"author":[{"embeddable":true,"href":"https:\/\/www.europesays.com\/fr\/wp-json\/wp\/v2\/users\/2"}],"replies":[{"embeddable":true,"href":"https:\/\/www.europesays.com\/fr\/wp-json\/wp\/v2\/comments?post=29851"}],"version-history":[{"count":0,"href":"https:\/\/www.europesays.com\/fr\/wp-json\/wp\/v2\/posts\/29851\/revisions"}],"wp:featuredmedia":[{"embeddable":true,"href":"https:\/\/www.europesays.com\/fr\/wp-json\/wp\/v2\/media\/29852"}],"wp:attachment":[{"href":"https:\/\/www.europesays.com\/fr\/wp-json\/wp\/v2\/media?parent=29851"}],"wp:term":[{"taxonomy":"category","embeddable":true,"href":"https:\/\/www.europesays.com\/fr\/wp-json\/wp\/v2\/categories?post=29851"},{"taxonomy":"post_tag","embeddable":true,"href":"https:\/\/www.europesays.com\/fr\/wp-json\/wp\/v2\/tags?post=29851"}],"curies":[{"name":"wp","href":"https:\/\/api.w.org\/{rel}","templated":true}]}}