{"id":298518,"date":"2025-08-05T16:56:17","date_gmt":"2025-08-05T16:56:17","guid":{"rendered":"https:\/\/www.europesays.com\/fr\/298518\/"},"modified":"2025-08-05T16:56:17","modified_gmt":"2025-08-05T16:56:17","slug":"ces-cinq-legendes-qui-ont-dit-adieu-au-rugby","status":"publish","type":"post","link":"https:\/\/www.europesays.com\/fr\/298518\/","title":{"rendered":"ces cinq l\u00e9gendes qui ont dit adieu au rugby"},"content":{"rendered":"<p>Les fans de rugby fran\u00e7ais vont devoir s\u2019habituer \u00e0 vivre sans eux. Pendant plus de dix ans, ces hommes ont fait la pluie et le beau temps dans le Top 14, accompagnant chaque week-end les supporters par leurs exploits ou performances. En juin dernier, des grands noms ont d\u00e9cid\u00e9 de prendre leur retraite et de se tourner vers une nouvelle carri\u00e8re. Retour sur les cinq figures qui ne fouleront plus les pelouses.<\/p>\n<p>Camille Lopez<\/p>\n<p>L\u2019artificier pouvait difficilement r\u00eaver meilleure derni\u00e8re. Dans un Groupama Stadium rempli, Camille Lopez a tap\u00e9 son dernier ballon en demi-finale du Top 14, pour r\u00e9duire l\u2019\u00e9cart face au Stade Toulousain. Lanc\u00e9 \u00e0 B\u00e8gles avant de rebondir \u00e0 Perpignan puis d\u2019exploser \u00e0 Clermont, le Landais avait d\u00e9cid\u00e9 de venir terminer sa carri\u00e8re pr\u00e8s de chez lui, avec l\u2019Aviron Bayonnais. En deux saisons, il a permis au club de changer de statut et peut partir la t\u00eate haute. Il restera \u00e0 jamais dans les m\u00e9moires pour le Bouclier de Brennus soulev\u00e9 en 2017 avec l\u2019ASM.<\/p>\n<p><img loading=\"lazy\" decoding=\"async\" class=\"size-thumbnail wp-image-13917\" src=\"https:\/\/www.europesays.com\/fr\/wp-content\/uploads\/2025\/08\/ICONSPORT_262586_0095-500x267.jpg\" alt=\"\" width=\"500\" height=\"267\"\/> Camille Lopez<\/p>\n<p>Benjamin Urdapilleta<\/p>\n<p>Voil\u00e0 un autre ouvreur de grand talent qui tire sa r\u00e9v\u00e9rence. Comme Camille Lopez, Benjamin Urdapilleta s\u2019est arr\u00eat\u00e9 en phase finale\u2026face \u00e0 l\u2019Aviron Bayonnais. Arriv\u00e9 en 2012 \u00e0 Oyonnax apr\u00e8s avoir brill\u00e9 avec les Harlequins, l\u2019international argentin a connu une carri\u00e8re remplie en Top 14, souvent accompagn\u00e9 par Christophe Urios. Devenu deuxi\u00e8me meilleur r\u00e9alisateur de l\u2019histoire du championnat fran\u00e7ais, il aura chang\u00e9 de dimension en 2018, remportant le titre avec Castres. Il aura termin\u00e9 sa carri\u00e8re du c\u00f4t\u00e9 de Clermont avant de revenir en Argentine.<\/p>\n<p><img loading=\"lazy\" decoding=\"async\" class=\"size-thumbnail wp-image-13918\" src=\"https:\/\/www.europesays.com\/fr\/wp-content\/uploads\/2025\/08\/ICONSPORT_262586_0012-500x267.jpg\" alt=\"\" width=\"500\" height=\"267\"\/> Benjamin Urdapilleta<\/p>\n<p>Julien Dumora<\/p>\n<p>L\u2019un des joueurs les plus talentueux \u00e0 ne jamais avoir connu le XV de France. Pass\u00e9 par Pau, Toulon et le LOU, Julien Dumora restera \u00e9ternellement li\u00e9 au Castres Olympique. Arriv\u00e9 en 2014 au CO dans la foul\u00e9e du titre, l\u2019arri\u00e8re aura brill\u00e9 pendant plus de dix ans \u00e0 Pierre-Fabre, allant jusqu\u2019\u00e0 soulever le Brennus en 2018. Capable de fulgurances et d\u2019une intelligence rare, Dumora aura marqu\u00e9 le championnat fran\u00e7ais.<\/p>\n<p><img loading=\"lazy\" decoding=\"async\" class=\"size-thumbnail wp-image-13915\" src=\"https:\/\/www.europesays.com\/fr\/wp-content\/uploads\/2025\/08\/ICONSPORT_261410_0115-500x267.jpg\" alt=\"\" width=\"500\" height=\"267\"\/> Julien Dumora<\/p>\n<p>Henry Chavancy<\/p>\n<p>L\u2019homme d\u2019un seul club. Pendant plus de quinze ans, Henry Chavancy aura incarn\u00e9 avec passion les valeurs du Racing 92. Le centre international a disput\u00e9 pr\u00e8s de 500 matches avec les Ciel et Blanc et a \u00e9t\u00e9 \u00e0 la fois un t\u00e9moin et un acteur du changement de dimension du club francilien. Vainqueur de la Pro D2 en 2009, du Top 14 en 2016, il aura \u00e9chou\u00e9 \u00e0 trois reprises en finale de Champions Cup pour compl\u00e9ter son palmar\u00e8s d\u00e9j\u00e0 XXL.<\/p>\n<p><img loading=\"lazy\" decoding=\"async\" class=\"size-thumbnail wp-image-13914\" src=\"https:\/\/www.europesays.com\/fr\/wp-content\/uploads\/2025\/08\/ICONSPORT_261416_0108-500x267.jpg\" alt=\"\" width=\"500\" height=\"267\"\/> Henry Chavancy<\/p>\n<p>Brice Dulin<\/p>\n<p>L\u2019arri\u00e8re du Stade Rochelais aura connu une carri\u00e8re XXL. Si son aventure avec le XV de France fut souvent contrast\u00e9e, Brice Dulin a su s\u2019imposer \u00e0 chaque fois dans ces diff\u00e9rents clubs, touchant les sommets avec trois d\u2019entre eux. Apr\u00e8s avoir d\u00e9but\u00e9 \u00e0 Agen, il a explos\u00e9 au Castres Olympique, remportant le titre en 2013. Dans la foul\u00e9e, il s\u2019engage avec le Racing, o\u00f9 il soul\u00e8vera un deuxi\u00e8me Bouclier de Brennus en 2016. Enfin au Stade Rochelais, il a su relancer sa carri\u00e8re pour remporter deux titres europ\u00e9ens en 2022 et 2023.<\/p>\n<p><img loading=\"lazy\" decoding=\"async\" class=\"size-thumbnail wp-image-13911\" src=\"https:\/\/www.europesays.com\/fr\/wp-content\/uploads\/2025\/08\/ICONSPORT_261420_0137-500x267.jpg\" alt=\"\" width=\"500\" height=\"267\"\/> Brice Dulin<\/p>\n<p>Partagez cette info avec vos amis et vos proches en cliquant ici<br \/>Pour r\u00e9sumer<\/p>\n<p>A l\u2019issue de la derni\u00e8re saison de Top 14, plusieurs figures du championnat fran\u00e7ais ont tir\u00e9 leur r\u00e9v\u00e9rence apr\u00e8s de brillantes carri\u00e8re. Retour sur cinq l\u00e9gendes ayant pris leur retraite, de Benjamin Urdapilleta \u00e0 Camille Lopez.<\/p>\n<p> <img decoding=\"async\" width=\"76\" height=\"76\" loading=\"lazy\" src=\"https:\/\/www.europesays.com\/fr\/wp-content\/uploads\/2025\/04\/avatar-quinze.png\" alt=\"Arnaud D\u00e9chelotte\"\/><\/p>\n","protected":false},"excerpt":{"rendered":"Les fans de rugby fran\u00e7ais vont devoir s\u2019habituer \u00e0 vivre sans eux. Pendant plus de dix ans, ces&hellip;\n","protected":false},"author":2,"featured_media":298519,"comment_status":"","ping_status":"","sticky":false,"template":"","format":"standard","meta":{"footnotes":""},"categories":[1416],"tags":[1011,27,479,1468,60],"class_list":{"0":"post-298518","1":"post","2":"type-post","3":"status-publish","4":"format-standard","5":"has-post-thumbnail","7":"category-rugby","8":"tag-fr","9":"tag-france","10":"tag-rugby","11":"tag-rugby-football","12":"tag-sports"},"share_on_mastodon":{"url":"https:\/\/pubeurope.com\/@fr\/114977216081778925","error":""},"_links":{"self":[{"href":"https:\/\/www.europesays.com\/fr\/wp-json\/wp\/v2\/posts\/298518","targetHints":{"allow":["GET"]}}],"collection":[{"href":"https:\/\/www.europesays.com\/fr\/wp-json\/wp\/v2\/posts"}],"about":[{"href":"https:\/\/www.europesays.com\/fr\/wp-json\/wp\/v2\/types\/post"}],"author":[{"embeddable":true,"href":"https:\/\/www.europesays.com\/fr\/wp-json\/wp\/v2\/users\/2"}],"replies":[{"embeddable":true,"href":"https:\/\/www.europesays.com\/fr\/wp-json\/wp\/v2\/comments?post=298518"}],"version-history":[{"count":0,"href":"https:\/\/www.europesays.com\/fr\/wp-json\/wp\/v2\/posts\/298518\/revisions"}],"wp:featuredmedia":[{"embeddable":true,"href":"https:\/\/www.europesays.com\/fr\/wp-json\/wp\/v2\/media\/298519"}],"wp:attachment":[{"href":"https:\/\/www.europesays.com\/fr\/wp-json\/wp\/v2\/media?parent=298518"}],"wp:term":[{"taxonomy":"category","embeddable":true,"href":"https:\/\/www.europesays.com\/fr\/wp-json\/wp\/v2\/categories?post=298518"},{"taxonomy":"post_tag","embeddable":true,"href":"https:\/\/www.europesays.com\/fr\/wp-json\/wp\/v2\/tags?post=298518"}],"curies":[{"name":"wp","href":"https:\/\/api.w.org\/{rel}","templated":true}]}}