{"id":298520,"date":"2025-08-05T16:57:11","date_gmt":"2025-08-05T16:57:11","guid":{"rendered":"https:\/\/www.europesays.com\/fr\/298520\/"},"modified":"2025-08-05T16:57:11","modified_gmt":"2025-08-05T16:57:11","slug":"atp-cincinnati-apres-sinner-au-tour-dalcaraz-de-pointer-le-bout-de-son-nez","status":"publish","type":"post","link":"https:\/\/www.europesays.com\/fr\/298520\/","title":{"rendered":"ATP &#8211; Cincinnati > Apr\u00e8s Sinner, au tour d&rsquo;Alcaraz de pointer le bout de son nez"},"content":{"rendered":"<p><a href=\"https:\/\/www.welovetennis.fr\/atp\/atp-cincinnati\/jannik-sinner-deja-pret-a-defendre-son-titre\" data-wpel-link=\"internal\" target=\"_blank\" rel=\"noopener\">Deux jours apr\u00e8s l\u2019ar\u00adriv\u00e9e du tenant du titre, Jannik Sinner<\/a>, sur les instal\u00adla\u00adtions du tournoi de Cincinnati, c\u2019est cette fois au tour de son grand rival, Carlos Alcaraz, de faire son appa\u00adri\u00adtion sur les courts flam\u00adbants neufs du Masters 1000 am\u00e9ricain.<\/p>\n<p>Et comme \u00e0 son habi\u00adtude, l\u2019Espagnol avait le sourire lors de son entr\u00e9e sur le court d\u2019entra\u00eenement.\u00a0<\/p>\n<blockquote class=\"twitter-tweet\">\n<p lang=\"es\" dir=\"ltr\">Carlos \ud83e\udd1d Cincinnati <a href=\"https:\/\/t.co\/T2cVhs26nS\" data-wpel-link=\"external\" target=\"_blank\" rel=\"nofollow external noopener\">pic.twitter.com\/T2cVhs26nS<\/a><\/p>\n<p>\u2014 Cincinnati Open (@CincyTennis) <a href=\"https:\/\/twitter.com\/CincyTennis\/status\/1952749172014084495?ref_src=twsrc%5Etfw\" data-wpel-link=\"external\" target=\"_blank\" rel=\"nofollow external noopener\">August 5,\u00a02025<\/a><\/p><\/blockquote>\n<p>\u00c0 noter qu\u2019il doit norma\u00adle\u00adment s\u2019en\u00adtra\u00eener avec Daniil Medvedev.\u00a0<\/p>\n<p class=\"post-published-date\" style=\"color: silver; font-size: 75%; text-align: left;\">Publi\u00e9 le mardi 5 ao\u00fbt 2025 \u00e0 17:45<\/p>\n<p><script async src=\"https:\/\/platform.twitter.com\/widgets.js\" charset=\"utf-8\"><\/script><\/p>\n","protected":false},"excerpt":{"rendered":"Deux jours apr\u00e8s l\u2019ar\u00adriv\u00e9e du tenant du titre, Jannik Sinner, sur les instal\u00adla\u00adtions du tournoi de Cincinnati, c\u2019est&hellip;\n","protected":false},"author":2,"featured_media":77367,"comment_status":"","ping_status":"","sticky":false,"template":"","format":"standard","meta":{"footnotes":""},"categories":[1415],"tags":[1744,3252,1011,27,2127,60,1467],"class_list":{"0":"post-298520","1":"post","2":"type-post","3":"status-publish","4":"format-standard","5":"has-post-thumbnail","7":"category-tennis","8":"tag-alcaraz","9":"tag-daniil-medvedev","10":"tag-fr","11":"tag-france","12":"tag-sinner","13":"tag-sports","14":"tag-tennis"},"share_on_mastodon":{"url":"https:\/\/pubeurope.com\/@fr\/114977219891271865","error":""},"_links":{"self":[{"href":"https:\/\/www.europesays.com\/fr\/wp-json\/wp\/v2\/posts\/298520","targetHints":{"allow":["GET"]}}],"collection":[{"href":"https:\/\/www.europesays.com\/fr\/wp-json\/wp\/v2\/posts"}],"about":[{"href":"https:\/\/www.europesays.com\/fr\/wp-json\/wp\/v2\/types\/post"}],"author":[{"embeddable":true,"href":"https:\/\/www.europesays.com\/fr\/wp-json\/wp\/v2\/users\/2"}],"replies":[{"embeddable":true,"href":"https:\/\/www.europesays.com\/fr\/wp-json\/wp\/v2\/comments?post=298520"}],"version-history":[{"count":0,"href":"https:\/\/www.europesays.com\/fr\/wp-json\/wp\/v2\/posts\/298520\/revisions"}],"wp:featuredmedia":[{"embeddable":true,"href":"https:\/\/www.europesays.com\/fr\/wp-json\/wp\/v2\/media\/77367"}],"wp:attachment":[{"href":"https:\/\/www.europesays.com\/fr\/wp-json\/wp\/v2\/media?parent=298520"}],"wp:term":[{"taxonomy":"category","embeddable":true,"href":"https:\/\/www.europesays.com\/fr\/wp-json\/wp\/v2\/categories?post=298520"},{"taxonomy":"post_tag","embeddable":true,"href":"https:\/\/www.europesays.com\/fr\/wp-json\/wp\/v2\/tags?post=298520"}],"curies":[{"name":"wp","href":"https:\/\/api.w.org\/{rel}","templated":true}]}}