{"id":298521,"date":"2025-08-05T16:58:19","date_gmt":"2025-08-05T16:58:19","guid":{"rendered":"https:\/\/www.europesays.com\/fr\/298521\/"},"modified":"2025-08-05T16:58:19","modified_gmt":"2025-08-05T16:58:19","slug":"lysa-millavet-monaco-on-ne-sait-jamais-qui-va-lemporter","status":"publish","type":"post","link":"https:\/\/www.europesays.com\/fr\/298521\/","title":{"rendered":"Lysa Millavet (Monaco) : \u00ab\u00a0On ne sait jamais qui va l\u2019emporter\u00a0\u00bb"},"content":{"rendered":"<p>                            <img decoding=\"async\" class=\"img-fluid thumbnail__news\" src=\"https:\/\/www.europesays.com\/fr\/wp-content\/uploads\/2025\/08\/16de9ad3-b9cf-440c-9067-8ff98939eed8.jpg\" alt=\"Lysa Millavet (Monaco) : \" on=\"\" ne=\"\" sait=\"\" jamais=\"\" qui=\"\" va=\"\" l=\"\"\/><\/p>\n<p>Lysa Millavet lors de la finale 2024 &#8211; Bellenger\/IS\/FFBB<\/p>\n<p>                                                        Finalistes en 2024, Monaco et Lysa Millavet sont de retour en finale du Troph\u00e9e f\u00e9minin de la Coupe de France. Malgr\u00e9 un statut logique de favoris, l\u2019aili\u00e8re mon\u00e9gasque refuse de s\u2019emballer et rappelle que les matches de Coupe de France sont toujours particuliers.<\/p>\n<p><strong>Troisi\u00e8me finale du Troph\u00e9e f\u00e9minin en quatre ans pour Monaco, est-ce que c\u2019\u00e9tait clairement un objectif en d\u00e9but de saison ?<\/strong><br \/>En d\u00e9but de saison, il y avait deux objectifs : la mont\u00e9e en Ligue 2 et retourner \u00e0 l\u2019Accor Arena en Coupe de France, pour tenter de la gagner cette fois-ci vu que l\u2019ann\u00e9e derni\u00e8re nous avions eu la m\u00e9daille d\u2019argent.<\/p>\n<p><strong>Pourquoi cette comp\u00e9tition est si importante pour Monaco ?<\/strong><br \/>Dans le basket f\u00e9minin c\u2019est tr\u00e8s rare de jouer dans de telles conditions et dans une salle aussi grande. Monter sur Paris pour jouer une finale, c\u2019est quelque chose de grand, c\u2019est quelque chose qui tient \u00e0 c\u0153ur. C\u2019est aussi une mise en lumi\u00e8re particuli\u00e8re du basket f\u00e9minin.<\/p>\n<p><strong>Qu\u2019est-ce qu\u2019il y a de particulier \u00e0 l\u2019Accor Arena ?<\/strong><br \/>Le lieu d\u00e9j\u00e0, on se dit que c\u2019est peut-\u00eatre la derni\u00e8re fois que l\u2019on aura la chance de pouvoir jouer dans un endroit pareil. Pour ma part c\u2019est incroyable d\u2019avoir la chance de jouer deux finales de suite dans cette salle. Quand on arrive sur le parquet de l\u2019Accor Arena, ce sont toujours des sensations sp\u00e9ciales et \u00e7a fait toujours plaisir.<\/p>\n<p><strong>Quasi invincibles en championnat (17v-1D), vous avez \u00e9t\u00e9 malmen\u00e9s en Coupe de France et m\u00eame parfois par des \u00e9quipes \u00e9voluant une division en dessous. Comment l\u2019expliquez-vous ?<\/strong><br \/>Les matches de Coupe de France, ce sont toujours des matches particuliers. C\u2019est une sensation un peu diff\u00e9rente et quand on se retrouve face \u00e0 des \u00e9quipes qui n\u2019ont rien \u00e0 perdre, comme Nantes en quarts de finale, \u00e7a devient tout de suite plus compliqu\u00e9. On retrouve vraiment l\u2019esprit de la Coupe sur ce genre de match et nous \u00e9tions un peu l\u2019\u00e9quipe \u00e0 abattre. Nous n\u2019avions pas encore de d\u00e9faite \u00e0 ce moment-l\u00e0, les \u00e9quipes voulaient \u00eatre la premi\u00e8re \u00e0 nous battre. Ce sont des matches o\u00f9 on ne s\u2019occupe plus de rien, il faut continuer jusqu\u2019au bout pour arracher la victoire. \u00c7a s\u2019est vraiment jou\u00e9 \u00e0 pas grand-chose.<\/p>\n<p><strong>Etes-vous surprise de retrouver Rouen-Bihorel en finale ?<\/strong><br \/>Je ne suis pas surprise de voir Rouen-Bihorel en finale, car en regardant le plateau d\u2019en face je ne mettais pas dit forc\u00e9ment que \u00e7a serait un tel ou un tel qui passerait. Comme les matches de Coupe de France sont toujours assez serr\u00e9s, on ne sait jamais qui va l\u2019emporter.<\/p>\n<p><strong>Est-ce un avantage d\u2019avoir d\u00e9j\u00e0 jou\u00e9 \u00e0 l\u2019Accor Arena ?<\/strong><br \/>Je ne pense pas que \u00e7a soit un avantage d\u2019avoir d\u00e9j\u00e0 jouer \u00e0 l\u2019Accor Arena, c\u2019est toujours particulier. Les \u00e9quipes ont chang\u00e9, ce ne sont pas toutes les m\u00eames joueuses. Les deux \u00e9quipes partiront donc sur un pied d\u2019\u00e9galit\u00e9. \u00c7a se jouera sur le basket, l\u2019envie et plein d\u2019autres choses. Je pense que \u00e7a sera surtout un tr\u00e8s beau match de basket.<\/p>\n<p><strong>Programme Finale Coupe de France 2025 :<\/strong><br \/>Vendredi 25 avril 2025 &#8211; <strong><a href=\"https:\/\/billetterie.ffbb.com\/fr\/product\/223\/accor_arena\/finales_du_trophee_accor_arena_vendredi_25_avril_2025_18_00\" target=\"_blank\" rel=\"noopener nofollow\">Achetez vos places<\/a><\/strong><br \/>18h00 &#8211; Finale du Troph\u00e9e f\u00e9minin &#8211;\u00a0<a href=\"https:\/\/www.youtube.com\/@FFBB_officiel\" target=\"_blank\" rel=\"noopener nofollow\">Sur La Cha\u00eene YouTube de la FFBB<\/a><br \/><strong>Monaco (NF1) &#8211; Rouen Bihorel (NF1)<\/strong><br \/>20h30 &#8211; Finale du Troph\u00e9e masculin &#8211;\u00a0<a href=\"https:\/\/www.youtube.com\/@FFBB_officiel\" target=\"_blank\" rel=\"noopener nofollow\">Sur La Cha\u00eene YouTube de la FFBB<\/a><br \/><strong>Beyssac Beaupuy Marmande (NM2) &#8211; Gravenchon (NM2)<\/strong><\/p>\n<p>Samedi 26 avril 2025 &#8211; <strong><a href=\"https:\/\/coupedefrance.ffbb.com\/actualite\/87662\" target=\"_blank\" rel=\"noopener nofollow\">Complet<\/a><\/strong><br \/>10h00 &#8211; Finale U18 F\u00e9minines &#8211;\u00a0<a href=\"https:\/\/www.youtube.com\/@FFBB_officiel\" target=\"_blank\" rel=\"noopener nofollow\">Sur La Cha\u00eene YouTube de la FFBB<\/a><br \/><strong>Bourges &#8211; Lyon<\/strong><br \/>12h45 &#8211; Finale U18 masculins &#8211;\u00a0<a href=\"https:\/\/www.youtube.com\/@FFBB_officiel\" target=\"_blank\" rel=\"noopener nofollow\">Sur La Cha\u00eene YouTube de la FFBB<\/a><br \/><strong>Le Mans &#8211; Antibes<\/strong><br \/>15h30 &#8211; Finale Pros f\u00e9minines (Troph\u00e9e Jo\u00e9 Jaunay) &#8211;\u00a0<a href=\"https:\/\/www.lequipe.fr\/Directs\" target=\"_blank\" rel=\"noopener nofollow\">Sur La Cha\u00eene L&rsquo;Equipe<\/a><br \/><strong>Bourges (LBWL) &#8211; Charleville-M\u00e9zi\u00e8res (LBWL)<\/strong><br \/>18h15 &#8211; Finale Pros masculins (Troph\u00e9e Robert Busnel) &#8211;\u00a0<a href=\"https:\/\/www.lequipe.fr\/Directs\" target=\"_blank\" rel=\"noopener nofollow\">Sur La Cha\u00eene L&rsquo;Equipe<\/a><br \/><strong>Le Mans (Betclic Elite) &#8211; Paris (Betclic Elite)<\/strong><\/p>\n","protected":false},"excerpt":{"rendered":"Lysa Millavet lors de la finale 2024 &#8211; Bellenger\/IS\/FFBB Finalistes en 2024, Monaco et Lysa Millavet sont de&hellip;\n","protected":false},"author":2,"featured_media":298522,"comment_status":"","ping_status":"","sticky":false,"template":"","format":"standard","meta":{"footnotes":""},"categories":[1414],"tags":[1465,1464,1011,27,60],"class_list":{"0":"post-298521","1":"post","2":"type-post","3":"status-publish","4":"format-standard","5":"has-post-thumbnail","7":"category-basket","8":"tag-basket","9":"tag-basketball","10":"tag-fr","11":"tag-france","12":"tag-sports"},"share_on_mastodon":{"url":"https:\/\/pubeurope.com\/@fr\/114977223821747059","error":""},"_links":{"self":[{"href":"https:\/\/www.europesays.com\/fr\/wp-json\/wp\/v2\/posts\/298521","targetHints":{"allow":["GET"]}}],"collection":[{"href":"https:\/\/www.europesays.com\/fr\/wp-json\/wp\/v2\/posts"}],"about":[{"href":"https:\/\/www.europesays.com\/fr\/wp-json\/wp\/v2\/types\/post"}],"author":[{"embeddable":true,"href":"https:\/\/www.europesays.com\/fr\/wp-json\/wp\/v2\/users\/2"}],"replies":[{"embeddable":true,"href":"https:\/\/www.europesays.com\/fr\/wp-json\/wp\/v2\/comments?post=298521"}],"version-history":[{"count":0,"href":"https:\/\/www.europesays.com\/fr\/wp-json\/wp\/v2\/posts\/298521\/revisions"}],"wp:featuredmedia":[{"embeddable":true,"href":"https:\/\/www.europesays.com\/fr\/wp-json\/wp\/v2\/media\/298522"}],"wp:attachment":[{"href":"https:\/\/www.europesays.com\/fr\/wp-json\/wp\/v2\/media?parent=298521"}],"wp:term":[{"taxonomy":"category","embeddable":true,"href":"https:\/\/www.europesays.com\/fr\/wp-json\/wp\/v2\/categories?post=298521"},{"taxonomy":"post_tag","embeddable":true,"href":"https:\/\/www.europesays.com\/fr\/wp-json\/wp\/v2\/tags?post=298521"}],"curies":[{"name":"wp","href":"https:\/\/api.w.org\/{rel}","templated":true}]}}