{"id":298523,"date":"2025-08-05T16:59:14","date_gmt":"2025-08-05T16:59:14","guid":{"rendered":"https:\/\/www.europesays.com\/fr\/298523\/"},"modified":"2025-08-05T16:59:14","modified_gmt":"2025-08-05T16:59:14","slug":"les-pilotes-ducati-ont-decouvert-le-balaton-park","status":"publish","type":"post","link":"https:\/\/www.europesays.com\/fr\/298523\/","title":{"rendered":"Les pilotes Ducati ont d\u00e9couvert le Balaton Park"},"content":{"rendered":"<p>Le 22 ao\u00fbt prochain, lorsque d\u00e9buteront les essais du GP de Hongrie MotoGP, les pilotes du groupe Ducati auront un l\u00e9ger avantage sur leurs adversaires. La marque a en effet lou\u00e9 le circuit du Balaton Park ce mardi afin d&rsquo;offrir \u00e0 aux pilotes de ses trois \u00e9quipes une journ\u00e9e de roulage au guidon d&rsquo;une moto sportive.<\/p>\n<p>Il ne s&rsquo;agit, certes, pas de la Desmosedici avec laquelle ils courront ici dans un peu plus de deux semaines, mais d&rsquo;une Panigale V4 S qui leur aura au moins permis d&rsquo;apprendre le trac\u00e9 et de se faire une id\u00e9e de la mani\u00e8re dont ils passeront les encha\u00eenements \u00e0 haute vitesse. Selon le r\u00e8glement, plus aucun titulaire MotoGP ne pourra rouler sur place \u00e0 partir du 7 ao\u00fbt, soit dans les deux semaines pr\u00e9c\u00e9dant le Grand Prix.<\/p>\n<p><a href=\"https:\/\/fr.motorsport.com\/driver\/marc-marquez\/92646\/\" target=\"_blank\" rel=\"noopener\">Marc M\u00e1rquez<\/a>, <a href=\"https:\/\/fr.motorsport.com\/driver\/pecco-bagnaia\/109394\/\" target=\"_blank\" rel=\"noopener\">Pecco Bagnaia<\/a>, <a href=\"https:\/\/fr.motorsport.com\/driver\/alex-marquez\/96324\/\" target=\"_blank\" rel=\"noopener\">\u00c1lex M\u00e1rquez<\/a>, <a href=\"https:\/\/fr.motorsport.com\/driver\/fermin-aldeguer\/945314\/\" target=\"_blank\" rel=\"noopener\">Ferm\u00edn Aldeguer<\/a>, <a href=\"https:\/\/fr.motorsport.com\/driver\/franco-morbidelli\/109417\/\" target=\"_blank\" rel=\"noopener\">Franco Morbidelli<\/a> et <a href=\"https:\/\/fr.motorsport.com\/driver\/fabio-di-giannantonio\/289538\/\" target=\"_blank\" rel=\"noopener\">Fabio Di Giannantonio<\/a> \u00e9taient tous au rendez-vous pour cette journ\u00e9e sur le nouveau circuit hongrois. Ils \u00e9taient \u00e9galement accompagn\u00e9s par <a href=\"https:\/\/fr.motorsport.com\/driver\/michele-pirro\/86845\/\" target=\"_blank\" rel=\"noopener\">Michele Pirro<\/a>, pilote essayeur du constructeur italien, lui aussi au guidon de la puissante moto de route de Ducati et non de celle qu&rsquo;il d\u00e9veloppe habituellement. Le team manager de l&rsquo;\u00e9quipe d&rsquo;usine, Davide Tardozzi, et une partie des techniciens \u00e9taient sur place eux aussi.<\/p>\n<p>\u00a0<\/p>\n<p>Le choix de la Panigale V4 S n&rsquo;est pas anodin. Ducati \u00e9tant priv\u00e9e de test avec ses titulaires du fait du <a href=\"https:\/\/fr.motorsport.com\/motogp\/news\/concessions-calcul-categories-deuxieme-moitie-2025\/10743929\/\" target=\"_self\" rel=\"noopener\">groupe de concessions<\/a> dans lequel elle figure, il s&rsquo;agit du mod\u00e8le le plus proche de la course que peuvent utiliser les pilotes pour une journ\u00e9e de ce type.<\/p>\n<p>Dans sa version Pro, cette machine est \u00e9quip\u00e9e du moteur V4 de 1103 cm3 de la Desmosedici Stradale, capable de d\u00e9velopper 216 chevaux et 123 Nm de couple. Elle est \u00e9galement \u00e9quip\u00e9e de plusieurs \u00e9l\u00e9ments en carbone, comme les jantes et les appendices a\u00e9rodynamiques.<\/p>\n<p>Cette moto, dont Marc M\u00e1rquez et Pecco Bagnaia disposent d&rsquo;un exemplaire pr\u00e9par\u00e9 pour leurs entra\u00eenements en dehors des courses, est dot\u00e9e d&rsquo;un ensemble de freins avant Pro de Brembo, un \u00e9quipement dont le prix d\u00e9passe les 10\u00a0000\u20ac alors que la machine en elle-m\u00eame co\u00fbte pr\u00e8s de 50\u00a0000\u20ac en magasin.<\/p>\n<p>Un test a eu lieu au mois de juin<\/p>\n<p>\u00c0 l&rsquo;approche de ce nouveau Grand Prix qui marquera le retour de la Hongrie au <a href=\"https:\/\/fr.motorsport.com\/motogp\/schedule\/2025\/?event_types%5B%5D=race\" target=\"_self\" rel=\"noopener\">calendrier<\/a>, on en sait de plus en plus sur le circuit du Balaton Park, cr\u00e9\u00e9 en 2023 et qui sera tr\u00e8s bient\u00f4t utilis\u00e9 pour la premi\u00e8re fois dans le cadre d&rsquo;une course MotoGP. Le WorldSBK y a disput\u00e9 un meeting le mois dernier et les pilotes essayeurs de tous les constructeurs MotoGP ont pu y mener un test fin juin.<\/p>\n<p>Honda avait alors arpent\u00e9 la piste avec <a href=\"https:\/\/fr.motorsport.com\/driver\/stefan-bradl\/88379\/\" target=\"_blank\" rel=\"noopener\">Stefan Bradl<\/a>, Yamaha avait d\u00e9p\u00each\u00e9 <a href=\"https:\/\/fr.motorsport.com\/driver\/augusto-fernandez\/452210\/\" target=\"_blank\" rel=\"noopener\">Augusto Fern\u00e1ndez<\/a>, KTM avait fait rouler <a href=\"https:\/\/fr.motorsport.com\/driver\/pol-espargaro\/94345\/\" target=\"_blank\" rel=\"noopener\">Pol Espargar\u00f3<\/a>, Aprilia \u00e9tait repr\u00e9sent\u00e9e par Matteo Baiocco et Michele Pirro \u00e9tait d\u00e9j\u00e0 en piste pour Ducati.<\/p>\n<p>\u00ab\u00a0Elle n&rsquo;est pas rapide, sans longue ligne droite. Ce sont des virages lents, beaucoup de chicanes lentes, une piste tr\u00e8s technique\u00a0\u00bb, avait d\u00e9crit ce dernier, partageant l&rsquo;avis g\u00e9n\u00e9ral sur une piste que l&rsquo;on attend lente, voire un peu limit\u00e9e pour les puissantes MotoGP.<\/p>\n<p>Le circuit, qui ne couvre que 4 kilom\u00e8tres, est en effet compos\u00e9 d&rsquo;encha\u00eenements de virages secs, avec quelques \u00e9pingles et chicanes tr\u00e8s marqu\u00e9es, <a href=\"https:\/\/fr.motorsport.com\/motogp\/news\/balaton-park-nouvelles-chicanes-travaux-motogp\/10722767\/\" target=\"_self\" rel=\"noopener\">plac\u00e9es pour ralentir les machines et am\u00e9liorer la s\u00e9curit\u00e9<\/a>. La plus longue ligne droite ne couvre que 668 m\u00e8tres, pour un circuit qui a aussi pour caract\u00e9ristique de tourner dans le sens inverse des aiguilles d&rsquo;une montre avec dix virages \u00e0 gauche et sept \u00e0 droite.<\/p>\n<p>Lire aussi :<\/p>\n<p>Dans cet article<\/p>\n<p>Soyez le premier inform\u00e9 et souscrivez aux alertes mails pour recevoir les infos en temps r\u00e9el<\/p>\n<p>    S&rsquo;abonner aux alertes de news<\/p>\n","protected":false},"excerpt":{"rendered":"Le 22 ao\u00fbt prochain, lorsque d\u00e9buteront les essais du GP de Hongrie MotoGP, les pilotes du groupe Ducati&hellip;\n","protected":false},"author":2,"featured_media":298524,"comment_status":"","ping_status":"","sticky":false,"template":"","format":"standard","meta":{"footnotes":""},"categories":[1413],"tags":[21747,4950,7277,3453,1011,27,7985,21746,3452,5038,43849,1457,1456,1458,4951,60,7276,7896],"class_list":{"0":"post-298523","1":"post","2":"type-post","3":"status-publish","4":"format-standard","5":"has-post-thumbnail","7":"category-moto","8":"tag-balaton-park","9":"tag-ducati-team","10":"tag-fabio-di-giannantonio","11":"tag-fermu00edn-aldeguer","12":"tag-fr","13":"tag-france","14":"tag-franco-morbidelli","15":"tag-gp-de-hongrie","16":"tag-gresini-racing","17":"tag-marc-mu00e1rquez","18":"tag-michele-pirro","19":"tag-moto","20":"tag-motocycle","21":"tag-motogp","22":"tag-pecco-bagnaia","23":"tag-sports","24":"tag-team-vr46","25":"tag-u00c1lex-mu00e1rquez"},"share_on_mastodon":{"url":"https:\/\/pubeurope.com\/@fr\/114977227828307221","error":""},"_links":{"self":[{"href":"https:\/\/www.europesays.com\/fr\/wp-json\/wp\/v2\/posts\/298523","targetHints":{"allow":["GET"]}}],"collection":[{"href":"https:\/\/www.europesays.com\/fr\/wp-json\/wp\/v2\/posts"}],"about":[{"href":"https:\/\/www.europesays.com\/fr\/wp-json\/wp\/v2\/types\/post"}],"author":[{"embeddable":true,"href":"https:\/\/www.europesays.com\/fr\/wp-json\/wp\/v2\/users\/2"}],"replies":[{"embeddable":true,"href":"https:\/\/www.europesays.com\/fr\/wp-json\/wp\/v2\/comments?post=298523"}],"version-history":[{"count":0,"href":"https:\/\/www.europesays.com\/fr\/wp-json\/wp\/v2\/posts\/298523\/revisions"}],"wp:featuredmedia":[{"embeddable":true,"href":"https:\/\/www.europesays.com\/fr\/wp-json\/wp\/v2\/media\/298524"}],"wp:attachment":[{"href":"https:\/\/www.europesays.com\/fr\/wp-json\/wp\/v2\/media?parent=298523"}],"wp:term":[{"taxonomy":"category","embeddable":true,"href":"https:\/\/www.europesays.com\/fr\/wp-json\/wp\/v2\/categories?post=298523"},{"taxonomy":"post_tag","embeddable":true,"href":"https:\/\/www.europesays.com\/fr\/wp-json\/wp\/v2\/tags?post=298523"}],"curies":[{"name":"wp","href":"https:\/\/api.w.org\/{rel}","templated":true}]}}