{"id":298525,"date":"2025-08-05T17:00:15","date_gmt":"2025-08-05T17:00:15","guid":{"rendered":"https:\/\/www.europesays.com\/fr\/298525\/"},"modified":"2025-08-05T17:00:15","modified_gmt":"2025-08-05T17:00:15","slug":"football-la-sublime-preparation-fessee-du-tfc-en-amical","status":"publish","type":"post","link":"https:\/\/www.europesays.com\/fr\/298525\/","title":{"rendered":"Football | La sublime pr\u00e9paration-fess\u00e9e du TFC en amical"},"content":{"rendered":"<p><strong>Apr\u00e8s avoir donn\u00e9 naissance \u00e0 <a href=\"https:\/\/fflose.com\/natation-la-deroute-totale-de-leon-marchand-aux-mondiaux\/\" rel=\"nofollow noopener\" target=\"_blank\">un homme-poisson dans sa ville en 2002<\/a>, Toulouse devait se faire pardonner apr\u00e8s des Mondiaux de natation encore une fois immondes. Et c\u2019est le TFC qui en a assum\u00e9 la responsabilit\u00e9.<\/strong><\/p>\n<p>TFC, trois lettres pour une immense fiert\u00e9<\/p>\n<p>Cinq matchs, quatre d\u00e9faites. Deux buts marqu\u00e9s, dix-sept encaiss\u00e9s. Vous vous doutez bien que nous ne pouvions passer \u00e0 c\u00f4t\u00e9 de la pr\u00e9paration estivale du TFC en amical. Si son club de rugby nous fait vivre un enfer chaque ann\u00e9e en Top 14, la ville de Toulouse r\u00e9\u00e9quilibre parfaite la chose avec son \u00e9quipe de football. Alors que la Ligue 1 reprend tr\u00e8s prochainement, les supporters des Violets ont toutes les raisons du monde de se languir de cette nouvelle saison. Car il se pourrait que ce soit leur derni\u00e8re dans l\u2019\u00e9lite.<\/p>\n<p>Tout commence avec le match nul encourageant des Toulousains face \u00e0 Pau (0-0). Le TFC ne le sait pas encore, mais il vient de conna\u00eetre sa premi\u00e8re et derni\u00e8re non-d\u00e9faite dans sa pr\u00e9paration face au pensionnaire de Ligue 2. Car s\u2019ensuit un revers 2-1 contre QPR, puis la rencontre face au RB Leipzig. On vous pr\u00e9vient tout de suite, il faut \u00eatre arm\u00e9 pour lire ce qui va suivre. Face aux Allemands, les Toulousains n\u2019ont besoin que d\u2019un quart d\u2019heure pour se mettre en \u00e9vidence.<\/p>\n<blockquote class=\"twitter-tweet\">\n<p dir=\"ltr\" lang=\"fr\">\u23f1\ufe0f 17\u2032<br \/>\u26bd\ufe0f Les Allemands ouvrent la marque apr\u00e8s une perte de balle \u00e9vitable des Violets dans leurs trente derniers m\u00e8tres \ud83d\ude15<\/p>\n<p>1-0 <a href=\"https:\/\/twitter.com\/hashtag\/RBLTFC?src=hash&amp;ref_src=twsrc%5Etfw\" rel=\"nofollow noopener\" target=\"_blank\">#RBLTFC<\/a><\/p>\n<p>\u2014 Toulouse FC (@ToulouseFC) <a href=\"https:\/\/twitter.com\/ToulouseFC\/status\/1949104481703956968?ref_src=twsrc%5Etfw\" rel=\"nofollow noopener\" target=\"_blank\">July 26, 2025<\/a><\/p>\n<\/blockquote>\n<p>Ces derniers encaissent cinq pions dans la seule premi\u00e8re p\u00e9riode. En rentrant aux vestiaires sur le score de 5-0, on se dit que la r\u00e9action va \u00eatre impressionnante du c\u00f4t\u00e9 des Violets. Mais d\u00e9trompez-vous, il ne faut que quelques secondes \u00e0 ces derniers pour encaisser un sixi\u00e8me but, et alourdir cette manita. L\u00e9gendaire.\u00a0Le TFC s\u2019incline finalement sur le score de 7-0. M\u00eame au tennis ce n\u2019est pas possible.<\/p>\n<blockquote class=\"twitter-tweet\">\n<p dir=\"ltr\" lang=\"fr\">Apr\u00e8s-midi tr\u00e8s compliqu\u00e9 pour nos Violets dans cette <a href=\"https:\/\/twitter.com\/hashtag\/Pr%C3%A9paTFC?src=hash&amp;ref_src=twsrc%5Etfw\" rel=\"nofollow noopener\" target=\"_blank\">#Pr\u00e9paTFC<\/a>, face \u00e0 une \u00e9quipe de Leipzig qui \u00e9tait tr\u00e8s comp\u00e9titive.<\/p>\n<p>\ud83d\udd1c Prochain rendez-vous mercredi face au <a href=\"https:\/\/twitter.com\/AlNassrFC?ref_src=twsrc%5Etfw\" rel=\"nofollow noopener\" target=\"_blank\">@AlNassrFC<\/a>.<a href=\"https:\/\/twitter.com\/hashtag\/RBLTFC?src=hash&amp;ref_src=twsrc%5Etfw\" rel=\"nofollow noopener\" target=\"_blank\">#RBLTFC<\/a> <a href=\"https:\/\/t.co\/JZPEAfZ9FP\" rel=\"nofollow\">pic.twitter.com\/JZPEAfZ9FP<\/a><\/p>\n<p>\u2014 Toulouse FC (@ToulouseFC) <a href=\"https:\/\/twitter.com\/ToulouseFC\/status\/1949127507095019566?ref_src=twsrc%5Etfw\" rel=\"nofollow noopener\" target=\"_blank\">July 26, 2025<\/a><\/p>\n<\/blockquote>\n<p>Toulouse finit en beaut\u00e9 sa pr\u00e9paration estivale<\/p>\n<p>Les co\u00e9quipiers de Djibril Sidib\u00e9 ne pouvaient pas esp\u00e9rer meilleure pr\u00e9paration avant d\u2019affronter Cristiano Ronaldo et Al-Nassr. Et \u00e0 la demi-heure de jeu, c\u2019est le Portugais en personne qui fait trembler leurs filets.<\/p>\n<blockquote class=\"twitter-tweet\">\n<p dir=\"ltr\" lang=\"fr\">Imagine tu sors d\u2019un coma de 3 ans et le premier tweet que tu lis c\u2019est celui l\u00e0 <a href=\"https:\/\/t.co\/Uk0HWO0pFC\" rel=\"nofollow\">https:\/\/t.co\/Uk0HWO0pFC<\/a><\/p>\n<p>\u2014 F\u00e9d\u00e9 \ud83c\uddeb\ud83c\uddf7 de la Lose (@FFLose) <a href=\"https:\/\/twitter.com\/FFLose\/status\/1950605622149263671?ref_src=twsrc%5Etfw\" rel=\"nofollow noopener\" target=\"_blank\">July 30, 2025<\/a><\/p>\n<\/blockquote>\n<p>Une d\u00e9faite 2-1 plus tard, Toulouse affronte Stuttgart pour prendre sa revanche sur les clubs allemands. Mais l\u00e0 encore, c\u2019est la d\u00e9bandade. Au terme d\u2019un match rallong\u00e9, long de trois mi-temps, les Fran\u00e7ais s\u2019inclinent 6-0. S\u2019il y a eu un l\u00e9ger rel\u00e2chement par rapport au 7-0 face \u00e0 Leipzig, on prend quand m\u00eame. L\u2019Allemagne lui va si bien.<\/p>\n<blockquote class=\"twitter-tweet\">\n<p dir=\"ltr\" lang=\"fr\">Fin de ce match 5\ufe0f\u20e3 de la <a href=\"https:\/\/twitter.com\/hashtag\/Pr%C3%A9paTFC?src=hash&amp;ref_src=twsrc%5Etfw\" rel=\"nofollow noopener\" target=\"_blank\">#Pr\u00e9paTFC<\/a>.<a href=\"https:\/\/twitter.com\/hashtag\/VfBTFC?src=hash&amp;ref_src=twsrc%5Etfw\" rel=\"nofollow noopener\" target=\"_blank\">#VfBTFC<\/a> <a href=\"https:\/\/t.co\/kgqlMGvUGm\" rel=\"nofollow\">pic.twitter.com\/kgqlMGvUGm<\/a><\/p>\n<p>\u2014 Toulouse FC (@ToulouseFC) <a href=\"https:\/\/twitter.com\/ToulouseFC\/status\/1951667901850595819?ref_src=twsrc%5Etfw\" rel=\"nofollow noopener\" target=\"_blank\">August 2, 2025<\/a><\/p>\n<\/blockquote>\n<p>On a tellement h\u00e2te de conna\u00eetre le score du prochain match amical face au FC S\u00e9ville.<\/p>\n<p><script async src=\"https:\/\/platform.twitter.com\/widgets.js\" charset=\"utf-8\"><\/script><\/p>\n","protected":false},"excerpt":{"rendered":"Apr\u00e8s avoir donn\u00e9 naissance \u00e0 un homme-poisson dans sa ville en 2002, Toulouse devait se faire pardonner apr\u00e8s&hellip;\n","protected":false},"author":2,"featured_media":298526,"comment_status":"","ping_status":"","sticky":false,"template":"","format":"standard","meta":{"footnotes":""},"categories":[1412],"tags":[1451,1452,1453,1454,1455,1011,27,60],"class_list":{"0":"post-298525","1":"post","2":"type-post","3":"status-publish","4":"format-standard","5":"has-post-thumbnail","7":"category-f1","8":"tag-f1","9":"tag-formula-1","10":"tag-formula1","11":"tag-formule-1","12":"tag-formule1","13":"tag-fr","14":"tag-france","15":"tag-sports"},"share_on_mastodon":{"url":"https:\/\/pubeurope.com\/@fr\/114977231624082262","error":""},"_links":{"self":[{"href":"https:\/\/www.europesays.com\/fr\/wp-json\/wp\/v2\/posts\/298525","targetHints":{"allow":["GET"]}}],"collection":[{"href":"https:\/\/www.europesays.com\/fr\/wp-json\/wp\/v2\/posts"}],"about":[{"href":"https:\/\/www.europesays.com\/fr\/wp-json\/wp\/v2\/types\/post"}],"author":[{"embeddable":true,"href":"https:\/\/www.europesays.com\/fr\/wp-json\/wp\/v2\/users\/2"}],"replies":[{"embeddable":true,"href":"https:\/\/www.europesays.com\/fr\/wp-json\/wp\/v2\/comments?post=298525"}],"version-history":[{"count":0,"href":"https:\/\/www.europesays.com\/fr\/wp-json\/wp\/v2\/posts\/298525\/revisions"}],"wp:featuredmedia":[{"embeddable":true,"href":"https:\/\/www.europesays.com\/fr\/wp-json\/wp\/v2\/media\/298526"}],"wp:attachment":[{"href":"https:\/\/www.europesays.com\/fr\/wp-json\/wp\/v2\/media?parent=298525"}],"wp:term":[{"taxonomy":"category","embeddable":true,"href":"https:\/\/www.europesays.com\/fr\/wp-json\/wp\/v2\/categories?post=298525"},{"taxonomy":"post_tag","embeddable":true,"href":"https:\/\/www.europesays.com\/fr\/wp-json\/wp\/v2\/tags?post=298525"}],"curies":[{"name":"wp","href":"https:\/\/api.w.org\/{rel}","templated":true}]}}