{"id":29853,"date":"2025-04-16T19:50:31","date_gmt":"2025-04-16T19:50:31","guid":{"rendered":"https:\/\/www.europesays.com\/fr\/29853\/"},"modified":"2025-04-16T19:50:31","modified_gmt":"2025-04-16T19:50:31","slug":"afficher-sa-figurine-starter-pack-sur-linkedin-une-fausse-bonne-idee","status":"publish","type":"post","link":"https:\/\/www.europesays.com\/fr\/29853\/","title":{"rendered":"Afficher sa figurine \u00abstarter pack\u00bb sur LinkedIn, une fausse bonne id\u00e9e"},"content":{"rendered":"<p>              <a tabindex=\"-1\" title=\"Julie Eigenmann\" href=\"https:\/\/www.letemps.ch\/profil\/julie-eigenmann\" target=\"_blank\" rel=\"noopener\"><\/p>\n<p>                    <img decoding=\"async\" src=\"https:\/\/www.europesays.com\/fr\/wp-content\/uploads\/2025\/04\/1744833031_21_small.jpeg\" class=\"lazy\" alt=\"\"\/><\/p>\n<p><\/a>        <\/p>\n<p>    Publi\u00e9 le 15 avril 2025 \u00e0 07:25. \/ Modifi\u00e9 le 16 avril 2025 \u00e0 10:18.<\/p>\n<p> 3 min. de lecture<\/p>\n<p>Une image de figurine 3D \u00e0 votre effigie, qui semble sous plastique, fa\u00e7on \u00abjouet collector\u00bb. Et vous repr\u00e9sente, par exemple, en costume, tailleur ou autre uniforme, \u00e0 c\u00f4t\u00e9 de votre ordinateur, d\u2019un caf\u00e9, de vos outils de travail. C\u2019est le principe du \u00abstarter pack\u00bb personnalis\u00e9 que ChatGPT peut g\u00e9n\u00e9rer pour vous. Une tentation amusante \u00e0 laquelle vous avez peut-\u00eatre c\u00e9d\u00e9 comme de nombreux utilisateurs ces derniers jours, avant de partager le r\u00e9sultat sur vos r\u00e9seaux.<\/p>\n<p>Le concept n\u2019est au fond pas nouveau: r\u00e9sumer une personne ou un style de vie en compilant quelques images clich\u00e9es qui lui sont associ\u00e9es, et les partager sur les r\u00e9seaux sociaux comme Twitter, Tumblr ou Reddit se fait depuis des ann\u00e9es d\u00e9j\u00e0. Mais ChatGPT a permis de personnaliser et d\u2019uniformiser ces contenus devenus viraux sur TikTok notamment, avec des \u00abstarter packs\u00bb g\u00e9n\u00e9r\u00e9s pour des politiciens, des c\u00e9l\u00e9brit\u00e9s ou par de simples citoyens qui affichent ainsi, avec humour, leurs propres personnalit\u00e9, hobby ou m\u00e9tier. Web d\u00e9veloppeur, communicant, technicien\u2026 Sur LinkedIn aussi, nombre de travailleurs partagent ce \u00abprofil\u00bb professionnel que l\u2019IA a g\u00e9n\u00e9r\u00e9 pour eux.<\/p>\n<p>    Le reste de l\u2019article est r\u00e9serv\u00e9 \u00e0 nos abonn\u00e9s.<\/p>\n<p>&#13;<br \/>\nRejoignez une communaut\u00e9 de lecteurs engag\u00e9s et curieux. Acc\u00e9dez \u00e0 l\u2019information de qualit\u00e9 d\u00e8s CHF 29.- par mois.<\/p>\n<p>    <a class=\"button is-secondary\" data-event=\"click-&gt;clicked\" href=\"https:\/\/www.letemps.ch\/abonnements?wall_id=1\" target=\"_blank\" rel=\"noopener\">Je m\u2019abonne<\/a><\/p>\n<p class=\"post-subscribe__login\">\n        Vous avez d\u00e9j\u00e0 un compte ?<br \/>\n        <a class=\"link\" rel=\"nofollow noopener\" href=\"https:\/\/www.letemps.ch\/compte\/connexion?return_to=https%3A%2F%2Fwww.letemps.ch%2Feconomie%2Fcarrieres%2Fafficher-sa-figurine-starter-pack-sur-linkedin-une-fausse-bonne-idee\" target=\"_blank\">Se connecter<\/a>\n      <\/p>\n","protected":false},"excerpt":{"rendered":"Publi\u00e9 le 15 avril 2025 \u00e0 07:25. \/ Modifi\u00e9 le 16 avril 2025 \u00e0 10:18. 3 min. de&hellip;\n","protected":false},"author":2,"featured_media":29854,"comment_status":"","ping_status":"","sticky":false,"template":"","format":"standard","meta":{"footnotes":""},"categories":[8],"tags":[58,59,1011,27,301],"class_list":{"0":"post-29853","1":"post","2":"type-post","3":"status-publish","4":"format-standard","5":"has-post-thumbnail","7":"category-divertissement","8":"tag-divertissement","9":"tag-entertainment","10":"tag-fr","11":"tag-france","12":"tag-premium"},"share_on_mastodon":{"url":"https:\/\/pubeurope.com\/@fr\/114349383589095370","error":""},"_links":{"self":[{"href":"https:\/\/www.europesays.com\/fr\/wp-json\/wp\/v2\/posts\/29853","targetHints":{"allow":["GET"]}}],"collection":[{"href":"https:\/\/www.europesays.com\/fr\/wp-json\/wp\/v2\/posts"}],"about":[{"href":"https:\/\/www.europesays.com\/fr\/wp-json\/wp\/v2\/types\/post"}],"author":[{"embeddable":true,"href":"https:\/\/www.europesays.com\/fr\/wp-json\/wp\/v2\/users\/2"}],"replies":[{"embeddable":true,"href":"https:\/\/www.europesays.com\/fr\/wp-json\/wp\/v2\/comments?post=29853"}],"version-history":[{"count":0,"href":"https:\/\/www.europesays.com\/fr\/wp-json\/wp\/v2\/posts\/29853\/revisions"}],"wp:featuredmedia":[{"embeddable":true,"href":"https:\/\/www.europesays.com\/fr\/wp-json\/wp\/v2\/media\/29854"}],"wp:attachment":[{"href":"https:\/\/www.europesays.com\/fr\/wp-json\/wp\/v2\/media?parent=29853"}],"wp:term":[{"taxonomy":"category","embeddable":true,"href":"https:\/\/www.europesays.com\/fr\/wp-json\/wp\/v2\/categories?post=29853"},{"taxonomy":"post_tag","embeddable":true,"href":"https:\/\/www.europesays.com\/fr\/wp-json\/wp\/v2\/tags?post=29853"}],"curies":[{"name":"wp","href":"https:\/\/api.w.org\/{rel}","templated":true}]}}