{"id":298531,"date":"2025-08-05T17:04:11","date_gmt":"2025-08-05T17:04:11","guid":{"rendered":"https:\/\/www.europesays.com\/fr\/298531\/"},"modified":"2025-08-05T17:04:11","modified_gmt":"2025-08-05T17:04:11","slug":"la-plus-belle-facade-art-nouveau-de-paris-se-cache-dans-le-7e","status":"publish","type":"post","link":"https:\/\/www.europesays.com\/fr\/298531\/","title":{"rendered":"La plus belle fa\u00e7ade Art Nouveau de Paris se cache dans le 7e\u00a0"},"content":{"rendered":"<p>\t\t\t\t\t\t\t\t\t\t\t\t\t\t\t\t\t\t\t\t\t\t<img loading=\"lazy\" decoding=\"async\" src=\"https:\/\/www.europesays.com\/fr\/wp-content\/uploads\/2025\/08\/COUV-ARTICLES-1620x1080-60-1024x683.jpg\" class=\"img-fluid\" alt=\"fa\u00e7ade art nouveau\" width=\"1024\" height=\"683\"\/><\/p>\n<p>Dans le <strong>7e arrondissement de Paris<\/strong>, un immeuble ne passe pas inaper\u00e7u. Coinc\u00e9 entre deux b\u00e2timents haussmanniens classiques, le 29 avenue Rapp attire l\u2019\u0153il avec sa fa\u00e7ade richement d\u00e9cor\u00e9e. C\u2019est<strong> l\u2019immeuble Lavirotte<\/strong>, du nom de son architecte, Jules Lavirotte, construit en 1900 pour le c\u00e9ramiste Alexandre Bigot.<\/p>\n<p> La plus belle fa\u00e7ade Art Nouveau de Paris se cache dans le 7e <\/p>\n<p>D\u00e8s l\u2019ext\u00e9rieur, on comprend qu\u2019on a affaire \u00e0 un exemple rare d\u2019architecture <a href=\"https:\/\/parissecret.com\/monuments-symboles-art-nouveau-paris\/\" rel=\"noopener noreferrer nofollow\" target=\"_self\" class=\"shortcode-outbound-link\" data-has-ga=\"true\" data-ga-type=\"click\" data-label=\"https:\/\/parissecret.com\/monuments-symboles-art-nouveau-paris\/\" data-action=\"text_cta_0\" data-category=\"click_internal\">Art Nouveau \u00e0 Paris<\/a>. C\u00e9ramiques brillantes, colonnes d\u00e9cor\u00e9es, ferronneries sculpt\u00e9es\u2026 La fa\u00e7ade joue sur les contrastes, les textures et les formes irr\u00e9guli\u00e8res, dans un style tr\u00e8s diff\u00e9rent de ce qu\u2019on voit dans le quartier. Souvent cit\u00e9 parmi les grandes merveilles du genre en France, l\u2019immeuble Lavirotte le concours des <strong>plus belles fa\u00e7ades de la ville de Paris<\/strong>.<\/p>\n<p><img fetchpriority=\"high\" decoding=\"async\" class=\"alignnone size-full wp-image-193565\" src=\"https:\/\/www.europesays.com\/fr\/wp-content\/uploads\/2025\/08\/COUV-ARTICLES-1620x1080-61.jpg\" alt=\"balcon art nouveau\" width=\"1200\" height=\"800\"  \/><\/p>\n<p>Depuis 1964, l\u2019immeuble est class\u00e9 monument historique, et le classement a \u00e9t\u00e9 \u00e9tendu en 2015 au hall d\u2019entr\u00e9e et \u00e0 l\u2019escalier. Il a aussi re\u00e7u le label \u00ab patrimoine du XXe si\u00e8cle \u00bb. Jules Lavirotte s\u2019est inspir\u00e9 des cr\u00e9ations de <strong>Gaudi<\/strong> \u00e0 la m\u00eame \u00e9poque en Espagne, en jouant avec les lignes courbes, les reliefs et les mat\u00e9riaux naturels. Les fen\u00eatres ne sont pas toujours align\u00e9es, certaines d\u00e9passent ou sont l\u00e9g\u00e8rement d\u00e9cal\u00e9es. L\u2019ensemble donne une impression de mouvement, tr\u00e8s typique de l\u2019Art Nouveau.<\/p>\n<p><img loading=\"lazy\" decoding=\"async\" class=\"alignnone size-full wp-image-193566\" src=\"https:\/\/www.europesays.com\/fr\/wp-content\/uploads\/2025\/08\/COUV-ARTICLES-1620x1080-62.jpg\" alt=\"porte art nouveau\" width=\"1200\" height=\"800\"  \/><\/p>\n<p>Mais le d\u00e9tail que l\u2019on remarque imm\u00e9diatement, c\u2019est la <strong>porte d\u2019entr\u00e9e<\/strong> : massive, en bois sculpt\u00e9, encadr\u00e9e de pierre et de fer forg\u00e9, avec des motifs v\u00e9g\u00e9taux qui font \u00e9cho \u00e0 l\u2019ensemble du b\u00e2timent. Au milieu, on peut convenir que le motif est choisi est tr\u00e8s suggestif\u2026 C\u2019est en tout cas ce qui fait aussi l\u2019originalit\u00e9 de cette entr\u00e9e, et ce qui n\u2019a pas manqu\u00e9 de choquer le tout-Paris au tout d\u00e9but du XIXe si\u00e8cle.<\/p>\n<p>Aujourd\u2019hui encore, ce b\u00e2timent reste une <strong>curiosit\u00e9 dans le paysage parisien<\/strong>. Il ne se visite pas, car il est toujours habit\u00e9, mais rien que sa fa\u00e7ade vaut le d\u00e9tour. Pour qui s\u2019int\u00e9resse \u00e0 l\u2019architecture ou aux balades insolites dans Paris, l\u2019immeuble Lavirotte est clairement une adresse \u00e0 retenir. Et encore davantage si on affectionne particuli\u00e8rement l\u2019Art Nouveau.<\/p>\n<p>\ud83d\udccdLieu : Immeuble Lavirotte \u2013 29, avenue Rapp, 75007<\/p>\n","protected":false},"excerpt":{"rendered":"Dans le 7e arrondissement de Paris, un immeuble ne passe pas inaper\u00e7u. Coinc\u00e9 entre deux b\u00e2timents haussmanniens classiques,&hellip;\n","protected":false},"author":2,"featured_media":298532,"comment_status":"","ping_status":"","sticky":false,"template":"","format":"standard","meta":{"footnotes":""},"categories":[1358],"tags":[1348,1384,1385,1386,58,59,1011,27],"class_list":{"0":"post-298531","1":"post","2":"type-post","3":"status-publish","4":"format-standard","5":"has-post-thumbnail","7":"category-arts-et-design","8":"tag-arts","9":"tag-arts-and-design","10":"tag-arts-et-design","11":"tag-design","12":"tag-divertissement","13":"tag-entertainment","14":"tag-fr","15":"tag-france"},"share_on_mastodon":{"url":"https:\/\/pubeurope.com\/@fr\/114977247420584254","error":""},"_links":{"self":[{"href":"https:\/\/www.europesays.com\/fr\/wp-json\/wp\/v2\/posts\/298531","targetHints":{"allow":["GET"]}}],"collection":[{"href":"https:\/\/www.europesays.com\/fr\/wp-json\/wp\/v2\/posts"}],"about":[{"href":"https:\/\/www.europesays.com\/fr\/wp-json\/wp\/v2\/types\/post"}],"author":[{"embeddable":true,"href":"https:\/\/www.europesays.com\/fr\/wp-json\/wp\/v2\/users\/2"}],"replies":[{"embeddable":true,"href":"https:\/\/www.europesays.com\/fr\/wp-json\/wp\/v2\/comments?post=298531"}],"version-history":[{"count":0,"href":"https:\/\/www.europesays.com\/fr\/wp-json\/wp\/v2\/posts\/298531\/revisions"}],"wp:featuredmedia":[{"embeddable":true,"href":"https:\/\/www.europesays.com\/fr\/wp-json\/wp\/v2\/media\/298532"}],"wp:attachment":[{"href":"https:\/\/www.europesays.com\/fr\/wp-json\/wp\/v2\/media?parent=298531"}],"wp:term":[{"taxonomy":"category","embeddable":true,"href":"https:\/\/www.europesays.com\/fr\/wp-json\/wp\/v2\/categories?post=298531"},{"taxonomy":"post_tag","embeddable":true,"href":"https:\/\/www.europesays.com\/fr\/wp-json\/wp\/v2\/tags?post=298531"}],"curies":[{"name":"wp","href":"https:\/\/api.w.org\/{rel}","templated":true}]}}