{"id":298537,"date":"2025-08-05T17:07:13","date_gmt":"2025-08-05T17:07:13","guid":{"rendered":"https:\/\/www.europesays.com\/fr\/298537\/"},"modified":"2025-08-05T17:07:13","modified_gmt":"2025-08-05T17:07:13","slug":"les-progres-de-vianney-dans-son-projet-loin-de-la-musique-impressionnent","status":"publish","type":"post","link":"https:\/\/www.europesays.com\/fr\/298537\/","title":{"rendered":"les progr\u00e8s de Vianney dans son projet loin de la musique impressionnent"},"content":{"rendered":"<p><img decoding=\"async\" src=\"https:\/\/www.europesays.com\/fr\/wp-content\/uploads\/2025\/08\/photo_1754386133.jpg\" class=\"textcenter img-content\" loading=\"lazy\"\/>Instagram<br \/>\n<br \/>\nVianney ne ch\u00f4me pas. <a href=\"https:\/\/www.chartsinfrance.net\/Vianney\/news-132981.html\" target=\"_blank\" class=\"spip_out\" rel=\"nofollow noopener\">Fid\u00e8le \u00e0 son annonce<\/a> faite il y a quelques semaine sur les r\u00e9seaux sociaux, le jeune papa travaille \u00e0 temps complet sur son projet de construction d&rsquo;une cabane en pleine nature. Un petit havre de paix qui, une fois qu&rsquo;il sera construit, abritera <a href=\"https:\/\/www.chartsinfrance.net\/Vianney\/news-127909.html\" target=\"_blank\" class=\"spip_out\" rel=\"nofollow noopener\">l&rsquo;ex-coach de \u00ab\u00a0The Voice\u00a0\u00bb<\/a> le temps de composer les chansons qui garniront son prochain album ! Un projet longtemps m\u00fbri, qui va de paire avec un souhait de se recentrer et de reprendre go\u00fbt \u00e0 la musique. \u00ab Je me lance l\u00e0-dedans, je suis nul, j&rsquo;y connais rien mais je sais que j&rsquo;en ai besoin. Peut-\u00eatre qu&rsquo;il faut que je sois un peu charpentier pour r\u00e9apprendre \u00e0 devenir chanteur. Alors, je vais aller au bout de ce que je ressens puis je vous partagerai \u00e7a. On se revoit bient\u00f4t \u00bb avait-il expliqu\u00e9 en juin, \u00e0 la surprise g\u00e9n\u00e9rale.    <\/p>\n<p>Le player Dailymotion est en train de se charger&#8230;<\/p>\n<p>\u00ab\u00a0Je fais tout pour finir avant No\u00ebl\u00a0\u00bb<br \/>\nUn peu plus d&rsquo;un mois apr\u00e8s ce coup d&rsquo;envoi, le chanteur a d\u00e9j\u00e0 op\u00e9r\u00e9 des avanc\u00e9es significatives. Sur son compte YouTube, <a href=\"https:\/\/www.chartsinfrance.net\/Vianney\/news-132724.html\" target=\"_blank\" class=\"spip_out\" rel=\"nofollow noopener\">l&rsquo;artiste qui a d\u00e9sormais sa statue de cire au Mus\u00e9e Gr\u00e9vin<\/a> a d\u00e9voil\u00e9 une vid\u00e9o de plus de 6 minutes dans laquelle on d\u00e9couvre les pr\u00e9mices de son chantier. D\u00e9broussailleuse, tractopelle, scie \u00e9lectrique : Vianney r\u00e9alise, comme il l&rsquo;a promis, tout de A \u00e0 Z, \u00e0 commencer par la pr\u00e9paration du terrain qui abritera la cabane. <\/p>\n<p>Au fil de ces images muettes mais accompagn\u00e9es de sous-titres descriptifs, on aper\u00e7oit le chanteur monter la tente qui va l&rsquo;abriter le temps des travaux, faire son m\u00e9trage, couler le b\u00e9ton et \u00e9riger les premi\u00e8res fondations. Accompagn\u00e9 de quatre personnes lors de sa premi\u00e8re journ\u00e9e, Vianney explique avoir film\u00e9 seul, \u00e0 l&rsquo;aide d&rsquo;un tr\u00e9pied, les journ\u00e9es de travaux qui ont suivi. \u00ab Mon ma\u00e7on avait gentiment propos\u00e9 de me pr\u00eater sa pelleteuse pour creuser, mais la douche du soir n&rsquo;aurait pas eu la m\u00eame saveur. Et c&rsquo;est comme si j&rsquo;avais, ainsi, pris possession de l&rsquo;endroit, \u00e0 la force des bras \u00bb pr\u00e9cise en commentaire de la vid\u00e9o <a href=\"https:\/\/www.chartsinfrance.net\/Vianney\/news-129529.html\" target=\"_blank\" class=\"spip_out\" rel=\"nofollow noopener\">le chanteur de \u00ab\u00a0Beau papa\u00a0\u00bb<\/a>, qui admet avoir pris \u00ab un peu de retard \u00bb : \u00ab Je fais tout pour finir avant No\u00ebl. Vous pensez que j&rsquo;y arriverai ? \u00bb.<\/p>\n<\/p>\n<p>En commentaires de la vid\u00e9o, les fans de Vianney font part de leur admiration. \u00ab Il est jeune avec beaucoup d&rsquo;humilit\u00e9, bravo aux parents de lui avoir donn\u00e9 cette \u00e9ducation \u00bb peut-on lire. \u00ab Franchement toute mon admiration pour ce travail&#8230; Vous \u00eates dou\u00e9 et consciencieux \u00bb \u00e9crit un autre internaute, bluff\u00e9. \u00ab Je n&rsquo;\u00e9coute pas les chansons de Vianney, mais j&rsquo;aime beaucoup la personne, un mec bien \u00bb indique un autre utilisateur de YouTube, visiblement conquis. \u00ab Bravo pour ce bel exemple \u00bb souligne un fan apr\u00e8s avoir rappel\u00e9 que Vianney avait quelques temps roul\u00e9 sa bosse chez les scouts avant de devenir un chanteur c\u00e9l\u00e8bre : une exp\u00e9rience qui lui a sans doute donn\u00e9 pas mal de cl\u00e9s pour mener \u00e0 bien son actuel projet !<\/p>\n","protected":false},"excerpt":{"rendered":"Instagram Vianney ne ch\u00f4me pas. Fid\u00e8le \u00e0 son annonce faite il y a quelques semaine sur les r\u00e9seaux&hellip;\n","protected":false},"author":2,"featured_media":298538,"comment_status":"","ping_status":"","sticky":false,"template":"","format":"standard","meta":{"footnotes":""},"categories":[1355],"tags":[58,59,1011,27,1361,873],"class_list":{"0":"post-298537","1":"post","2":"type-post","3":"status-publish","4":"format-standard","5":"has-post-thumbnail","7":"category-musique","8":"tag-divertissement","9":"tag-entertainment","10":"tag-fr","11":"tag-france","12":"tag-music","13":"tag-musique"},"share_on_mastodon":{"url":"https:\/\/pubeurope.com\/@fr\/114977259153906178","error":""},"_links":{"self":[{"href":"https:\/\/www.europesays.com\/fr\/wp-json\/wp\/v2\/posts\/298537","targetHints":{"allow":["GET"]}}],"collection":[{"href":"https:\/\/www.europesays.com\/fr\/wp-json\/wp\/v2\/posts"}],"about":[{"href":"https:\/\/www.europesays.com\/fr\/wp-json\/wp\/v2\/types\/post"}],"author":[{"embeddable":true,"href":"https:\/\/www.europesays.com\/fr\/wp-json\/wp\/v2\/users\/2"}],"replies":[{"embeddable":true,"href":"https:\/\/www.europesays.com\/fr\/wp-json\/wp\/v2\/comments?post=298537"}],"version-history":[{"count":0,"href":"https:\/\/www.europesays.com\/fr\/wp-json\/wp\/v2\/posts\/298537\/revisions"}],"wp:featuredmedia":[{"embeddable":true,"href":"https:\/\/www.europesays.com\/fr\/wp-json\/wp\/v2\/media\/298538"}],"wp:attachment":[{"href":"https:\/\/www.europesays.com\/fr\/wp-json\/wp\/v2\/media?parent=298537"}],"wp:term":[{"taxonomy":"category","embeddable":true,"href":"https:\/\/www.europesays.com\/fr\/wp-json\/wp\/v2\/categories?post=298537"},{"taxonomy":"post_tag","embeddable":true,"href":"https:\/\/www.europesays.com\/fr\/wp-json\/wp\/v2\/tags?post=298537"}],"curies":[{"name":"wp","href":"https:\/\/api.w.org\/{rel}","templated":true}]}}