{"id":298553,"date":"2025-08-05T17:15:14","date_gmt":"2025-08-05T17:15:14","guid":{"rendered":"https:\/\/www.europesays.com\/fr\/298553\/"},"modified":"2025-08-05T17:15:14","modified_gmt":"2025-08-05T17:15:14","slug":"deux-enfants-retrouves-morts-dans-une-piscine-a-antibes-la-piste-de-la-noyade-accidentelle-se-precise","status":"publish","type":"post","link":"https:\/\/www.europesays.com\/fr\/298553\/","title":{"rendered":"Deux enfants retrouv\u00e9s morts dans une piscine \u00e0 Antibes: la piste de la noyade accidentelle se pr\u00e9cise"},"content":{"rendered":"<p>Deux enfants, \u00e2g\u00e9s de 7 et 8 ans, <a href=\"https:\/\/www.nicematin.com\/faits-divers\/-un-poignard-dans-leur-coeur-a-vie-deux-enfants-retrouves-morts-dans-une-piscine-a-antibes-le-maire-reagit-avec-emotion--996934\" rel=\"nofollow noopener\" target=\"_blank\">ont \u00e9t\u00e9 retrouv\u00e9s sans vie<\/a> samedi 4 ao\u00fbt aux alentours de 19 heures, dans une piscine hors sol situ\u00e9e dans le jardin d\u2019un pavillon de la commune d\u2019Antibes.<\/p>\n<p><a href=\"https:\/\/www.nicematin.com\/faits-divers\/deux-enfants-de-6-et-8-ans-retrouves-morts-dans-une-piscine-a-antibes-996907\" rel=\"nofollow noopener\" target=\"_blank\">Leur disparition avait \u00e9t\u00e9 signal\u00e9e quelques heures plus t\u00f4t<\/a> par leurs familles, inqui\u00e8tes de ne plus les voir revenir apr\u00e8s qu\u2019ils avaient \u00e9t\u00e9 aper\u00e7us pour la derni\u00e8re fois jouant \u00e0 l\u2019ext\u00e9rieur.<\/p>\n<p>Selon les premiers rapports du parquet de Grasse, c\u2019est en effectuant des recherches dans le voisinage que les secours et la police ont d\u00e9couvert les deux corps, \u00ab\u00a0sous la b\u00e2che de protection ordinairement d\u00e9pos\u00e9e \u00e0 c\u00f4t\u00e9 de la piscine\u00a0\u00bb.<\/p>\n<p>Malgr\u00e9 l\u2019intervention rapide des pompiers, les enfants n\u2019ont pu \u00eatre r\u00e9anim\u00e9s.<\/p>\n<p>Des examens toujours en cours<\/p>\n<p>              <img ci-src=\"https:\/\/www.nicematin.com\/faits-divers\/protec\/DATA_ART_16030861-20k7YyvU.jpe?vh=f581ac&amp;ci_seal=6ddd6fe416\" alt=\"\"\/><br \/>\n        Les gens du voyage sont install\u00e9s depuis longtemps sur le secteur. <strong>Photo Justine Meddah.<\/strong> <\/p>\n<p>Selon les premi\u00e8res constatations, la piste d\u2019un drame accidentel est privil\u00e9gi\u00e9e. Les autopsies pratiqu\u00e9es ce lundi ont renforc\u00e9 cette hypoth\u00e8se: \u00ab\u00a0\u00c0 ce stade, elles invitent \u00e0 \u00e9carter toute intervention d\u2019un tiers et \u00e0 retenir l\u2019hypoth\u00e8se d\u2019une noyade accidentelle.\u00a0\u00bb<\/p>\n<p>Des analyses anatomo-pathologiques et toxicologiques sont n\u00e9anmoins en cours pour compl\u00e9ter les examens.<\/p>\n<p>Le procureur de la R\u00e9publique de Grasse pr\u00e9cise que l\u2019enqu\u00eate ouverte pour recherche des causes de la mort se poursuivra \u00ab\u00a0dans les prochaines semaines\u00a0\u00bb, et qu\u2019aucune d\u00e9cision judiciaire ne pourra \u00eatre prise tant que l\u2019ensemble des \u00e9l\u00e9ments n\u2019auront pas \u00e9t\u00e9 analys\u00e9s.<\/p>\n","protected":false},"excerpt":{"rendered":"Deux enfants, \u00e2g\u00e9s de 7 et 8 ans, ont \u00e9t\u00e9 retrouv\u00e9s sans vie samedi 4 ao\u00fbt aux alentours&hellip;\n","protected":false},"author":2,"featured_media":298554,"comment_status":"","ping_status":"","sticky":false,"template":"","format":"standard","meta":{"footnotes":""},"categories":[4],"tags":[11,118,1011,27,303,12,25],"class_list":{"0":"post-298553","1":"post","2":"type-post","3":"status-publish","4":"format-standard","5":"has-post-thumbnail","7":"category-france","8":"tag-actualites","9":"tag-faits-divers","10":"tag-fr","11":"tag-france","12":"tag-justice","13":"tag-news","14":"tag-republique-francaise"},"share_on_mastodon":{"url":"https:\/\/pubeurope.com\/@fr\/114977290664797999","error":""},"_links":{"self":[{"href":"https:\/\/www.europesays.com\/fr\/wp-json\/wp\/v2\/posts\/298553","targetHints":{"allow":["GET"]}}],"collection":[{"href":"https:\/\/www.europesays.com\/fr\/wp-json\/wp\/v2\/posts"}],"about":[{"href":"https:\/\/www.europesays.com\/fr\/wp-json\/wp\/v2\/types\/post"}],"author":[{"embeddable":true,"href":"https:\/\/www.europesays.com\/fr\/wp-json\/wp\/v2\/users\/2"}],"replies":[{"embeddable":true,"href":"https:\/\/www.europesays.com\/fr\/wp-json\/wp\/v2\/comments?post=298553"}],"version-history":[{"count":0,"href":"https:\/\/www.europesays.com\/fr\/wp-json\/wp\/v2\/posts\/298553\/revisions"}],"wp:featuredmedia":[{"embeddable":true,"href":"https:\/\/www.europesays.com\/fr\/wp-json\/wp\/v2\/media\/298554"}],"wp:attachment":[{"href":"https:\/\/www.europesays.com\/fr\/wp-json\/wp\/v2\/media?parent=298553"}],"wp:term":[{"taxonomy":"category","embeddable":true,"href":"https:\/\/www.europesays.com\/fr\/wp-json\/wp\/v2\/categories?post=298553"},{"taxonomy":"post_tag","embeddable":true,"href":"https:\/\/www.europesays.com\/fr\/wp-json\/wp\/v2\/tags?post=298553"}],"curies":[{"name":"wp","href":"https:\/\/api.w.org\/{rel}","templated":true}]}}