{"id":298559,"date":"2025-08-05T17:18:16","date_gmt":"2025-08-05T17:18:16","guid":{"rendered":"https:\/\/www.europesays.com\/fr\/298559\/"},"modified":"2025-08-05T17:18:16","modified_gmt":"2025-08-05T17:18:16","slug":"secheresse-persistante-et-vigilance-accrue","status":"publish","type":"post","link":"https:\/\/www.europesays.com\/fr\/298559\/","title":{"rendered":"s\u00e9cheresse persistante et vigilance accrue"},"content":{"rendered":"<p>Depuis plusieurs semaines, la s\u00e9cheresse perdure sur le d\u00e9partement de Meurthe-et-Moselle, d\u2019o\u00f9 le passage au premier seuil d\u2019alerte s\u00e9cheresse, \u00e9mis le 4\u00a0juillet dernier par la pr\u00e9fecture.<\/p>\n<p>  Un niveau tr\u00e8s bas observ\u00e9 dans la Moselle<\/p>\n<p>Le cours d\u2019eau du Terrouin est particuli\u00e8rement affect\u00e9. Entre M\u00e9nil-la-Tour et Villey-Saint-\u00c9tienne, le lit de la rivi\u00e8re est ass\u00e9ch\u00e9 sur plusieurs portions. Seules subsistent quelques retenues d\u2019eau \u00e0 M\u00e9nil-la-Tour, o\u00f9 l\u2019on peut encore observer des n\u00e9nuphars, ou dans la carri\u00e8re de Villey-Saint-\u00c9tienne.<\/p>\n<p>Du c\u00f4t\u00e9 de la Moselle, le d\u00e9bit a fortement baiss\u00e9. On peut observer un niveau tr\u00e8s bas \u00e0 Gondreville ou lorsqu\u2019on franchit le pont de l\u2019\u00e9changeur de la Queue de Chat, \u00e0 Toul.<\/p>\n<p>Les pr\u00e9cipitations r\u00e9centes n\u2019ont pas permis d\u2019am\u00e9liorer la situation hydrologique.<\/p>\n<p>Une nouvelle hausse des temp\u00e9ratures est annonc\u00e9e dans les prochaines semaines, ce qui pourrait entra\u00eener un durcissement des mesures de restriction.<\/p>\n<p>Les restrictions d\u2019usage de l\u2019eau restent en vigueur pour le lavage des voitures, le nettoyage \u00e0 haute pression et le remplissage des piscines.<\/p>\n","protected":false},"excerpt":{"rendered":"Depuis plusieurs semaines, la s\u00e9cheresse perdure sur le d\u00e9partement de Meurthe-et-Moselle, d\u2019o\u00f9 le passage au premier seuil d\u2019alerte&hellip;\n","protected":false},"author":2,"featured_media":298560,"comment_status":"","ping_status":"","sticky":false,"template":"","format":"standard","meta":{"footnotes":""},"categories":[9653],"tags":[1111,11,2430,11735,1705,1777,674,1011,27,12,25,4001,104,19671],"class_list":{"0":"post-298559","1":"post","2":"type-post","3":"status-publish","4":"format-standard","5":"has-post-thumbnail","7":"category-saint-etienne","8":"tag-actu","9":"tag-actualites","10":"tag-auvergne-rhone-alpes","11":"tag-cc-terres-touloises-54d","12":"tag-edition-toul","13":"tag-eu","14":"tag-europe","15":"tag-fr","16":"tag-france","17":"tag-news","18":"tag-republique-francaise","19":"tag-saint-etienne","20":"tag-societe","21":"tag-villey-saint-etienne"},"share_on_mastodon":{"url":"https:\/\/pubeurope.com\/@fr\/114977302286132919","error":""},"_links":{"self":[{"href":"https:\/\/www.europesays.com\/fr\/wp-json\/wp\/v2\/posts\/298559","targetHints":{"allow":["GET"]}}],"collection":[{"href":"https:\/\/www.europesays.com\/fr\/wp-json\/wp\/v2\/posts"}],"about":[{"href":"https:\/\/www.europesays.com\/fr\/wp-json\/wp\/v2\/types\/post"}],"author":[{"embeddable":true,"href":"https:\/\/www.europesays.com\/fr\/wp-json\/wp\/v2\/users\/2"}],"replies":[{"embeddable":true,"href":"https:\/\/www.europesays.com\/fr\/wp-json\/wp\/v2\/comments?post=298559"}],"version-history":[{"count":0,"href":"https:\/\/www.europesays.com\/fr\/wp-json\/wp\/v2\/posts\/298559\/revisions"}],"wp:featuredmedia":[{"embeddable":true,"href":"https:\/\/www.europesays.com\/fr\/wp-json\/wp\/v2\/media\/298560"}],"wp:attachment":[{"href":"https:\/\/www.europesays.com\/fr\/wp-json\/wp\/v2\/media?parent=298559"}],"wp:term":[{"taxonomy":"category","embeddable":true,"href":"https:\/\/www.europesays.com\/fr\/wp-json\/wp\/v2\/categories?post=298559"},{"taxonomy":"post_tag","embeddable":true,"href":"https:\/\/www.europesays.com\/fr\/wp-json\/wp\/v2\/tags?post=298559"}],"curies":[{"name":"wp","href":"https:\/\/api.w.org\/{rel}","templated":true}]}}