{"id":298573,"date":"2025-08-05T17:31:29","date_gmt":"2025-08-05T17:31:29","guid":{"rendered":"https:\/\/www.europesays.com\/fr\/298573\/"},"modified":"2025-08-05T17:31:29","modified_gmt":"2025-08-05T17:31:29","slug":"deteriorees-deux-horloges-emblematiques-remises-a-neuf-par-la-ville","status":"publish","type":"post","link":"https:\/\/www.europesays.com\/fr\/298573\/","title":{"rendered":"d\u00e9t\u00e9rior\u00e9es, deux horloges embl\u00e9matiques remises \u00e0 neuf par la Ville"},"content":{"rendered":"<p>            Par<br \/>\n        <strong><br \/>\n            <a href=\"https:\/\/actu.fr\/auteur\/laurene-fertin\" title=\"Consulter tous les articles de Laur\u00e8ne Fertin\" target=\"_blank\" rel=\"noopener\">Laur\u00e8ne Fertin<\/a><br \/>\n        <\/strong><\/p>\n<p>        Publi\u00e9 le<\/p>\n<p>            5 ao\u00fbt 2025 \u00e0 6h32        <\/p>\n<p>Vous n\u2019avez pas l\u2019heure\u2009? Il suffit d\u00e9sormais de lever la t\u00eate. Depuis le 23 juillet 2025, dans la capitale bretonne, <strong>place des Lices<\/strong> et <strong>dalle Kennedy, deux horloges embl\u00e9matiques<\/strong> ont \u00e9t\u00e9 <strong>restaur\u00e9es<\/strong> par la Direction du patrimoine b\u00e2ti de la Ville de Rennes, dans le cadre du <strong>budget participatif<\/strong>.<\/p>\n<p class=\" wall-content\">Comme l\u2019explique la Ville dans un communiqu\u00e9, il a fallu <strong>un mois de travaux<\/strong> pour remettre sur pied les horloges et les ossatures <strong>d\u00e9t\u00e9rior\u00e9es<\/strong> par le temps et les d\u00e9gradations.<\/p>\n<p>\u00ab\u2009Se donner rendez-vous\u2009\u00bb<\/p>\n<p class=\" wall-content\">\u00ab\u2009\u00c0 Rennes, il y a <strong>trois horloges<\/strong> dont deux qui \u00e9taient en panne\u2009: celle de la place des Lices et celle sur la dalle Kennedy\u2009\u00bb, raconte Serge Loquen, porteur du projet. Ainsi, pour conna\u00eetre l\u2019heure, on ne pouvait se r\u00e9f\u00e9rer qu\u2019\u00e0 l\u2019horloge pr\u00e9sente sur <strong>la mairie.<\/strong><\/p>\n<blockquote class=\"ac-article-quote wall-content\">\n<p>D&rsquo;o\u00f9 ma proposition de la r\u00e9parer pour avoir un lieu pour se donner rendez-vous au march\u00e9 des Lices le samedi matin et de redonner de la valeur \u00e0 cette horloge.<\/p>\n<p>    <strong>Serge Loquen<\/strong><br \/>\n        Porteur du projet    <\/p><\/blockquote>\n<p>Des travaux en deux temps<\/p>\n<p class=\" wall-content\">C\u00f4t\u00e9 travaux, une enveloppe de <strong>10\u2009000\u00a0euros<\/strong> a \u00e9t\u00e9 accord\u00e9e \u00e0 cette restauration r\u00e9alis\u00e9e pendant quatre semaines\u2009:<\/p>\n<ul class=\" wall-content\">\n<li><strong>les ossatures,<\/strong> prot\u00e9g\u00e9es au titre des B\u00e2timents de France, ont \u00e9t\u00e9 restaur\u00e9es et repeintes par l\u2019entreprise Cr\u00e9z\u00e9, un atelier de m\u00e9tallerie situ\u00e9 \u00e0 Saint-Jacques-de-la-Lande\u2009;<\/li>\n<li><strong>les horloges<\/strong> ont \u00e9t\u00e9 fabriqu\u00e9es sur mesure par l\u2019entreprise Bodet, sp\u00e9cialiste dans l\u2019horlogerie et implant\u00e9e \u00e0 Cholet.<\/li>\n<\/ul>\n<p>Le budget participatif<\/p>\n<p>Le budget participatif permet de r\u00e9aliser, chaque ann\u00e9e, \u00ab\u00a0les id\u00e9es propos\u00e9es par les Rennaises et les Rennais pour am\u00e9liorer le cadre de vie, renforcer la solidarit\u00e9 ou encore valoriser l\u2019environnement urbain\u00a0\u00bb.<\/p>\n<p>La Ville de Rennes a lanc\u00e9, pour cette ann\u00e9e 2025, la 6\u1d49 \u00e9dition de son budget participatif. 64 id\u00e9es ont \u00e9t\u00e9 retenues. Au total, depuis 2015, 200 projets ont \u00e9t\u00e9 r\u00e9alis\u00e9s.<\/p>\n<p>Des ex\u00e9cutions publiques<\/p>\n<p class=\" wall-content\">L\u2019horloge de la place des Lices a <strong>une histoire bien particuli\u00e8re<\/strong>\u2009: celle-ci occupait un emplacement sur lequel \u00e9taient r\u00e9alis\u00e9es autrefois <strong>les ex\u00e9cutions publiques<\/strong> par le biais <strong>des potences\u00a0<\/strong>jusqu\u2019aux XVI\u1d49 et XVII\u1d49 si\u00e8cles.<\/p>\n<blockquote class=\"ac-article-quote wall-content\">\n<p>Ce contexte historique expliquerait \u00e9galement le nom de la rue voisine, la rue des Innocents \u2014 que certains Rennais avaient surnomm\u00e9e \u00ab la rue des innocents pendus \u00bb, en \u00e9cho \u00e0 des soup\u00e7ons d\u2019erreurs judiciaires ayant entach\u00e9 certaines condamnations.<\/p>\n<p>    <strong>Ville de Rennes<\/strong>\n            <\/p><\/blockquote>\n<p class=\" wall-content\"><strong>La date d\u2019installation de l\u2019horloge<\/strong>, demeure, quant \u00e0 elle, <strong>incertaine.<\/strong> \u00ab\u2009On estime que celle-ci a \u00e9t\u00e9 install\u00e9e \u00e0 la fin des ann\u00e9es <strong>1980<\/strong> ou au d\u00e9but des ann\u00e9es <strong>1990,<\/strong> \u00e0 une \u00e9poque o\u00f9 <strong>d\u2019importants travaux<\/strong> furent entrepris et o\u00f9 les halles furent class\u00e9es au titre des Monuments historiques\u2009\u00bb, pr\u00e9cise la Ville.<\/p>\n<p class=\" wall-content\">Suivez toute l\u2019actualit\u00e9 de vos villes et m\u00e9dias favoris en vous inscrivant \u00e0 <a href=\"https:\/\/moncompte.actu.fr\" title=\"D\u00e9couvez Mon Actu\" rel=\"nofollow noopener\" data-trk=\"{&quot;cta&quot;:{&quot;action&quot;:&quot;https:\\\/\\\/moncompte.actu.fr&quot;,&quot;category&quot;:&quot;mon compte&quot;,&quot;from&quot;:&quot;article footer&quot;,&quot;name&quot;:&quot;Mon actu&quot;,&quot;type&quot;:&quot;cta&quot;}}\" target=\"_blank\">Mon Actu<\/a>.<\/p>\n","protected":false},"excerpt":{"rendered":"Par Laur\u00e8ne Fertin Publi\u00e9 le 5 ao\u00fbt 2025 \u00e0 6h32 Vous n\u2019avez pas l\u2019heure\u2009? Il suffit d\u00e9sormais de&hellip;\n","protected":false},"author":2,"featured_media":298574,"comment_status":"","ping_status":"","sticky":false,"template":"","format":"standard","meta":{"footnotes":""},"categories":[2821],"tags":[1111,11,829,1777,674,1011,27,937,12,584,25,104,2086],"class_list":{"0":"post-298573","1":"post","2":"type-post","3":"status-publish","4":"format-standard","5":"has-post-thumbnail","7":"category-rennes","8":"tag-actu","9":"tag-actualites","10":"tag-bretagne","11":"tag-eu","12":"tag-europe","13":"tag-fr","14":"tag-france","15":"tag-histoire","16":"tag-news","17":"tag-rennes","18":"tag-republique-francaise","19":"tag-societe","20":"tag-travaux"},"share_on_mastodon":{"url":"https:\/\/pubeurope.com\/@fr\/114977353551222127","error":""},"_links":{"self":[{"href":"https:\/\/www.europesays.com\/fr\/wp-json\/wp\/v2\/posts\/298573","targetHints":{"allow":["GET"]}}],"collection":[{"href":"https:\/\/www.europesays.com\/fr\/wp-json\/wp\/v2\/posts"}],"about":[{"href":"https:\/\/www.europesays.com\/fr\/wp-json\/wp\/v2\/types\/post"}],"author":[{"embeddable":true,"href":"https:\/\/www.europesays.com\/fr\/wp-json\/wp\/v2\/users\/2"}],"replies":[{"embeddable":true,"href":"https:\/\/www.europesays.com\/fr\/wp-json\/wp\/v2\/comments?post=298573"}],"version-history":[{"count":0,"href":"https:\/\/www.europesays.com\/fr\/wp-json\/wp\/v2\/posts\/298573\/revisions"}],"wp:featuredmedia":[{"embeddable":true,"href":"https:\/\/www.europesays.com\/fr\/wp-json\/wp\/v2\/media\/298574"}],"wp:attachment":[{"href":"https:\/\/www.europesays.com\/fr\/wp-json\/wp\/v2\/media?parent=298573"}],"wp:term":[{"taxonomy":"category","embeddable":true,"href":"https:\/\/www.europesays.com\/fr\/wp-json\/wp\/v2\/categories?post=298573"},{"taxonomy":"post_tag","embeddable":true,"href":"https:\/\/www.europesays.com\/fr\/wp-json\/wp\/v2\/tags?post=298573"}],"curies":[{"name":"wp","href":"https:\/\/api.w.org\/{rel}","templated":true}]}}