{"id":298587,"date":"2025-08-05T17:38:15","date_gmt":"2025-08-05T17:38:15","guid":{"rendered":"https:\/\/www.europesays.com\/fr\/298587\/"},"modified":"2025-08-05T17:38:15","modified_gmt":"2025-08-05T17:38:15","slug":"le-passager-mis-en-examen-pour-non-assistance-a-personne-en-peril-le-conducteur-toujours-recherche","status":"publish","type":"post","link":"https:\/\/www.europesays.com\/fr\/298587\/","title":{"rendered":"le passager mis en examen pour \u00ab\u00a0non-assistance \u00e0 personne en p\u00e9ril\u00a0\u00bb, le conducteur toujours recherch\u00e9"},"content":{"rendered":"<p>Le passager du Volskwagen Touran, impliqu\u00e9 dans la collision mortelle du 2\u00a0ao\u00fbt, avenue de Nantes \u00e0 Poitiers, a \u00e9t\u00e9 d\u00e9f\u00e9r\u00e9 au parquet de Poitiers \u00e0 l\u2019issue de sa garde \u00e0 vue.<\/p>\n<p>\u00ab\u00a0Il a \u00e9t\u00e9 mis en examen du chef de non-assistance \u00e0 personne en p\u00e9ril\u00a0\u00bb, a pr\u00e9cis\u00e9 Jean-Dominique Trippier, procureur adjoint au parquet de Poitiers. Il a \u00e9t\u00e9 remis en libert\u00e9 mais plac\u00e9 sous contr\u00f4le judiciaire. Le conducteur est toujours recherch\u00e9.<\/p>\n<p>Le passager mis en examen pour \u00ab\u00a0non-assistance \u00e0 personne en p\u00e9ril\u00a0\u00bb<\/p>\n<p>La collision s\u2019\u00e9tait produite au croisement de l\u2019avenue de Nantes et des rues de Bel-Air et Rique-Avoine, vers 15\u00a0h\u00a040, samedi 2\u00a0ao\u00fbt. Le Wolskwagen Touran arrivant de la rue Rique-Avoine roulait particuli\u00e8rement vite et avait grill\u00e9 le feu avant de percuter une Opel conduite par Brigitte Lopaczak, une Poitevine \u00e2g\u00e9e de 68\u00a0ans, d\u00e9c\u00e9d\u00e9e des suites de ses blessures.<\/p>\n","protected":false},"excerpt":{"rendered":"Le passager du Volskwagen Touran, impliqu\u00e9 dans la collision mortelle du 2\u00a0ao\u00fbt, avenue de Nantes \u00e0 Poitiers, a&hellip;\n","protected":false},"author":2,"featured_media":298588,"comment_status":"","ping_status":"","sticky":false,"template":"","format":"standard","meta":{"footnotes":""},"categories":[2818],"tags":[1392,1111,11,1777,674,274,1011,27,766,12,2636,1653,25,1584],"class_list":{"0":"post-298587","1":"post","2":"type-post","3":"status-publish","4":"format-standard","5":"has-post-thumbnail","7":"category-nantes","8":"tag-a-la-une-local","9":"tag-actu","10":"tag-actualites","11":"tag-eu","12":"tag-europe","13":"tag-faits-divers-justice","14":"tag-fr","15":"tag-france","16":"tag-nantes","17":"tag-news","18":"tag-pays-de-la-loire","19":"tag-poitiers","20":"tag-republique-francaise","21":"tag-vienne"},"share_on_mastodon":{"url":"https:\/\/pubeurope.com\/@fr\/114977381019017315","error":""},"_links":{"self":[{"href":"https:\/\/www.europesays.com\/fr\/wp-json\/wp\/v2\/posts\/298587","targetHints":{"allow":["GET"]}}],"collection":[{"href":"https:\/\/www.europesays.com\/fr\/wp-json\/wp\/v2\/posts"}],"about":[{"href":"https:\/\/www.europesays.com\/fr\/wp-json\/wp\/v2\/types\/post"}],"author":[{"embeddable":true,"href":"https:\/\/www.europesays.com\/fr\/wp-json\/wp\/v2\/users\/2"}],"replies":[{"embeddable":true,"href":"https:\/\/www.europesays.com\/fr\/wp-json\/wp\/v2\/comments?post=298587"}],"version-history":[{"count":0,"href":"https:\/\/www.europesays.com\/fr\/wp-json\/wp\/v2\/posts\/298587\/revisions"}],"wp:featuredmedia":[{"embeddable":true,"href":"https:\/\/www.europesays.com\/fr\/wp-json\/wp\/v2\/media\/298588"}],"wp:attachment":[{"href":"https:\/\/www.europesays.com\/fr\/wp-json\/wp\/v2\/media?parent=298587"}],"wp:term":[{"taxonomy":"category","embeddable":true,"href":"https:\/\/www.europesays.com\/fr\/wp-json\/wp\/v2\/categories?post=298587"},{"taxonomy":"post_tag","embeddable":true,"href":"https:\/\/www.europesays.com\/fr\/wp-json\/wp\/v2\/tags?post=298587"}],"curies":[{"name":"wp","href":"https:\/\/api.w.org\/{rel}","templated":true}]}}